{"id":8911,"date":"2019-08-30T17:16:14","date_gmt":"2019-08-30T20:16:14","guid":{"rendered":"https:\/\/www.nomus.com.br\/blog-industrial\/?p=8911"},"modified":"2026-02-19T07:41:56","modified_gmt":"2026-02-19T10:41:56","slug":"gestao-horizontal","status":"publish","type":"post","link":"https:\/\/www.nomus.com.br\/blog-industrial\/gestao-horizontal\/","title":{"rendered":"Gest\u00e3o Horizontal: o que \u00e9, e como ativar na sua empresa"},"content":{"rendered":"\n<div class=\"text-center\"><a href=\"http:\/\/material.nomus.com.br\/ebook-chao-de-fabrica-2016\" target=\"_blank\" class=\"bannergerado\"><img decoding=\"async\" id=\"BannerManual\" data-src=\"https:\/\/www.nomus.com.br\/wp-content\/uploads\/2025\/05\/banner-blog-ebook-chao-fabrica.jpg\" alt=\"Ch\u00e3o de f\u00e1brica\" class=\"size-full bannerpadrao lazyload\" src=\"data:image\/svg+xml;base64,PHN2ZyB3aWR0aD0iMSIgaGVpZ2h0PSIxIiB4bWxucz0iaHR0cDovL3d3dy53My5vcmcvMjAwMC9zdmciPjwvc3ZnPg==\"><\/a><\/div>\n\n\n\n<p>Para compreender <strong>o que \u00e9 a gest\u00e3o horizontal<\/strong>, antes de tudo \u00e9 necess\u00e1rio entender a vertical. <\/p>\n\n\n\n<p>A gest\u00e3o vertical \u00e9 o modelo na grande maioria das empresas de hoje, baseada na hierarquia. <\/p>\n\n\n\n<p>Entretanto, cada vez mais as empresas t\u00eam investido no modelo alternativo a ela, <strong>a gest\u00e3o horizontal<\/strong>.<\/p>\n\n\n\n<p>A gest\u00e3o horizontal \u00e9 um caminho que se mostra cada vez mais vi\u00e1vel para os gestores que acreditam que os seus colaboradores devem ter mais autonomia para terem mais rendimentos. <\/p>\n\n\n\n<p>Basicamente, essa ideia de gest\u00e3o surge para que os funcion\u00e1rios continuem engajados e empenhados. Todo gestor sabe qu\u00e3o importante \u00e9 o <a href=\"https:\/\/www.nomus.com.br\/blog-industrial\/10-tarefas-que-definem-funcao-analista-de-pcp-em-uma-industria\/\">papel de cada colaborador<\/a> dentro de uma empresa e esse \u00e9 um jeito de mostrar isso a eles tamb\u00e9m.<\/p>\n\n\n\n<p>Grandes multinacionais cada vez mais t\u00eam colocado esse modo de gest\u00e3o em pr\u00e1tica. <\/p>\n\n\n\n<p>Al\u00e9m disso, tamb\u00e9m s\u00e3o altamente conhecidas pela capacidade t\u00e9cnica que os seus produtos e servi\u00e7os oferecem, tornando-se refer\u00eancia por sua gest\u00e3o. Esse \u00e9 o caso na Netflix e no Google, por exemplo.<\/p>\n\n\n\n<figure class=\"wp-block-image\"><img decoding=\"async\" width=\"620\" height=\"405\" data-src=\"https:\/\/www.nomus.com.br\/blog-industrial\/wp-content\/uploads\/2019\/08\/gest\u00e3o-horizontal.jpg\" alt=\"\" class=\"wp-image-8914 lazyload\" data-srcset=\"https:\/\/www.nomus.com.br\/blog-industrial\/wp-content\/uploads\/2019\/08\/gest\u00e3o-horizontal.jpg 620w, https:\/\/www.nomus.com.br\/blog-industrial\/wp-content\/uploads\/2019\/08\/gest\u00e3o-horizontal-345x225.jpg 345w\" data-sizes=\"(max-width: 620px) 100vw, 620px\" src=\"data:image\/svg+xml;base64,PHN2ZyB3aWR0aD0iMSIgaGVpZ2h0PSIxIiB4bWxucz0iaHR0cDovL3d3dy53My5vcmcvMjAwMC9zdmciPjwvc3ZnPg==\" style=\"--smush-placeholder-width: 620px; --smush-placeholder-aspect-ratio: 620\/405;\" \/><\/figure>\n\n\n\n<h2 class=\"wp-block-heading\" id=\"o-que-e-gestao-horizontal\">O que \u00e9 Gest\u00e3o Horizontal?<\/h2>\n\n\n\n<p>Como j\u00e1 mencionado, essa forma de gerir uma empresa vem revolucionando, como uma maneira din\u00e2mica. <\/p>\n\n\n\n<p>Em sua estrutura os funcion\u00e1rios t\u00eam liberdade para tomar suas pr\u00f3prias decis\u00f5es e, dessa forma, conseguir ser o mais conveniente poss\u00edvel, prestando conta apenas ao gerente.<\/p>\n\n\n\n<p>Por n\u00e3o possuir um n\u00edvel hier\u00e1rquico, instrui e <a href=\"https:\/\/www.nomus.com.br\/blog-industrial\/como-motivar-e-conquistar-a-parceria-dos-colaboradores-de-uma-fabrica\/\">capacita os seus colaboradores<\/a> para que consigam tomar as melhores decis\u00f5es poss\u00edveis, tanto para ele quanto para a empresa. <\/p>\n\n\n\n<p>Para isso, eles necessitam ter conhecimento de todos os processos di\u00e1rios para que executem, da melhor maneira poss\u00edvel, as suas fun\u00e7\u00f5es operacionais.<\/p>\n\n\n\n<p>Outro ponto \u00e9 fazer com que a equipe trabalhe com objetivos e metas de curto, m\u00e9dio e longo prazo. <\/p>\n\n\n\n<p>Com esse funcionamento, \u00e9 poss\u00edvel que cada um da equipe saiba o que tem que fazer e conseguem se programar para cada uma das atividades que precisam executar.<\/p>\n\n\n\n<p>Isso n\u00e3o significa que n\u00e3o\nexistem chefes. Sempre que algu\u00e9m fala sobre ter a pr\u00f3pria liberdade para tomar\ndecis\u00f5es, vem a cabe\u00e7a a desordem, a indisciplina e um ambiente sem um c\u00f3digo\nde moral e \u00e9tica. N\u00e3o \u00e9 isso o que ocorre.<\/p>\n\n\n\n<p>O contr\u00e1rio, na verdade esse modelo fundamenta-se na ordem. <\/p>\n\n\n\n<p>Ele segue o sentido de que, quanto mais f\u00e1cil for para uma pessoa executar as suas fun\u00e7\u00f5es, melhor ela vai render e de mais rapidamente<\/p>\n\n\n\n<p>Al\u00e9m disso, normalmente h\u00e1 uma esp\u00e9cie de <a href=\"https:\/\/www.nomus.com.br\/blog-industrial\/agenda-do-lider\/\">\u2018l\u00edder\u2019 respons\u00e1vel<\/a> por cada setor. Dessa forma, ele consegue manter-se informado sobre tudo o que acontece, al\u00e9m de ter uma influ\u00eancia positiva em seus funcion\u00e1rios.<\/p>\n\n\n\n<p>Uma gest\u00e3o horizontal n\u00e3o significa ter a ger\u00eancia ausente. <\/p>\n\n\n\n<p>Ela apenas permite que os colaboradores tenham liberdade o suficiente, acreditando sempre em capacidade de tomar decis\u00f5es, sempre com finalidade em cumprir os seus objetivos e metas finais.<\/p>\n\n\n\n<p><strong>Veja tamb\u00e9m: <\/strong><a href=\"https:\/\/www.nomus.com.br\/blog-industrial\/dicas-para-alcancar-previsao-de-venda\/\"><strong>6 dicas para superar metas definidas no relat\u00f3rio de previs\u00e3o de venda<\/strong><\/a><\/p>\n\n\n\n<h2 class=\"wp-block-heading\" id=\"quais-as-principais-vantagens-da-gestao-horizontal\">Quais as principais vantagens da Gest\u00e3o Horizontal?<\/h2>\n\n\n\n<p>Uma empresa s\u00f3 vai implementar um novo modelo de gest\u00e3o se for vantajoso para ela, certo? <\/p>\n\n\n\n<p>Tendo isso em mente, aqui temos alguns dos principais benef\u00edcios dessa gest\u00e3o:<\/p>\n\n\n\n<ul class=\"wp-block-list\"><li>equipe\nmultifuncional;<\/li><li>funcion\u00e1rios\ncomprometidos;<\/li><li>agilidade\nem resolver problemas;<\/li><li>menor\nfluxo de trabalho;<\/li><li>desenvoltura\nem tomar decis\u00f5es.<\/li><\/ul>\n\n\n\n<h2 class=\"wp-block-heading\" id=\"implemente-uma-cultura-na-sua-empresa\">Implemente uma cultura na sua empresa<\/h2>\n\n\n\n<p>A ideia de cultura empresarial tem crescido cada vez mais dentro dos empreendimentos e organiza\u00e7\u00f5es e pode ser muito \u00fatil para a gest\u00e3o horizontal. <\/p>\n\n\n\n<p>A ideia \u00e9 que a empresa tenha um conjunto de filosofias, cren\u00e7as, valores e ideias compartilhadas entre todos os funcion\u00e1rios. Dessa forma, \u00e9 poss\u00edvel criar um ambiente em que um consegue se ver no outro, criando uma pol\u00edtica de identifica\u00e7\u00e3o.<\/p>\n\n\n\n<p>No Brasil, vou usar como par\u00e2metro o Grupo Ideal Trends, empresa em que trabalho e que tem a sua cultura fortemente ligado \u00e0 gest\u00e3o empresarial.<\/p>\n\n\n\n<h2 class=\"wp-block-heading\" id=\"conheca-mais-sobre-o-grupo-ideal-trends\">Conhe\u00e7a mais sobre o\nGrupo Ideal Trends<\/h2>\n\n\n\n<p>O Grupo Ideal Trends foi\nidealizado por um empres\u00e1rio do ramo da tecnologia, Jos\u00e9 Paulo Pereira da\nSilva. Atualmente, o Grupo Ideal Trends consiste em 21 empresas de diferentes\nsegmentos, como sa\u00fade, marketing digital, cosm\u00e9ticos, entre outros.<\/p>\n\n\n\n<p>A cultura empresarial do <a href=\"https:\/\/www.idealtrends.com.br\/principios\" target=\"_blank\" rel=\"noreferrer noopener\" aria-label=\" (opens in a new tab)\">Grupo Ideal Trends<\/a>, pensadas pelo seu idealizador prop\u00f5e que os seus funcion\u00e1rios tenham e saibam lidar com \u2018liberdade com responsabilidade\u2019, pois acredita que os dois sempre andam juntos e podem ser incrivelmente ben\u00e9ficas para que as etapas sejam agilizadas, garantindo um ambiente equilibrado e harm\u00f4nico.<\/p>\n\n\n\n<p>Todas as viv\u00eancias, tanto pessoais como profissionais, do <a href=\"https:\/\/www.nomus.com.br\/blog-industrial\/ceo\/\">CEO<\/a> Jos\u00e9 Paulo foram fundamentais para basear e implantar uma cultura formulada em dez princ\u00edpios.<\/p>\n\n\n\n<p>Sendo assim, \u00e9 por esses\nprinc\u00edpios que o Grupo Ideal Trends existe:<\/p>\n\n\n\n<ol class=\"wp-block-list\"><li>Sonhar grande;<\/li><li><a href=\"https:\/\/www.nomus.com.br\/blog-industrial\/meritocracia\/\">Meritocracia<\/a>;<\/li><li>Formar l\u00edderes;<\/li><li>Ser exemplo;<\/li><li>Resultados;<\/li><li>Agir como dono;<\/li><li>Simplicidade e franqueza;<\/li><li>Empresa enxuta<\/li><li>Trabalhar duro;<\/li><li>Integridade.<\/li><\/ol>\n\n\n\n<p>Veja tamb\u00e9m: <a href=\"https:\/\/www.nomus.com.br\/blog-industrial\/aplicacao-real-do-erp-industrial-em-uma-industria-cosmetica\/\">Aplica\u00e7\u00e3o real do ERP Industrial em uma ind\u00fastria cosm\u00e9tica<\/a><\/p>\n\n\n\n<h2 class=\"wp-block-heading\" id=\"gestao-que-e-o-futuro\">Gest\u00e3o que \u00e9 o\nfuturo<\/h2>\n\n\n\n<p>Em qualquer segmento, a gest\u00e3o \u00e9\nfundamental para o sucesso da empresa e somente quando eficiente ela se mostra\ncapaz de extrair o melhor de cada pessoa, como tamb\u00e9m dos recursos financeiros.<\/p>\n\n\n\n<p>Em espec\u00edfico, a gest\u00e3o horizontal, permite que as pessoas sintam-se motivadas e se mantenham qualificadas para identificar quais s\u00e3o os objetivos da organiza\u00e7\u00e3o. Dessa forma, os dois lados se sentem realizados e ficam satisfeitos.<\/p>\n\n\n\n<p>Independente se for o Google, o\nNetflix ou o Grupo Ideal Trends, ter uma gest\u00e3o empresarial demonstra como as\nempresas realmente querem chegar longe e acreditam que o melhor, tanto para ela\nquanto para os seus colaboradores, \u00e9 que eles tomem as suas pr\u00f3prias decis\u00f5es.<\/p>\n\n\n\n<p>Conhe\u00e7a os canais do Grupo Ideal Trends: <a rel=\"noreferrer noopener\" aria-label=\" (opens in a new tab)\" href=\"https:\/\/www.idealtrends.com.br\/\" target=\"_blank\">Site<\/a>, <a rel=\"noreferrer noopener\" aria-label=\" (opens in a new tab)\" href=\"https:\/\/www.facebook.com\/grupoidealtrends\/\" target=\"_blank\">Facebook<\/a>, <a rel=\"noreferrer noopener\" aria-label=\" (opens in a new tab)\" href=\"https:\/\/www.instagram.com\/grupoidealtrends\/?hl=pt-br\" target=\"_blank\">Instagram<\/a> e <a rel=\"noreferrer noopener\" aria-label=\" (opens in a new tab)\" href=\"https:\/\/www.youtube.com\/watch?v=QuPUrGsC3bE\" target=\"_blank\">Youtube<\/a>.<\/p>\n\n\n\n<div class=\"text-center\"><a href=\"https:\/\/www.nomus.com.br\/erpindustrial\/?utm_source=bannersGerados&utm_medium=blog&utm_campaign=animado1\" target=\"_blank\" class=\"bannergerado-erp\"><img decoding=\"async\" id=\"BannerManual\" data-src=\"https:\/\/www.nomus.com.br\/blog-industrial\/wp-content\/uploads\/2023\/04\/banner-sistema-de-gestao-erp-nomus.gif\" border=\"0\" alt=\"Nomus ERP Industrial\" class=\"size-full banneranimado lazyload\" src=\"data:image\/svg+xml;base64,PHN2ZyB3aWR0aD0iMSIgaGVpZ2h0PSIxIiB4bWxucz0iaHR0cDovL3d3dy53My5vcmcvMjAwMC9zdmciPjwvc3ZnPg==\" style=\"--smush-placeholder-width: 712px; --smush-placeholder-aspect-ratio: 712\/99;\" \/><\/a><\/div>\n","protected":false},"excerpt":{"rendered":"<p>Para compreender o que \u00e9 a gest\u00e3o horizontal, antes de tudo \u00e9 necess\u00e1rio entender a vertical. A gest\u00e3o vertical \u00e9 o modelo na grande maioria das empresas de hoje, baseada na hierarquia. Entretanto, cada vez mais as empresas t\u00eam investido no modelo alternativo a ela, a gest\u00e3o horizontal. A gest\u00e3o horizontal \u00e9 um caminho que [&hellip;]<\/p>\n","protected":false},"author":35,"featured_media":8914,"comment_status":"open","ping_status":"closed","sticky":false,"template":"","format":"standard","meta":{"_acf_changed":false,"footnotes":""},"categories":[3],"tags":[48],"class_list":["post-8911","post","type-post","status-publish","format-standard","has-post-thumbnail","hentry","category-processos-e-organizacao","tag-artigo"],"acf":[],"yoast_head":"\n<title>Gest\u00e3o Horizontal: o que \u00e9, e como ativar na sua empresa<\/title>\n<meta name=\"description\" content=\"Entenda o que \u00e9 a gest\u00e3o horizontal e saiba como aplicar na gest\u00e3o da sua empresa. Entenda tamb\u00e9m os benef\u00edcios dessa metodologia.\" \/>\n<meta name=\"robots\" content=\"index, follow, max-snippet:-1, max-image-preview:large, max-video-preview:-1\" \/>\n<link rel=\"canonical\" href=\"https:\/\/www.nomus.com.br\/blog-industrial\/gestao-horizontal\/\" \/>\n<meta property=\"og:locale\" content=\"pt_BR\" \/>\n<meta property=\"og:type\" content=\"article\" \/>\n<meta property=\"og:title\" content=\"Gest\u00e3o Horizontal: o que \u00e9, e como ativar na sua empresa\" \/>\n<meta property=\"og:description\" content=\"Entenda o que \u00e9 a gest\u00e3o horizontal e saiba como aplicar na gest\u00e3o da sua empresa. Entenda tamb\u00e9m os benef\u00edcios dessa metodologia.\" \/>\n<meta property=\"og:url\" content=\"https:\/\/www.nomus.com.br\/blog-industrial\/gestao-horizontal\/\" \/>\n<meta property=\"og:site_name\" content=\"Blog Industrial Nomus\" \/>\n<meta property=\"article:publisher\" content=\"https:\/\/www.facebook.com\/nomussoftwares\" \/>\n<meta property=\"article:published_time\" content=\"2019-08-30T20:16:14+00:00\" \/>\n<meta property=\"article:modified_time\" content=\"2026-02-19T10:41:56+00:00\" \/>\n<meta property=\"og:image\" content=\"https:\/\/www.nomus.com.br\/blog-industrial\/wp-content\/uploads\/2019\/08\/gest\u00e3o-horizontal.jpg\" \/>\n\t<meta property=\"og:image:width\" content=\"620\" \/>\n\t<meta property=\"og:image:height\" content=\"405\" \/>\n\t<meta property=\"og:image:type\" content=\"image\/jpeg\" \/>\n<meta name=\"author\" content=\"Luna Bugatti\" \/>\n<meta name=\"twitter:card\" content=\"summary_large_image\" \/>\n<meta name=\"twitter:title\" content=\"Gest\u00e3o Horizontal: o que \u00e9, e como ativar na sua empresa\" \/>\n<meta name=\"twitter:description\" content=\"Entenda o que \u00e9 a gest\u00e3o horizontal e saiba como aplicar na gest\u00e3o da sua empresa. Entenda tamb\u00e9m os benef\u00edcios dessa metodologia.\" \/>\n<meta name=\"twitter:image\" content=\"https:\/\/www.nomus.com.br\/blog-industrial\/wp-content\/uploads\/2019\/08\/gest\u00e3o-horizontal.jpg\" \/>\n<meta name=\"twitter:creator\" content=\"@nomusindustrial\" \/>\n<meta name=\"twitter:site\" content=\"@nomusindustrial\" \/>\n<meta name=\"twitter:label1\" content=\"Escrito por\" \/>\n\t<meta name=\"twitter:data1\" content=\"Luna Bugatti\" \/>\n\t<meta name=\"twitter:label2\" content=\"Est. tempo de leitura\" \/>\n\t<meta name=\"twitter:data2\" content=\"6 minutos\" \/>\n<script type=\"application\/ld+json\" class=\"yoast-schema-graph\">{\"@context\":\"https:\/\/schema.org\",\"@graph\":[{\"@type\":\"Article\",\"@id\":\"https:\/\/www.nomus.com.br\/blog-industrial\/gestao-horizontal\/#article\",\"isPartOf\":{\"@id\":\"https:\/\/www.nomus.com.br\/blog-industrial\/gestao-horizontal\/\"},\"author\":{\"name\":\"Luna Bugatti\",\"@id\":\"https:\/\/www.nomus.com.br\/blog-industrial\/#\/schema\/person\/2f3f9814f6b1568bb54d31a675ac58fe\"},\"headline\":\"Gest\u00e3o Horizontal: o que \u00e9, e como ativar na sua empresa\",\"datePublished\":\"2019-08-30T20:16:14+00:00\",\"dateModified\":\"2026-02-19T10:41:56+00:00\",\"mainEntityOfPage\":{\"@id\":\"https:\/\/www.nomus.com.br\/blog-industrial\/gestao-horizontal\/\"},\"wordCount\":996,\"commentCount\":0,\"image\":{\"@id\":\"https:\/\/www.nomus.com.br\/blog-industrial\/gestao-horizontal\/#primaryimage\"},\"thumbnailUrl\":\"https:\/\/www.nomus.com.br\/blog-industrial\/wp-content\/uploads\/2019\/08\/gest\u00e3o-horizontal.jpg\",\"keywords\":[\"artigo\"],\"articleSection\":[\"Processos e Organiza\u00e7\u00e3o\"],\"inLanguage\":\"pt-BR\",\"potentialAction\":[{\"@type\":\"CommentAction\",\"name\":\"Comment\",\"target\":[\"https:\/\/www.nomus.com.br\/blog-industrial\/gestao-horizontal\/#respond\"]}]},{\"@type\":\"WebPage\",\"@id\":\"https:\/\/www.nomus.com.br\/blog-industrial\/gestao-horizontal\/\",\"url\":\"https:\/\/www.nomus.com.br\/blog-industrial\/gestao-horizontal\/\",\"name\":\"Gest\u00e3o Horizontal: o que \u00e9, e como ativar na sua empresa\",\"isPartOf\":{\"@id\":\"https:\/\/www.nomus.com.br\/blog-industrial\/#website\"},\"primaryImageOfPage\":{\"@id\":\"https:\/\/www.nomus.com.br\/blog-industrial\/gestao-horizontal\/#primaryimage\"},\"image\":{\"@id\":\"https:\/\/www.nomus.com.br\/blog-industrial\/gestao-horizontal\/#primaryimage\"},\"thumbnailUrl\":\"https:\/\/www.nomus.com.br\/blog-industrial\/wp-content\/uploads\/2019\/08\/gest\u00e3o-horizontal.jpg\",\"datePublished\":\"2019-08-30T20:16:14+00:00\",\"dateModified\":\"2026-02-19T10:41:56+00:00\",\"author\":{\"@id\":\"https:\/\/www.nomus.com.br\/blog-industrial\/#\/schema\/person\/2f3f9814f6b1568bb54d31a675ac58fe\"},\"description\":\"Entenda o que \u00e9 a gest\u00e3o horizontal e saiba como aplicar na gest\u00e3o da sua empresa. Entenda tamb\u00e9m os benef\u00edcios dessa metodologia.\",\"breadcrumb\":{\"@id\":\"https:\/\/www.nomus.com.br\/blog-industrial\/gestao-horizontal\/#breadcrumb\"},\"inLanguage\":\"pt-BR\",\"potentialAction\":[{\"@type\":\"ReadAction\",\"target\":[\"https:\/\/www.nomus.com.br\/blog-industrial\/gestao-horizontal\/\"]}]},{\"@type\":\"ImageObject\",\"inLanguage\":\"pt-BR\",\"@id\":\"https:\/\/www.nomus.com.br\/blog-industrial\/gestao-horizontal\/#primaryimage\",\"url\":\"https:\/\/www.nomus.com.br\/blog-industrial\/wp-content\/uploads\/2019\/08\/gest\u00e3o-horizontal.jpg\",\"contentUrl\":\"https:\/\/www.nomus.com.br\/blog-industrial\/wp-content\/uploads\/2019\/08\/gest\u00e3o-horizontal.jpg\",\"width\":620,\"height\":405},{\"@type\":\"BreadcrumbList\",\"@id\":\"https:\/\/www.nomus.com.br\/blog-industrial\/gestao-horizontal\/#breadcrumb\",\"itemListElement\":[{\"@type\":\"ListItem\",\"position\":1,\"name\":\"Blog Industrial Nomus\",\"item\":\"https:\/\/www.nomus.com.br\/blog-industrial\/\"},{\"@type\":\"ListItem\",\"position\":2,\"name\":\"Processos e Organiza\u00e7\u00e3o\",\"item\":\"https:\/\/www.nomus.com.br\/blog-industrial\/category\/processos-e-organizacao\/\"},{\"@type\":\"ListItem\",\"position\":3,\"name\":\"Gest\u00e3o Horizontal: o que \u00e9, e como ativar na sua empresa\"}]},{\"@type\":\"WebSite\",\"@id\":\"https:\/\/www.nomus.com.br\/blog-industrial\/#website\",\"url\":\"https:\/\/www.nomus.com.br\/blog-industrial\/\",\"name\":\"Blog Industrial Nomus\",\"description\":\"Artigos, planilhas, ebooks e ferramentas de engenharia de produ\u00e7\u00e3o e para aumentar o lucro da sua f\u00e1brica\",\"potentialAction\":[{\"@type\":\"SearchAction\",\"target\":{\"@type\":\"EntryPoint\",\"urlTemplate\":\"https:\/\/www.nomus.com.br\/blog-industrial\/?s={search_term_string}\"},\"query-input\":{\"@type\":\"PropertyValueSpecification\",\"valueRequired\":true,\"valueName\":\"search_term_string\"}}],\"inLanguage\":\"pt-BR\"},{\"@type\":\"Person\",\"@id\":\"https:\/\/www.nomus.com.br\/blog-industrial\/#\/schema\/person\/2f3f9814f6b1568bb54d31a675ac58fe\",\"name\":\"Luna Bugatti\",\"image\":{\"@type\":\"ImageObject\",\"inLanguage\":\"pt-BR\",\"@id\":\"https:\/\/www.nomus.com.br\/blog-industrial\/#\/schema\/person\/image\/\",\"url\":\"https:\/\/secure.gravatar.com\/avatar\/6ab1f0447c554824a8f80a3c56a741eff5b5b15028c4a20ee0fe970487bbbca8?s=96&d=mm&r=g\",\"contentUrl\":\"https:\/\/secure.gravatar.com\/avatar\/6ab1f0447c554824a8f80a3c56a741eff5b5b15028c4a20ee0fe970487bbbca8?s=96&d=mm&r=g\",\"caption\":\"Luna Bugatti\"},\"url\":\"https:\/\/www.nomus.com.br\/blog-industrial\/author\/equipeidealtrends\/\"}]}<\/script>\n","yoast_head_json":{"title":"Gest\u00e3o Horizontal: o que \u00e9, e como ativar na sua empresa","description":"Entenda o que \u00e9 a gest\u00e3o horizontal e saiba como aplicar na gest\u00e3o da sua empresa. Entenda tamb\u00e9m os benef\u00edcios dessa metodologia.","robots":{"index":"index","follow":"follow","max-snippet":"max-snippet:-1","max-image-preview":"max-image-preview:large","max-video-preview":"max-video-preview:-1"},"canonical":"https:\/\/www.nomus.com.br\/blog-industrial\/gestao-horizontal\/","og_locale":"pt_BR","og_type":"article","og_title":"Gest\u00e3o Horizontal: o que \u00e9, e como ativar na sua empresa","og_description":"Entenda o que \u00e9 a gest\u00e3o horizontal e saiba como aplicar na gest\u00e3o da sua empresa. Entenda tamb\u00e9m os benef\u00edcios dessa metodologia.","og_url":"https:\/\/www.nomus.com.br\/blog-industrial\/gestao-horizontal\/","og_site_name":"Blog Industrial Nomus","article_publisher":"https:\/\/www.facebook.com\/nomussoftwares","article_published_time":"2019-08-30T20:16:14+00:00","article_modified_time":"2026-02-19T10:41:56+00:00","og_image":[{"width":620,"height":405,"url":"https:\/\/www.nomus.com.br\/blog-industrial\/wp-content\/uploads\/2019\/08\/gest\u00e3o-horizontal.jpg","type":"image\/jpeg"}],"author":"Luna Bugatti","twitter_card":"summary_large_image","twitter_title":"Gest\u00e3o Horizontal: o que \u00e9, e como ativar na sua empresa","twitter_description":"Entenda o que \u00e9 a gest\u00e3o horizontal e saiba como aplicar na gest\u00e3o da sua empresa. Entenda tamb\u00e9m os benef\u00edcios dessa metodologia.","twitter_image":"https:\/\/www.nomus.com.br\/blog-industrial\/wp-content\/uploads\/2019\/08\/gest\u00e3o-horizontal.jpg","twitter_creator":"@nomusindustrial","twitter_site":"@nomusindustrial","twitter_misc":{"Escrito por":"Luna Bugatti","Est. tempo de leitura":"6 minutos"},"schema":{"@context":"https:\/\/schema.org","@graph":[{"@type":"Article","@id":"https:\/\/www.nomus.com.br\/blog-industrial\/gestao-horizontal\/#article","isPartOf":{"@id":"https:\/\/www.nomus.com.br\/blog-industrial\/gestao-horizontal\/"},"author":{"name":"Luna Bugatti","@id":"https:\/\/www.nomus.com.br\/blog-industrial\/#\/schema\/person\/2f3f9814f6b1568bb54d31a675ac58fe"},"headline":"Gest\u00e3o Horizontal: o que \u00e9, e como ativar na sua empresa","datePublished":"2019-08-30T20:16:14+00:00","dateModified":"2026-02-19T10:41:56+00:00","mainEntityOfPage":{"@id":"https:\/\/www.nomus.com.br\/blog-industrial\/gestao-horizontal\/"},"wordCount":996,"commentCount":0,"image":{"@id":"https:\/\/www.nomus.com.br\/blog-industrial\/gestao-horizontal\/#primaryimage"},"thumbnailUrl":"https:\/\/www.nomus.com.br\/blog-industrial\/wp-content\/uploads\/2019\/08\/gest\u00e3o-horizontal.jpg","keywords":["artigo"],"articleSection":["Processos e Organiza\u00e7\u00e3o"],"inLanguage":"pt-BR","potentialAction":[{"@type":"CommentAction","name":"Comment","target":["https:\/\/www.nomus.com.br\/blog-industrial\/gestao-horizontal\/#respond"]}]},{"@type":"WebPage","@id":"https:\/\/www.nomus.com.br\/blog-industrial\/gestao-horizontal\/","url":"https:\/\/www.nomus.com.br\/blog-industrial\/gestao-horizontal\/","name":"Gest\u00e3o Horizontal: o que \u00e9, e como ativar na sua empresa","isPartOf":{"@id":"https:\/\/www.nomus.com.br\/blog-industrial\/#website"},"primaryImageOfPage":{"@id":"https:\/\/www.nomus.com.br\/blog-industrial\/gestao-horizontal\/#primaryimage"},"image":{"@id":"https:\/\/www.nomus.com.br\/blog-industrial\/gestao-horizontal\/#primaryimage"},"thumbnailUrl":"https:\/\/www.nomus.com.br\/blog-industrial\/wp-content\/uploads\/2019\/08\/gest\u00e3o-horizontal.jpg","datePublished":"2019-08-30T20:16:14+00:00","dateModified":"2026-02-19T10:41:56+00:00","author":{"@id":"https:\/\/www.nomus.com.br\/blog-industrial\/#\/schema\/person\/2f3f9814f6b1568bb54d31a675ac58fe"},"description":"Entenda o que \u00e9 a gest\u00e3o horizontal e saiba como aplicar na gest\u00e3o da sua empresa. Entenda tamb\u00e9m os benef\u00edcios dessa metodologia.","breadcrumb":{"@id":"https:\/\/www.nomus.com.br\/blog-industrial\/gestao-horizontal\/#breadcrumb"},"inLanguage":"pt-BR","potentialAction":[{"@type":"ReadAction","target":["https:\/\/www.nomus.com.br\/blog-industrial\/gestao-horizontal\/"]}]},{"@type":"ImageObject","inLanguage":"pt-BR","@id":"https:\/\/www.nomus.com.br\/blog-industrial\/gestao-horizontal\/#primaryimage","url":"https:\/\/www.nomus.com.br\/blog-industrial\/wp-content\/uploads\/2019\/08\/gest\u00e3o-horizontal.jpg","contentUrl":"https:\/\/www.nomus.com.br\/blog-industrial\/wp-content\/uploads\/2019\/08\/gest\u00e3o-horizontal.jpg","width":620,"height":405},{"@type":"BreadcrumbList","@id":"https:\/\/www.nomus.com.br\/blog-industrial\/gestao-horizontal\/#breadcrumb","itemListElement":[{"@type":"ListItem","position":1,"name":"Blog Industrial Nomus","item":"https:\/\/www.nomus.com.br\/blog-industrial\/"},{"@type":"ListItem","position":2,"name":"Processos e Organiza\u00e7\u00e3o","item":"https:\/\/www.nomus.com.br\/blog-industrial\/category\/processos-e-organizacao\/"},{"@type":"ListItem","position":3,"name":"Gest\u00e3o Horizontal: o que \u00e9, e como ativar na sua empresa"}]},{"@type":"WebSite","@id":"https:\/\/www.nomus.com.br\/blog-industrial\/#website","url":"https:\/\/www.nomus.com.br\/blog-industrial\/","name":"Blog Industrial Nomus","description":"Artigos, planilhas, ebooks e ferramentas de engenharia de produ\u00e7\u00e3o e para aumentar o lucro da sua f\u00e1brica","potentialAction":[{"@type":"SearchAction","target":{"@type":"EntryPoint","urlTemplate":"https:\/\/www.nomus.com.br\/blog-industrial\/?s={search_term_string}"},"query-input":{"@type":"PropertyValueSpecification","valueRequired":true,"valueName":"search_term_string"}}],"inLanguage":"pt-BR"},{"@type":"Person","@id":"https:\/\/www.nomus.com.br\/blog-industrial\/#\/schema\/person\/2f3f9814f6b1568bb54d31a675ac58fe","name":"Luna Bugatti","image":{"@type":"ImageObject","inLanguage":"pt-BR","@id":"https:\/\/www.nomus.com.br\/blog-industrial\/#\/schema\/person\/image\/","url":"https:\/\/secure.gravatar.com\/avatar\/6ab1f0447c554824a8f80a3c56a741eff5b5b15028c4a20ee0fe970487bbbca8?s=96&d=mm&r=g","contentUrl":"https:\/\/secure.gravatar.com\/avatar\/6ab1f0447c554824a8f80a3c56a741eff5b5b15028c4a20ee0fe970487bbbca8?s=96&d=mm&r=g","caption":"Luna Bugatti"},"url":"https:\/\/www.nomus.com.br\/blog-industrial\/author\/equipeidealtrends\/"}]}},"_links":{"self":[{"href":"https:\/\/www.nomus.com.br\/blog-industrial\/wp-json\/wp\/v2\/posts\/8911","targetHints":{"allow":["GET"]}}],"collection":[{"href":"https:\/\/www.nomus.com.br\/blog-industrial\/wp-json\/wp\/v2\/posts"}],"about":[{"href":"https:\/\/www.nomus.com.br\/blog-industrial\/wp-json\/wp\/v2\/types\/post"}],"author":[{"embeddable":true,"href":"https:\/\/www.nomus.com.br\/blog-industrial\/wp-json\/wp\/v2\/users\/35"}],"replies":[{"embeddable":true,"href":"https:\/\/www.nomus.com.br\/blog-industrial\/wp-json\/wp\/v2\/comments?post=8911"}],"version-history":[{"count":9,"href":"https:\/\/www.nomus.com.br\/blog-industrial\/wp-json\/wp\/v2\/posts\/8911\/revisions"}],"predecessor-version":[{"id":14666,"href":"https:\/\/www.nomus.com.br\/blog-industrial\/wp-json\/wp\/v2\/posts\/8911\/revisions\/14666"}],"wp:featuredmedia":[{"embeddable":true,"href":"https:\/\/www.nomus.com.br\/blog-industrial\/wp-json\/wp\/v2\/media\/8914"}],"wp:attachment":[{"href":"https:\/\/www.nomus.com.br\/blog-industrial\/wp-json\/wp\/v2\/media?parent=8911"}],"wp:term":[{"taxonomy":"category","embeddable":true,"href":"https:\/\/www.nomus.com.br\/blog-industrial\/wp-json\/wp\/v2\/categories?post=8911"},{"taxonomy":"post_tag","embeddable":true,"href":"https:\/\/www.nomus.com.br\/blog-industrial\/wp-json\/wp\/v2\/tags?post=8911"}],"curies":[{"name":"wp","href":"https:\/\/api.w.org\/{rel}","templated":true}]}}