{"id":6829,"date":"2018-07-17T07:58:15","date_gmt":"2018-07-17T10:58:15","guid":{"rendered":"https:\/\/www.nomus.com.br\/blog-industrial\/?p=6829"},"modified":"2022-02-04T16:48:23","modified_gmt":"2022-02-04T19:48:23","slug":"mitos-sobre-lideranca","status":"publish","type":"post","link":"https:\/\/www.nomus.com.br\/blog-industrial\/mitos-sobre-lideranca\/","title":{"rendered":"5 mitos sobre lideran\u00e7a que podem atrapalhar seu trabalho"},"content":{"rendered":"<div class=\"text-center\"><a href=\"http:\/\/material.nomus.com.br\/ebookliderancahd\" target=\"_blank\" class=\"bannergerado\"><img decoding=\"async\" id=\"BannerManual\" data-src=\"https:\/\/www.nomus.com.br\/blog-industrial\/wp-content\/uploads\/2019\/04\/banner-lider-de-alta-definicao.jpg\" border=\"0\" alt=\"eBook Lideran\u00e7a HD\" class=\"size-full bannerpadrao lazyload\" src=\"data:image\/svg+xml;base64,PHN2ZyB3aWR0aD0iMSIgaGVpZ2h0PSIxIiB4bWxucz0iaHR0cDovL3d3dy53My5vcmcvMjAwMC9zdmciPjwvc3ZnPg==\" style=\"--smush-placeholder-width: 650px; --smush-placeholder-aspect-ratio: 650\/260;\" \/><\/a><\/div>\n\n\n\n<p>Passamos nossas vidas aprendendo, mas uma parte do que aprendemos s\u00e3o apenas mitos. No artigo de hoje vou falar dos <strong>mitos sobre lideran\u00e7a<\/strong> mais comuns e que podem afetar seu trabalho, tanto como l\u00edder quanto como colaborador.<\/p>\n\n\n\n<p>Existem 3 fatores fundamentais para o sucesso da sua ind\u00fastria: Lideran\u00e7a, m\u00e9todo e conhecimento t\u00e9cnico.<\/p>\n\n\n\n<p>Desses 3 fatores, a lideran\u00e7a \u00e9 o que h\u00e1 de mais importante, sem ela nada acontece, de nada adianta ter um bom m\u00e9todo e conhecimento t\u00e9cnico se n\u00e3o existe lideran\u00e7a para fazer acontecer.<\/p>\n\n\n\n<p>Portanto podemos dizer que o l\u00edder \u00e9 o que h\u00e1 de mais importante para o sucesso da sua ind\u00fastria.<\/p>\n\n\n\n<p>Justamente por essa import\u00e2ncia, existem diversos mitos sobre lideran\u00e7a e como ser um bom l\u00edder e eles s\u00e3o mais frequentes do que imaginamos.<\/p>\n\n\n\n<p>Para desenvolver melhor sua lideran\u00e7a e tamb\u00e9m se relacionar melhor com seus lideres, \u00e9 importante conhecer quais s\u00e3o esses mitos e como de fato a lideran\u00e7a funciona.<\/p>\n\n\n\n<p>Ent\u00e3o leia atentamente a lista abaixo e certifique-se que n\u00e3o est\u00e1 comentendo esses <a href=\"https:\/\/www.nomus.com.br\/blog-industrial\/erros-de-lideranca\/\">erros de lideran\u00e7a<\/a>. Vamos l\u00e1:<\/p>\n\n\n\n<ul class=\"rich-text block-editor-rich-text__editable wp-block-list\"><li><strong>Veja tamb\u00e9m: <a href=\"https:\/\/www.nomus.com.br\/blog-industrial\/lideranca-remota\/\" target=\"_blank\" rel=\"noreferrer noopener\">Lideran\u00e7a remota: as 19 regras para ser um excelente l\u00edder no trabalho remoto<\/a><\/strong><\/li><\/ul>\n\n\n\n<figure class=\"wp-block-image size-large\"><img decoding=\"async\" width=\"620\" height=\"405\" data-src=\"https:\/\/www.nomus.com.br\/blog-industrial\/wp-content\/uploads\/2021\/02\/mitos-de-lideranca.jpg\" alt=\"\" class=\"wp-image-12203 lazyload\" data-srcset=\"https:\/\/www.nomus.com.br\/blog-industrial\/wp-content\/uploads\/2021\/02\/mitos-de-lideranca.jpg 620w, https:\/\/www.nomus.com.br\/blog-industrial\/wp-content\/uploads\/2021\/02\/mitos-de-lideranca-345x225.jpg 345w\" data-sizes=\"(max-width: 620px) 100vw, 620px\" src=\"data:image\/svg+xml;base64,PHN2ZyB3aWR0aD0iMSIgaGVpZ2h0PSIxIiB4bWxucz0iaHR0cDovL3d3dy53My5vcmcvMjAwMC9zdmciPjwvc3ZnPg==\" style=\"--smush-placeholder-width: 620px; --smush-placeholder-aspect-ratio: 620\/405;\" \/><\/figure>\n\n\n\n<h2 class=\"wp-block-heading\" id=\"1\u00ba-mito-lideres-ja-nasceram-como-lideres\">1\u00ba Mito:&nbsp;L\u00edderes j\u00e1 nasceram como l\u00edderes<\/h2>\n\n\n\n<p>O mais comum dos mitos sobre lideran\u00e7a \u00e9 acreditar que apenas as pessoas que tem algum tipo de predisposi\u00e7\u00e3o gen\u00e9tica favor\u00e1vel a lideran\u00e7a podem ser bons lideres.<\/p>\n\n\n\n<p>Embora at\u00e9 exista uma aptid\u00e3o de lideran\u00e7a mais natural em algumas pessoas, isso \u00e9 raro. O erro \u00e9 achar que a lideran\u00e7a \u00e9 um fator gen\u00e9tico ou coisa do tipo.<\/p>\n\n\n\n<p>A verdade \u00e9 que a grande maioria das <strong>habilidades de lideran\u00e7a s\u00e3o desenvolvidas com a experi\u00eancia pr\u00e1tica e ao longo do tempo<\/strong>.<\/p>\n\n\n\n<p>No final das contas, a lideran\u00e7a \u00e9 um privil\u00e9gio que deve ser conquistado.<\/p>\n\n\n\n<p>Portanto, lembre-se: a lideran\u00e7a \u00e9 uma habilidade que pode ser desenvolvida e conquistada e n\u00e3o gen\u00e9tica ou dom natural.<\/p>\n\n\n\n<p>Caso tenha interesse em desenvolver essa \u00e1rea, recomendo que leia:&nbsp;<strong><a href=\"https:\/\/www.nomus.com.br\/blog-industrial\/como-aumentar-sua-produtividade-como-lider\/\">Como aumentar sua produtividade como l\u00edder<\/a><\/strong>.<\/p>\n\n\n\n<h2 class=\"wp-block-heading\" id=\"2\u00ba-mito-a-gerencia-e-o-mesmo-que-lideranca\">2\u00ba&nbsp;Mito:&nbsp;A ger\u00eancia \u00e9 o mesmo que lideran\u00e7a<b><\/b><\/h2>\n\n\n\n<p>Seguindo a lista dos mitos sobre lideran\u00e7a, vamos falar agora do pensamento de que a gerencia \u00e9 equivalente a lideran\u00e7a.<\/p>\n\n\n\n<p>Na realidade elas s\u00e3o atividades diferentes que est\u00e3o inter-relacionadas.<\/p>\n\n\n\n<p>Um gerente foca em processos, sistemas de manuten\u00e7\u00e3o e nas melhores pr\u00e1ticas de trabalho.<\/p>\n\n\n\n<p>J\u00e1<strong> um l\u00edder investe boa parte de seu tempo no desenvolvimento da sua equipe para atingir os resultados<\/strong>.<\/p>\n\n\n\n<p>Um bom l\u00edder deve atingir os resultados <strong>junto com sua equipe<\/strong> e fazendo o certo.<\/p>\n\n\n\n<p>Ambas as fun\u00e7\u00f5es s\u00e3o importantes para a boa gest\u00e3o de uma f\u00e1brica, entretanto, n\u00e3o s\u00e3o a mesma coisa.<\/p>\n\n\n\n<p>Veja tamb\u00e9m: <a href=\"https:\/\/www.nomus.com.br\/blog-industrial\/competencias-e-habilidades-de-gestor\/\">Compet\u00eancias e habilidades de gestor: as 8 principais que voc\u00ea precisa desenvolver<\/a><\/p>\n\n\n\n<h2 class=\"wp-block-heading\" id=\"3\u00ba-mito-lideres-nao-falham\">3\u00ba Mito:&nbsp;L\u00edderes n\u00e3o falham<\/h2>\n\n\n\n<p>Mais um item para nossa lista de mitos sobre lideran\u00e7a \u00e9 acreditar que l\u00edder n\u00e3o pode errar.<\/p>\n\n\n\n<p>O que acontece na realidade \u00e9 o contr\u00e1rio. Os melhores l\u00edderes conhecem suas limita\u00e7\u00f5es com clareza. \u00c9 at\u00e9 normal que ele cometa mais erros do que os demais, j\u00e1 que suas decis\u00f5es s\u00e3o muito mais vis\u00edveis.<\/p>\n\n\n\n<p>Entretanto,<strong> o diferencial dos grandes l\u00edderes \u00e9 que estes s\u00e3o honestos, admitem que erraram e ainda conseguem tirar li\u00e7\u00f5es de aprendizado valiosas para o futuro.<\/strong><\/p>\n\n\n\n<p>Estes lideres sabem que o sucesso vem do trabalho em equipe e n\u00e3o de pessoas sozinhas. Eles montam equipes diversificadas para inovar, buscam pessoas apaixonadas por v\u00e1rias \u00e1reas de conhecimento e levam em considera\u00e7\u00e3o sua opini\u00e3o.<\/p>\n\n\n\n<p>Inclusive \u00e9 um erro grave e comum achar que um empreendedor que precisou fechar seu neg\u00f3cio ou ainda decretar fal\u00eancia \u00e9 um fracassado ou coisa do tipo.<\/p>\n\n\n\n<p>Pelo contr\u00e1rio, no exterior e at\u00e9 aqui no Brasil, essas pessoas s\u00e3o vistas como l\u00edderes experientes que sabem, na pr\u00e1tica, o que deve ser evitado para n\u00e3o cometer o mesmo erro novamente.<\/p>\n\n\n\n<h2 class=\"wp-block-heading\" id=\"4\u00ba-mito-nao-trabalhe-duro\">4\u00ba Mito:&nbsp;N\u00e3o trabalhe duro<\/h2>\n\n\n\n<p>Existe uma express\u00e3o em ingl\u00eas:&nbsp;<strong>\u201c<i>work smarter, not harder<\/i>\u201d<\/strong> que normalmente \u00e9 mal interpretada e acaba gerando ilus\u00f5es.<\/p>\n\n\n\n<p>Com certeza existem maneiras de trabalhar de forma inteligente, como por exemplo: usar um <a href=\"http:\/\/nomus.com.br\/erpindustrial\/\">software erp para a gest\u00e3o da f\u00e1brica<\/a>, priorizar as tarefas de forma correta, planejar o dia e saber o que e para quem delegar cada tarefa.<\/p>\n\n\n\n<p>Mas <strong>o fato \u00e9 que as pessoas bem sucedidas normalmente trabalham muito duro para atingir suas metas e ent\u00e3o realizar seus sonhos<\/strong>.<\/p>\n\n\n\n<p>Os melhores l\u00edderes conseguem capacitar suas equipes para fazer cada vez mais e cada vez melhor, no ciclo da melhoria cont\u00ednua. Isso pode ser configurado no trabalho inteligente. Mas \u00e9 preciso ainda unir as coisas e adicionar o trabalho duro.<\/p>\n\n\n\n<p>Os melhores l\u00edderes mergulham totalmente na vis\u00e3o do neg\u00f3cio e se dedicam totalmente a ideia. Muitas vezes s\u00e3o os primeiros a chegar e os \u00faltimos a sair. Isso inspira as pessoas a sua volta a terem o mesmo compromisso.<\/p>\n\n\n\n<blockquote class=\"wp-block-quote is-layout-flow wp-block-quote-is-layout-flow\"><p>\u201cEstamos vivendo um per\u00edodo em que h\u00e1 muitas pessoas inteligentes que utilizam a matem\u00e1tica, metologias e outras formas sofisticadas de aumentar a efici\u00eancia. Eu acho que esses s\u00e3o grandes m\u00e9ritos, coisas para se orgulhar, mas eu tamb\u00e9m acho que voc\u00ea precisa de trabalho duro mesmo assim, n\u00e3o h\u00e1 substituto para ele\u201d<\/p><p>Gary Vaynerchuk<\/p><\/blockquote>\n\n\n\n<p>Veja quais s\u00e3o os&nbsp;<a href=\"https:\/\/www.nomus.com.br\/blog-industrial\/4-habitos-dos-lideres-de-industrias-de-sucesso\/\" target=\"_blank\" rel=\"noopener noreferrer\"><strong>4 h\u00e1bitos importantes dos l\u00edderes de ind\u00fastrias de sucesso<\/strong><\/a><\/p>\n\n\n\n<h2 class=\"wp-block-heading\" id=\"5\u00ba-mito-lideres-estao-sempre-disponiveis\">5\u00ba Mito:&nbsp;L\u00edderes est\u00e3o sempre dispon\u00edveis<\/h2>\n\n\n\n<p>\u00c9 claro que os bons l\u00edderes s\u00e3o acess\u00edveis para suas equipes e trabalham muito, mas eles tamb\u00e9m precisam de tempo e espa\u00e7o para pensar, estudar e criar estrat\u00e9gias.<\/p>\n\n\n\n<p>A&nbsp;fundadora do&nbsp;<i>The Huffington Post,&nbsp;Arianna Huffington, <\/i>disse:&nbsp;<strong>\u201cSe n\u00e3o podemos desligar, n\u00e3o podemos fazer liga\u00e7\u00f5es.\u201d<\/strong><\/p>\n\n\n\n<p>L\u00edderes famosos como Bill Gates e Steve Jobs ficaram conhecidos por sumir por longos per\u00edodos visando melhorar as ideias, vis\u00e3o e se reconectar com eles mesmos.<\/p>\n\n\n\n<p>\u00c9 preciso encontrar este lugar de for\u00e7a, sabedoria e conex\u00e3o para manter uma boa lideran\u00e7a.<\/p>\n\n\n\n<h2 class=\"wp-block-heading\" id=\"desmistifique-os-mitos-sobre-lideranca-e-aprenda-mais\">Desmistifique os mitos sobre lideran\u00e7a e aprenda mais<\/h2>\n\n\n\n<p>A Nomus em parceria com o Instituto Brasileiro de Lideran\u00e7a e o L\u00edder HD montou um ebook repleto de dicas pr\u00e1ticas, escritas pelo Michael Oliveira, sobre lideran\u00e7a de alta qualidade.<\/p>\n\n\n\n<p>Fa\u00e7a o download do eBook hoje mesmo clicando no bot\u00e3o ao lado:&nbsp;<strong><a href=\"http:\/\/material.nomus.com.br\/ebookliderancahd\" target=\"_blank\" rel=\"noopener noreferrer\">http:\/\/material.nomus.com.br\/ebookliderancahd<\/a><\/strong><\/p>\n\n\n<div class=\"text-center\"><a href=\"https:\/\/www.nomus.com.br\/erpindustrial\/?utm_source=bannersGerados&utm_medium=blog&utm_campaign=animado1\" target=\"_blank\" class=\"bannergerado-erp\"><img decoding=\"async\" id=\"BannerManual\" data-src=\"https:\/\/www.nomus.com.br\/blog-industrial\/wp-content\/uploads\/2023\/04\/banner-sistema-de-gestao-erp-nomus.gif\" border=\"0\" alt=\"Nomus ERP Industrial\" class=\"size-full banneranimado lazyload\" src=\"data:image\/svg+xml;base64,PHN2ZyB3aWR0aD0iMSIgaGVpZ2h0PSIxIiB4bWxucz0iaHR0cDovL3d3dy53My5vcmcvMjAwMC9zdmciPjwvc3ZnPg==\" style=\"--smush-placeholder-width: 712px; --smush-placeholder-aspect-ratio: 712\/99;\" \/><\/a><\/div>\n","protected":false},"excerpt":{"rendered":"<p>Passamos nossas vidas aprendendo, mas uma parte do que aprendemos s\u00e3o apenas mitos. No artigo de hoje vou falar dos mitos sobre lideran\u00e7a mais comuns e que podem afetar seu trabalho, tanto como l\u00edder quanto como colaborador. Existem 3 fatores fundamentais para o sucesso da sua ind\u00fastria: Lideran\u00e7a, m\u00e9todo e conhecimento t\u00e9cnico. Desses 3 fatores, [&hellip;]<\/p>\n","protected":false},"author":23,"featured_media":12203,"comment_status":"open","ping_status":"closed","sticky":false,"template":"","format":"standard","meta":{"_acf_changed":false,"footnotes":""},"categories":[3],"tags":[48],"class_list":["post-6829","post","type-post","status-publish","format-standard","has-post-thumbnail","hentry","category-processos-e-organizacao","tag-artigo"],"acf":[],"yoast_head":"\n<title>5 mitos sobre lideran\u00e7a que podem atrapalhar seu trabalho<\/title>\n<meta name=\"description\" content=\"Descubra quais s\u00e3o os 5 mitos sobre lideran\u00e7a que podem atrapalhar seu desempenho como l\u00edder e como profissional. O 4\u00ba mito \u00e9 fundamental.\" \/>\n<meta name=\"robots\" content=\"index, follow, max-snippet:-1, max-image-preview:large, max-video-preview:-1\" \/>\n<link rel=\"canonical\" href=\"https:\/\/www.nomus.com.br\/blog-industrial\/mitos-sobre-lideranca\/\" \/>\n<meta property=\"og:locale\" content=\"pt_BR\" \/>\n<meta property=\"og:type\" content=\"article\" \/>\n<meta property=\"og:title\" content=\"5 mitos sobre lideran\u00e7a que podem atrapalhar seu trabalho\" \/>\n<meta property=\"og:description\" content=\"Descubra quais s\u00e3o os 5 mitos sobre lideran\u00e7a que podem atrapalhar seu desempenho como l\u00edder e como profissional. O 4\u00ba mito \u00e9 fundamental.\" \/>\n<meta property=\"og:url\" content=\"https:\/\/www.nomus.com.br\/blog-industrial\/mitos-sobre-lideranca\/\" \/>\n<meta property=\"og:site_name\" content=\"Blog Industrial Nomus\" \/>\n<meta property=\"article:publisher\" content=\"https:\/\/www.facebook.com\/nomussoftwares\" \/>\n<meta property=\"article:published_time\" content=\"2018-07-17T10:58:15+00:00\" \/>\n<meta property=\"article:modified_time\" content=\"2022-02-04T19:48:23+00:00\" \/>\n<meta property=\"og:image\" content=\"https:\/\/www.nomus.com.br\/blog-industrial\/wp-content\/uploads\/2021\/02\/mitos-de-lideranca.jpg\" \/>\n\t<meta property=\"og:image:width\" content=\"620\" \/>\n\t<meta property=\"og:image:height\" content=\"405\" \/>\n\t<meta property=\"og:image:type\" content=\"image\/jpeg\" \/>\n<meta name=\"author\" content=\"Rafael Netto\" \/>\n<meta name=\"twitter:card\" content=\"summary_large_image\" \/>\n<meta name=\"twitter:title\" content=\"5 mitos sobre lideran\u00e7a que podem atrapalhar seu trabalho\" \/>\n<meta name=\"twitter:description\" content=\"Descubra quais s\u00e3o os 5 mitos sobre lideran\u00e7a que podem atrapalhar seu desempenho como l\u00edder e como profissional. O 4\u00ba mito \u00e9 fundamental.\" \/>\n<meta name=\"twitter:image\" content=\"https:\/\/www.nomus.com.br\/blog-industrial\/wp-content\/uploads\/2021\/02\/mitos-de-lideranca.jpg\" \/>\n<meta name=\"twitter:creator\" content=\"@nomusindustrial\" \/>\n<meta name=\"twitter:site\" content=\"@nomusindustrial\" \/>\n<meta name=\"twitter:label1\" content=\"Escrito por\" \/>\n\t<meta name=\"twitter:data1\" content=\"Rafael Netto\" \/>\n\t<meta name=\"twitter:label2\" content=\"Est. tempo de leitura\" \/>\n\t<meta name=\"twitter:data2\" content=\"5 minutos\" \/>\n<script type=\"application\/ld+json\" class=\"yoast-schema-graph\">{\"@context\":\"https:\/\/schema.org\",\"@graph\":[{\"@type\":\"Article\",\"@id\":\"https:\/\/www.nomus.com.br\/blog-industrial\/mitos-sobre-lideranca\/#article\",\"isPartOf\":{\"@id\":\"https:\/\/www.nomus.com.br\/blog-industrial\/mitos-sobre-lideranca\/\"},\"author\":{\"name\":\"Rafael Netto\",\"@id\":\"https:\/\/www.nomus.com.br\/blog-industrial\/#\/schema\/person\/344527f3fe08f3b03451189c13eaa34d\"},\"headline\":\"5 mitos sobre lideran\u00e7a que podem atrapalhar seu trabalho\",\"datePublished\":\"2018-07-17T10:58:15+00:00\",\"dateModified\":\"2022-02-04T19:48:23+00:00\",\"mainEntityOfPage\":{\"@id\":\"https:\/\/www.nomus.com.br\/blog-industrial\/mitos-sobre-lideranca\/\"},\"wordCount\":1129,\"commentCount\":0,\"image\":{\"@id\":\"https:\/\/www.nomus.com.br\/blog-industrial\/mitos-sobre-lideranca\/#primaryimage\"},\"thumbnailUrl\":\"https:\/\/www.nomus.com.br\/blog-industrial\/wp-content\/uploads\/2021\/02\/mitos-de-lideranca.jpg\",\"keywords\":[\"artigo\"],\"articleSection\":[\"Processos e Organiza\u00e7\u00e3o\"],\"inLanguage\":\"pt-BR\",\"potentialAction\":[{\"@type\":\"CommentAction\",\"name\":\"Comment\",\"target\":[\"https:\/\/www.nomus.com.br\/blog-industrial\/mitos-sobre-lideranca\/#respond\"]}]},{\"@type\":\"WebPage\",\"@id\":\"https:\/\/www.nomus.com.br\/blog-industrial\/mitos-sobre-lideranca\/\",\"url\":\"https:\/\/www.nomus.com.br\/blog-industrial\/mitos-sobre-lideranca\/\",\"name\":\"5 mitos sobre lideran\u00e7a que podem atrapalhar seu trabalho\",\"isPartOf\":{\"@id\":\"https:\/\/www.nomus.com.br\/blog-industrial\/#website\"},\"primaryImageOfPage\":{\"@id\":\"https:\/\/www.nomus.com.br\/blog-industrial\/mitos-sobre-lideranca\/#primaryimage\"},\"image\":{\"@id\":\"https:\/\/www.nomus.com.br\/blog-industrial\/mitos-sobre-lideranca\/#primaryimage\"},\"thumbnailUrl\":\"https:\/\/www.nomus.com.br\/blog-industrial\/wp-content\/uploads\/2021\/02\/mitos-de-lideranca.jpg\",\"datePublished\":\"2018-07-17T10:58:15+00:00\",\"dateModified\":\"2022-02-04T19:48:23+00:00\",\"author\":{\"@id\":\"https:\/\/www.nomus.com.br\/blog-industrial\/#\/schema\/person\/344527f3fe08f3b03451189c13eaa34d\"},\"description\":\"Descubra quais s\u00e3o os 5 mitos sobre lideran\u00e7a que podem atrapalhar seu desempenho como l\u00edder e como profissional. O 4\u00ba mito \u00e9 fundamental.\",\"breadcrumb\":{\"@id\":\"https:\/\/www.nomus.com.br\/blog-industrial\/mitos-sobre-lideranca\/#breadcrumb\"},\"inLanguage\":\"pt-BR\",\"potentialAction\":[{\"@type\":\"ReadAction\",\"target\":[\"https:\/\/www.nomus.com.br\/blog-industrial\/mitos-sobre-lideranca\/\"]}]},{\"@type\":\"ImageObject\",\"inLanguage\":\"pt-BR\",\"@id\":\"https:\/\/www.nomus.com.br\/blog-industrial\/mitos-sobre-lideranca\/#primaryimage\",\"url\":\"https:\/\/www.nomus.com.br\/blog-industrial\/wp-content\/uploads\/2021\/02\/mitos-de-lideranca.jpg\",\"contentUrl\":\"https:\/\/www.nomus.com.br\/blog-industrial\/wp-content\/uploads\/2021\/02\/mitos-de-lideranca.jpg\",\"width\":620,\"height\":405},{\"@type\":\"BreadcrumbList\",\"@id\":\"https:\/\/www.nomus.com.br\/blog-industrial\/mitos-sobre-lideranca\/#breadcrumb\",\"itemListElement\":[{\"@type\":\"ListItem\",\"position\":1,\"name\":\"Blog Industrial Nomus\",\"item\":\"https:\/\/www.nomus.com.br\/blog-industrial\/\"},{\"@type\":\"ListItem\",\"position\":2,\"name\":\"Processos e Organiza\u00e7\u00e3o\",\"item\":\"https:\/\/www.nomus.com.br\/blog-industrial\/category\/processos-e-organizacao\/\"},{\"@type\":\"ListItem\",\"position\":3,\"name\":\"5 mitos sobre lideran\u00e7a que podem atrapalhar seu trabalho\"}]},{\"@type\":\"WebSite\",\"@id\":\"https:\/\/www.nomus.com.br\/blog-industrial\/#website\",\"url\":\"https:\/\/www.nomus.com.br\/blog-industrial\/\",\"name\":\"Blog Industrial Nomus\",\"description\":\"Artigos, planilhas, ebooks e ferramentas de engenharia de produ\u00e7\u00e3o e para aumentar o lucro da sua f\u00e1brica\",\"potentialAction\":[{\"@type\":\"SearchAction\",\"target\":{\"@type\":\"EntryPoint\",\"urlTemplate\":\"https:\/\/www.nomus.com.br\/blog-industrial\/?s={search_term_string}\"},\"query-input\":{\"@type\":\"PropertyValueSpecification\",\"valueRequired\":true,\"valueName\":\"search_term_string\"}}],\"inLanguage\":\"pt-BR\"},{\"@type\":\"Person\",\"@id\":\"https:\/\/www.nomus.com.br\/blog-industrial\/#\/schema\/person\/344527f3fe08f3b03451189c13eaa34d\",\"name\":\"Rafael Netto\",\"image\":{\"@type\":\"ImageObject\",\"inLanguage\":\"pt-BR\",\"@id\":\"https:\/\/www.nomus.com.br\/blog-industrial\/#\/schema\/person\/image\/\",\"url\":\"https:\/\/www.nomus.com.br\/blog-industrial\/wp-content\/uploads\/2025\/04\/1740677382271-96x96.jpg\",\"contentUrl\":\"https:\/\/www.nomus.com.br\/blog-industrial\/wp-content\/uploads\/2025\/04\/1740677382271-96x96.jpg\",\"caption\":\"Rafael Netto\"},\"description\":\"Engenheiro de Produ\u00e7\u00e3o formado na UFRJ com especializa\u00e7\u00f5es nas \u00e1reas de gest\u00e3o estrat\u00e9gica, custos, financeira, fiscal e de projetos de software. CEO e fundador da Nomus. Rafael tem mais de 20 anos de experi\u00eancia como gestor nas \u00e1reas de Estrat\u00e9gia, Desenvolvimento de software, Suporte, Implanta\u00e7\u00e3o, Financeiro, Recursos Humanos, e com implanta\u00e7\u00e3o de sistemas de PCP e ERP em f\u00e1bricas de diversos setores, como Alimentos, Metal\/mec\u00e2nico, Pl\u00e1stico, Qu\u00edmico, Farmac\u00eautico, Gr\u00e1fico, Equipamentos, N\u00e1utico, entre outros.\",\"sameAs\":[\"https:\/\/www.linkedin.com\/in\/rafaelnettonomus\/\"],\"url\":\"https:\/\/www.nomus.com.br\/blog-industrial\/author\/rafaelnetto\/\"}]}<\/script>\n","yoast_head_json":{"title":"5 mitos sobre lideran\u00e7a que podem atrapalhar seu trabalho","description":"Descubra quais s\u00e3o os 5 mitos sobre lideran\u00e7a que podem atrapalhar seu desempenho como l\u00edder e como profissional. O 4\u00ba mito \u00e9 fundamental.","robots":{"index":"index","follow":"follow","max-snippet":"max-snippet:-1","max-image-preview":"max-image-preview:large","max-video-preview":"max-video-preview:-1"},"canonical":"https:\/\/www.nomus.com.br\/blog-industrial\/mitos-sobre-lideranca\/","og_locale":"pt_BR","og_type":"article","og_title":"5 mitos sobre lideran\u00e7a que podem atrapalhar seu trabalho","og_description":"Descubra quais s\u00e3o os 5 mitos sobre lideran\u00e7a que podem atrapalhar seu desempenho como l\u00edder e como profissional. O 4\u00ba mito \u00e9 fundamental.","og_url":"https:\/\/www.nomus.com.br\/blog-industrial\/mitos-sobre-lideranca\/","og_site_name":"Blog Industrial Nomus","article_publisher":"https:\/\/www.facebook.com\/nomussoftwares","article_published_time":"2018-07-17T10:58:15+00:00","article_modified_time":"2022-02-04T19:48:23+00:00","og_image":[{"width":620,"height":405,"url":"https:\/\/www.nomus.com.br\/blog-industrial\/wp-content\/uploads\/2021\/02\/mitos-de-lideranca.jpg","type":"image\/jpeg"}],"author":"Rafael Netto","twitter_card":"summary_large_image","twitter_title":"5 mitos sobre lideran\u00e7a que podem atrapalhar seu trabalho","twitter_description":"Descubra quais s\u00e3o os 5 mitos sobre lideran\u00e7a que podem atrapalhar seu desempenho como l\u00edder e como profissional. O 4\u00ba mito \u00e9 fundamental.","twitter_image":"https:\/\/www.nomus.com.br\/blog-industrial\/wp-content\/uploads\/2021\/02\/mitos-de-lideranca.jpg","twitter_creator":"@nomusindustrial","twitter_site":"@nomusindustrial","twitter_misc":{"Escrito por":"Rafael Netto","Est. tempo de leitura":"5 minutos"},"schema":{"@context":"https:\/\/schema.org","@graph":[{"@type":"Article","@id":"https:\/\/www.nomus.com.br\/blog-industrial\/mitos-sobre-lideranca\/#article","isPartOf":{"@id":"https:\/\/www.nomus.com.br\/blog-industrial\/mitos-sobre-lideranca\/"},"author":{"name":"Rafael Netto","@id":"https:\/\/www.nomus.com.br\/blog-industrial\/#\/schema\/person\/344527f3fe08f3b03451189c13eaa34d"},"headline":"5 mitos sobre lideran\u00e7a que podem atrapalhar seu trabalho","datePublished":"2018-07-17T10:58:15+00:00","dateModified":"2022-02-04T19:48:23+00:00","mainEntityOfPage":{"@id":"https:\/\/www.nomus.com.br\/blog-industrial\/mitos-sobre-lideranca\/"},"wordCount":1129,"commentCount":0,"image":{"@id":"https:\/\/www.nomus.com.br\/blog-industrial\/mitos-sobre-lideranca\/#primaryimage"},"thumbnailUrl":"https:\/\/www.nomus.com.br\/blog-industrial\/wp-content\/uploads\/2021\/02\/mitos-de-lideranca.jpg","keywords":["artigo"],"articleSection":["Processos e Organiza\u00e7\u00e3o"],"inLanguage":"pt-BR","potentialAction":[{"@type":"CommentAction","name":"Comment","target":["https:\/\/www.nomus.com.br\/blog-industrial\/mitos-sobre-lideranca\/#respond"]}]},{"@type":"WebPage","@id":"https:\/\/www.nomus.com.br\/blog-industrial\/mitos-sobre-lideranca\/","url":"https:\/\/www.nomus.com.br\/blog-industrial\/mitos-sobre-lideranca\/","name":"5 mitos sobre lideran\u00e7a que podem atrapalhar seu trabalho","isPartOf":{"@id":"https:\/\/www.nomus.com.br\/blog-industrial\/#website"},"primaryImageOfPage":{"@id":"https:\/\/www.nomus.com.br\/blog-industrial\/mitos-sobre-lideranca\/#primaryimage"},"image":{"@id":"https:\/\/www.nomus.com.br\/blog-industrial\/mitos-sobre-lideranca\/#primaryimage"},"thumbnailUrl":"https:\/\/www.nomus.com.br\/blog-industrial\/wp-content\/uploads\/2021\/02\/mitos-de-lideranca.jpg","datePublished":"2018-07-17T10:58:15+00:00","dateModified":"2022-02-04T19:48:23+00:00","author":{"@id":"https:\/\/www.nomus.com.br\/blog-industrial\/#\/schema\/person\/344527f3fe08f3b03451189c13eaa34d"},"description":"Descubra quais s\u00e3o os 5 mitos sobre lideran\u00e7a que podem atrapalhar seu desempenho como l\u00edder e como profissional. O 4\u00ba mito \u00e9 fundamental.","breadcrumb":{"@id":"https:\/\/www.nomus.com.br\/blog-industrial\/mitos-sobre-lideranca\/#breadcrumb"},"inLanguage":"pt-BR","potentialAction":[{"@type":"ReadAction","target":["https:\/\/www.nomus.com.br\/blog-industrial\/mitos-sobre-lideranca\/"]}]},{"@type":"ImageObject","inLanguage":"pt-BR","@id":"https:\/\/www.nomus.com.br\/blog-industrial\/mitos-sobre-lideranca\/#primaryimage","url":"https:\/\/www.nomus.com.br\/blog-industrial\/wp-content\/uploads\/2021\/02\/mitos-de-lideranca.jpg","contentUrl":"https:\/\/www.nomus.com.br\/blog-industrial\/wp-content\/uploads\/2021\/02\/mitos-de-lideranca.jpg","width":620,"height":405},{"@type":"BreadcrumbList","@id":"https:\/\/www.nomus.com.br\/blog-industrial\/mitos-sobre-lideranca\/#breadcrumb","itemListElement":[{"@type":"ListItem","position":1,"name":"Blog Industrial Nomus","item":"https:\/\/www.nomus.com.br\/blog-industrial\/"},{"@type":"ListItem","position":2,"name":"Processos e Organiza\u00e7\u00e3o","item":"https:\/\/www.nomus.com.br\/blog-industrial\/category\/processos-e-organizacao\/"},{"@type":"ListItem","position":3,"name":"5 mitos sobre lideran\u00e7a que podem atrapalhar seu trabalho"}]},{"@type":"WebSite","@id":"https:\/\/www.nomus.com.br\/blog-industrial\/#website","url":"https:\/\/www.nomus.com.br\/blog-industrial\/","name":"Blog Industrial Nomus","description":"Artigos, planilhas, ebooks e ferramentas de engenharia de produ\u00e7\u00e3o e para aumentar o lucro da sua f\u00e1brica","potentialAction":[{"@type":"SearchAction","target":{"@type":"EntryPoint","urlTemplate":"https:\/\/www.nomus.com.br\/blog-industrial\/?s={search_term_string}"},"query-input":{"@type":"PropertyValueSpecification","valueRequired":true,"valueName":"search_term_string"}}],"inLanguage":"pt-BR"},{"@type":"Person","@id":"https:\/\/www.nomus.com.br\/blog-industrial\/#\/schema\/person\/344527f3fe08f3b03451189c13eaa34d","name":"Rafael Netto","image":{"@type":"ImageObject","inLanguage":"pt-BR","@id":"https:\/\/www.nomus.com.br\/blog-industrial\/#\/schema\/person\/image\/","url":"https:\/\/www.nomus.com.br\/blog-industrial\/wp-content\/uploads\/2025\/04\/1740677382271-96x96.jpg","contentUrl":"https:\/\/www.nomus.com.br\/blog-industrial\/wp-content\/uploads\/2025\/04\/1740677382271-96x96.jpg","caption":"Rafael Netto"},"description":"Engenheiro de Produ\u00e7\u00e3o formado na UFRJ com especializa\u00e7\u00f5es nas \u00e1reas de gest\u00e3o estrat\u00e9gica, custos, financeira, fiscal e de projetos de software. CEO e fundador da Nomus. Rafael tem mais de 20 anos de experi\u00eancia como gestor nas \u00e1reas de Estrat\u00e9gia, Desenvolvimento de software, Suporte, Implanta\u00e7\u00e3o, Financeiro, Recursos Humanos, e com implanta\u00e7\u00e3o de sistemas de PCP e ERP em f\u00e1bricas de diversos setores, como Alimentos, Metal\/mec\u00e2nico, Pl\u00e1stico, Qu\u00edmico, Farmac\u00eautico, Gr\u00e1fico, Equipamentos, N\u00e1utico, entre outros.","sameAs":["https:\/\/www.linkedin.com\/in\/rafaelnettonomus\/"],"url":"https:\/\/www.nomus.com.br\/blog-industrial\/author\/rafaelnetto\/"}]}},"_links":{"self":[{"href":"https:\/\/www.nomus.com.br\/blog-industrial\/wp-json\/wp\/v2\/posts\/6829","targetHints":{"allow":["GET"]}}],"collection":[{"href":"https:\/\/www.nomus.com.br\/blog-industrial\/wp-json\/wp\/v2\/posts"}],"about":[{"href":"https:\/\/www.nomus.com.br\/blog-industrial\/wp-json\/wp\/v2\/types\/post"}],"author":[{"embeddable":true,"href":"https:\/\/www.nomus.com.br\/blog-industrial\/wp-json\/wp\/v2\/users\/23"}],"replies":[{"embeddable":true,"href":"https:\/\/www.nomus.com.br\/blog-industrial\/wp-json\/wp\/v2\/comments?post=6829"}],"version-history":[{"count":22,"href":"https:\/\/www.nomus.com.br\/blog-industrial\/wp-json\/wp\/v2\/posts\/6829\/revisions"}],"predecessor-version":[{"id":14538,"href":"https:\/\/www.nomus.com.br\/blog-industrial\/wp-json\/wp\/v2\/posts\/6829\/revisions\/14538"}],"wp:featuredmedia":[{"embeddable":true,"href":"https:\/\/www.nomus.com.br\/blog-industrial\/wp-json\/wp\/v2\/media\/12203"}],"wp:attachment":[{"href":"https:\/\/www.nomus.com.br\/blog-industrial\/wp-json\/wp\/v2\/media?parent=6829"}],"wp:term":[{"taxonomy":"category","embeddable":true,"href":"https:\/\/www.nomus.com.br\/blog-industrial\/wp-json\/wp\/v2\/categories?post=6829"},{"taxonomy":"post_tag","embeddable":true,"href":"https:\/\/www.nomus.com.br\/blog-industrial\/wp-json\/wp\/v2\/tags?post=6829"}],"curies":[{"name":"wp","href":"https:\/\/api.w.org\/{rel}","templated":true}]}}