{"id":6581,"date":"2018-06-26T08:00:40","date_gmt":"2018-06-26T11:00:40","guid":{"rendered":"https:\/\/www.nomus.com.br\/blog-industrial\/?p=6581"},"modified":"2026-02-23T18:11:13","modified_gmt":"2026-02-23T21:11:13","slug":"pro-labore","status":"publish","type":"post","link":"https:\/\/www.nomus.com.br\/blog-industrial\/pro-labore\/","title":{"rendered":"O que \u00e9 pr\u00f3-labore e como calcular o valor ideal para voc\u00ea e seus s\u00f3cios"},"content":{"rendered":"<div class=\"text-center\"><a href=\"http:\/\/material.nomus.com.br\/ebook-financeiro-2016\" target=\"_blank\" class=\"bannergerado\"><img decoding=\"async\" id=\"BannerManual\" data-src=\"https:\/\/www.nomus.com.br\/blog-industrial\/wp-content\/uploads\/2018\/11\/banner-gestao-financeirav2.jpg\" alt=\"Gest\u00e3o financeira\" class=\"size-full bannerpadrao lazyload\" src=\"data:image\/svg+xml;base64,PHN2ZyB3aWR0aD0iMSIgaGVpZ2h0PSIxIiB4bWxucz0iaHR0cDovL3d3dy53My5vcmcvMjAwMC9zdmciPjwvc3ZnPg==\" style=\"--smush-placeholder-width: 650px; --smush-placeholder-aspect-ratio: 650\/260;\"><\/a><\/div>\n\n\n\n<p>Pr\u00f3-labore \u00e9 um termo em latim que significa &#8220;<em>Pelo Trabalho&#8221;<\/em> e no Brasil o nome \u00e9 usado para representar a remunera\u00e7\u00e3o de um s\u00f3cio-administrador de uma empresa pelo trabalho realizado durante um per\u00edodo determinado, normalmente mensal.<\/p>\n\n\n\n<p>Curiosidade: muitas pessoas pesquisam qual a forma certa de escrever esse termo. <strong>A resposta \u00e9\u00a0pr\u00f3-labore. <\/strong>A fonte \u00e9 o\u00a0Vocabul\u00e1rio Ortogr\u00e1fico da L\u00edngua Portuguesa seguindo o novo acordo ortogr\u00e1fico.<\/p>\n\n\n\n<p>Neste artigo vamos explicar o que \u00e9 essa <a href=\"https:\/\/www.nomus.com.br\/blog-industrial\/defina-politica-de-remuneracao-de-sua-industria\/\">pol\u00edtica de remunera\u00e7\u00e3o<\/a> com exemplos, as diferen\u00e7as entre o pro-labore, sal\u00e1rio e distribui\u00e7\u00e3o de lucros, e como definir o valor ideal para sua ind\u00fastria. Vamos l\u00e1:<\/p>\n\n\n\n<figure class=\"wp-block-image\"><img decoding=\"async\" width=\"620\" height=\"405\" data-src=\"https:\/\/www.nomus.com.br\/blog-industrial\/wp-content\/uploads\/2018\/06\/pro-labore.jpg\" alt=\"pr\u00f3-labore\" class=\"wp-image-9120 lazyload\" data-srcset=\"https:\/\/www.nomus.com.br\/blog-industrial\/wp-content\/uploads\/2018\/06\/pro-labore.jpg 620w, https:\/\/www.nomus.com.br\/blog-industrial\/wp-content\/uploads\/2018\/06\/pro-labore-345x225.jpg 345w\" data-sizes=\"(max-width: 620px) 100vw, 620px\" src=\"data:image\/svg+xml;base64,PHN2ZyB3aWR0aD0iMSIgaGVpZ2h0PSIxIiB4bWxucz0iaHR0cDovL3d3dy53My5vcmcvMjAwMC9zdmciPjwvc3ZnPg==\" style=\"--smush-placeholder-width: 620px; --smush-placeholder-aspect-ratio: 620\/405;\" \/><\/figure>\n\n\n\n<h2 class=\"wp-block-heading\">Qual a diferen\u00e7a entre pr\u00f3-labore, sal\u00e1rio e distribui\u00e7\u00e3o de lucros?<\/h2>\n\n\n\n<p>H\u00e1 uma diferen\u00e7a na remunera\u00e7\u00e3o dos s\u00f3cios, s\u00f3cios-administradores e a <a href=\"https:\/\/www.nomus.com.br\/blog-industrial\/defina-politica-de-remuneracao-de-sua-industria\/\">remunera\u00e7\u00e3o dos funcion\u00e1rios<\/a>. Eles exercem fun\u00e7\u00f5es diferentes e devem ser remunerados de forma diferente.<\/p>\n\n\n\n<h3 class=\"wp-block-heading\"><strong>O que \u00e9?<\/strong><\/h3>\n\n\n\n<p>Para explicar a diferen\u00e7a, irei come\u00e7ar pelo pr\u00f3-labore. Como disse acima, trata-se de um pagamento &#8220;Pelo Trabalho&#8221; de um s\u00f3cio-administrador.<\/p>\n\n\n\n<p>\u00c9 comum que s\u00f3cios-administradores deem duro no dia a dia das empresas e normalmente s\u00e3o os primeiros a entrar e os \u00faltimos a sair do expediente.<\/p>\n\n\n\n<p>Sendo assim, eles precisam ser remunerados por esse trabalho. \u00c9 ai que entra o Pr\u00f3-labore, \u00e9 a recompensa por estar ativamente trabalhando nos neg\u00f3cios.<\/p>\n\n\n\n<p>Al\u00e9m de receber esse valor, o s\u00f3cio pode ser remunerado de outras formas, como atrav\u00e9s de distribui\u00e7\u00e3o de lucros.<\/p>\n\n\n\n<h3 class=\"wp-block-heading\"><strong>\u00c9 poss\u00edvel ser s\u00f3cio e n\u00e3o receber pr\u00f3-labore?<\/strong><\/h3>\n\n\n\n<p>Sim.<\/p>\n\n\n\n<p>Como disse acima, trata-se da <a href=\"http:\/\/conta.mobi\/blog\/como-calcular-e-retirar-pro-labore\/.\" target=\"_blank\" rel=\"noopener noreferrer\">recompensa do s\u00f3cio<\/a> que trabalha ativamente na administra\u00e7\u00e3o da empresa em que faz parte da sociedade.<\/p>\n\n\n\n<p>Os demais s\u00f3cios que participaram do <a href=\"https:\/\/www.nomus.com.br\/blog-industrial\/capital-social\/\">capital social<\/a> da empresa e n\u00e3o trabalham ativamente no neg\u00f3cio, n\u00e3o recebem o valor, mas\u00a0tem direito a receber distribui\u00e7\u00e3o de lucros, caso a empresa tenha lucro e decida distribuir lucros para seus s\u00f3cios.<\/p>\n\n\n\n<h3 class=\"wp-block-heading\"><strong>Qual a diferen\u00e7a entre o pr\u00f3-labore e o sal\u00e1rio?<\/strong><\/h3>\n\n\n\n<p>A principal diferen\u00e7a est\u00e1 nos direitos trabalhistas como f\u00e9rias, <a href=\"https:\/\/www.nomus.com.br\/blog-industrial\/decimo-terceiro-salario\/\">13\u00ba sal\u00e1rio<\/a>, FGTS, entre outros, que incidem de forma obrigat\u00f3ria sobre o sal\u00e1rio de um funcion\u00e1rio, de acordo com a CLT, e que normalmente que n\u00e3o incidem sobre o pr\u00f3-labore.<\/p>\n\n\n\n<p>Sobre o pr\u00f3-labore h\u00e1 a incid\u00eancia de INSS de at\u00e9 11%, e de IRPF de at\u00e9 27,5% dependendo da faixa de valor, conforme tabela progressiva de al\u00edquotas de IRPF estabelecida pela Receita Federal.<\/p>\n\n\n\n<p>A Receita Federal disponibiliza um site muito interessante para simula\u00e7\u00e3o do IRPF em&nbsp;<a href=\"http:\/\/www.receita.fazenda.gov.br\/aplicacoes\/atrjo\/simulador\/simulador.asp?tipoSimulador=M\" target=\"_blank\" rel=\"noopener noreferrer\">http:\/\/www.receita.fazenda.gov.br\/aplicacoes\/atrjo\/simulador\/simulador.asp?tipoSimulador=M<\/a><\/p>\n\n\n\n<p>\u00c9 claro que se for combinado, \u00e9 poss\u00edvel que um s\u00f3cio-administrador receba direitos trabalhistas como f\u00e9rias, 13o sal\u00e1rio e FGTS, de forma semelhante a um funcion\u00e1rio no regime CLT.<\/p>\n\n\n\n<p>Entretanto, o que normalmente ocorre na pr\u00e1tica \u00e9 um aumento no valor do pr\u00f3-labore para compensar a aus\u00eancia desses direitos trabalhistas, e com isso, normalmente, seu valor \u00e9 mais alto do que o sal\u00e1rio de um funcion\u00e1rio no regime CLT.<\/p>\n\n\n\n<h3 class=\"wp-block-heading\"><strong>Qual a diferen\u00e7a entre o pr\u00f3-labore e a distribui\u00e7\u00e3o de lucros?<\/strong><\/h3>\n\n\n\n<p>O pr\u00f3-labore \u00e9 considerado uma despesa da ind\u00fastria, e dessa forma, reduz o lucro apurado no per\u00edodo e que poder\u00e1 ser distribu\u00eddo aos s\u00f3cios.<\/p>\n\n\n\n<p>A distribui\u00e7\u00e3o de lucros \u00e9 uma forma de remunera\u00e7\u00e3o de todos os s\u00f3cios de uma ind\u00fastria, inclusive os s\u00f3cios que n\u00e3o trabalham ativamente no neg\u00f3cio.<\/p>\n\n\n\n<p>H\u00e1 alguns pr\u00e9-requisitos para que uma ind\u00fastria fa\u00e7a distribui\u00e7\u00e3o de lucros para os seus s\u00f3cios.<\/p>\n\n\n\n<p>O primeiro pr\u00e9-requisito \u00e9 que a ind\u00fastria tenha lucro, e que esse lucro seja apurado no <a href=\"https:\/\/www.nomus.com.br\/blog-industrial\/dre\/\">DRE (Demonstrativo de Resultados do Exerc\u00edcio)<\/a> seguindo as normas cont\u00e1beis em vigor.<\/p>\n\n\n\n<p>O segundo pr\u00e9-requisito \u00e9 que o conselho de administra\u00e7\u00e3o da ind\u00fastria decida distribuir os lucros para os s\u00f3cios e determine o percentual dos lucros que ser\u00e3o distribu\u00eddos para os s\u00f3cios.<\/p>\n\n\n\n<p>Por fim, \u00e9 importante destacar que, para as ind\u00fastrias que apuram o IRPJ e CSLL atrav\u00e9s do regime de Lucro Real, o pr\u00f3-labore reduz o lucro real tribut\u00e1vel, que servir\u00e1 de base para apura\u00e7\u00e3o do IRPJ e CSLL.<\/p>\n\n\n\n<h3 class=\"wp-block-heading\">Existe um valor m\u00ednimo para o pr\u00f3-labore?<\/h3>\n\n\n\n<p>N\u00e3o.<\/p>\n\n\n\n<p>Como o pr\u00f3-labore \u00e9 diferente de um sal\u00e1rio perante a lei, n\u00e3o existe um valor m\u00ednimo ou m\u00e1ximo para ele.<\/p>\n\n\n\n<p>\u00c9 importante definir um valor interessante, j\u00e1 que se o s\u00f3cio for praticar retiradas espor\u00e1dicas no caixa da empresa, ir\u00e1 gerar uma desorganiza\u00e7\u00e3o e trabalho extra para o <a href=\"https:\/\/www.nomus.com.br\/blog-industrial\/contador\/\">contador<\/a>.<\/p>\n\n\n\n<h2 class=\"wp-block-heading\">Como calcular?<\/h2>\n\n\n\n<p>O ideal \u00e9 definir quais s\u00e3o as fun\u00e7\u00f5es que o s\u00f3cio-administrador ir\u00e1 exercer na empresa e quais s\u00e3o suas responsabilidades.<\/p>\n\n\n\n<p>Depois fa\u00e7a uma pesquisa de mercado e veja quanto um funcion\u00e1rio CLT receberia de sal\u00e1rio para executar as fun\u00e7\u00f5es desempenhadas pelo s\u00f3cio-administrador.<\/p>\n\n\n\n<p>Ap\u00f3s essa pesquisa, defina um valor idealmente maior do o sal\u00e1rio do funcion\u00e1rio CLT, para compensar a aus\u00eancia de benef\u00edcios trabalhistas como f\u00e9rias, 13o sal\u00e1rio e FGTS, mas que n\u00e3o comprometa o caixa da ind\u00fastria.<\/p>\n\n\n\n<h2 class=\"wp-block-heading\">Como formalizar o acordo entre os s\u00f3cios?<\/h2>\n\n\n\n<p>Depois que voc\u00ea e os demais s\u00f3cios concordarem com um valor de pr\u00f3-labore, \u00e9 preciso formalizar um acordo para que ele tenha validade jur\u00eddica.<\/p>\n\n\n\n<p>\u00c9 poss\u00edvel fazer essa formaliza\u00e7\u00e3o atrav\u00e9s de cl\u00e1usulas no <a href=\"https:\/\/www.nomus.com.br\/blog-industrial\/contrato-social\/\">contrato social<\/a> da sua ind\u00fastria.<\/p>\n\n\n\n<p>J\u00e1 nos registros cont\u00e1beis da sua ind\u00fastria, \u00e9 importante que o pr\u00f3-labore seja contabilizado como uma despesa administrativa.<\/p>\n\n\n\n<h2 class=\"wp-block-heading\">Como declarar a renda do pr\u00f3-labore?<\/h2>\n\n\n\n<p>Como \u00e9 diferente de um sal\u00e1rio de um funcion\u00e1rio CLT, o s\u00f3cio-administrador n\u00e3o recebe um holerite informativa.<\/p>\n\n\n\n<p>Ent\u00e3o \u00e9 preciso pedir ao seu <a href=\"https:\/\/www.nomus.com.br\/blog-industrial\/contador\/\">contador<\/a> para emitir uma declara\u00e7\u00e3o de pr\u00f3-labore para servir como comprovante de renda e de contribui\u00e7\u00e3o para o INSS.<\/p>\n\n\n\n<h2 class=\"wp-block-heading\">Observa\u00e7\u00f5es importantes<\/h2>\n\n\n\n<p>Fa\u00e7a um <a href=\"https:\/\/www.flua.com.br\/blog\/controle-financeiro-e-planejamento-por-que-sao-importantes\/\" target=\"_blank\" rel=\"noreferrer noopener\">planejamento financeiro<\/a> e tribut\u00e1rio para a sua ind\u00fastria e identifique as vantagens da escolha do pr\u00f3-labore em compara\u00e7\u00e3o com outras formas de remunera\u00e7\u00e3o de s\u00f3cios.<\/p>\n\n\n\n<p>Ap\u00f3s tudo definido, \u00e9 fundamental que tudo seja acordado com os demais s\u00f3cios da empresa para evitar desentendimentos futuros e para preservar a <a href=\"https:\/\/www.nomus.com.br\/blog-industrial\/4-indicadores-financeiros-para-gerenciar-saude-financeira-da-sua-industria\/\">sa\u00fade financeira da sua f\u00e1brica<\/a>.<\/p>\n\n\n\n<p>Para se aprofundar ainda mais nesse t\u00f3pico de <a href=\"https:\/\/www.nomus.com.br\/blog-industrial\/gestao-financeira\/\">gest\u00e3o financeira<\/a>, recomendo que fa\u00e7a o download do nosso:&nbsp;<a href=\"http:\/\/material.nomus.com.br\/ebook-financeiro-2016\"><strong>Guia de gest\u00e3o financeira para pequenas ind\u00fastrias<\/strong><\/a><\/p>\n","protected":false},"excerpt":{"rendered":"<p>Pr\u00f3-labore \u00e9 um termo em latim que significa &#8220;Pelo Trabalho&#8221; e no Brasil o nome \u00e9 usado para representar a remunera\u00e7\u00e3o de um s\u00f3cio-administrador de uma empresa pelo trabalho realizado durante um per\u00edodo determinado, normalmente mensal. Curiosidade: muitas pessoas pesquisam qual a forma certa de escrever esse termo. A resposta \u00e9\u00a0pr\u00f3-labore. A fonte \u00e9 o\u00a0Vocabul\u00e1rio [&hellip;]<\/p>\n","protected":false},"author":6,"featured_media":9120,"comment_status":"open","ping_status":"closed","sticky":false,"template":"","format":"standard","meta":{"_acf_changed":false,"footnotes":""},"categories":[4,9],"tags":[48],"class_list":["post-6581","post","type-post","status-publish","format-standard","has-post-thumbnail","hentry","category-custos-e-financas","category-recursos-humanos","tag-artigo"],"acf":[],"yoast_head":"\n<title>O que \u00e9 pr\u00f3-labore e como calcular o valor ideal para voc\u00ea<\/title>\n<meta name=\"description\" content=\"Descubra rapidamente o que \u00e9 pr\u00f3-labore, como calcular o valor ideal, como contribuir para o INSS e como declarar os valores recebidos.\" \/>\n<meta name=\"robots\" content=\"index, follow, max-snippet:-1, max-image-preview:large, max-video-preview:-1\" \/>\n<link rel=\"canonical\" href=\"https:\/\/www.nomus.com.br\/blog-industrial\/pro-labore\/\" \/>\n<meta property=\"og:locale\" content=\"pt_BR\" \/>\n<meta property=\"og:type\" content=\"article\" \/>\n<meta property=\"og:title\" content=\"O que \u00e9 pr\u00f3-labore e como calcular o valor ideal para voc\u00ea\" \/>\n<meta property=\"og:description\" content=\"Descubra rapidamente o que \u00e9 pr\u00f3-labore, como calcular o valor ideal, como contribuir para o INSS e como declarar os valores recebidos.\" \/>\n<meta property=\"og:url\" content=\"https:\/\/www.nomus.com.br\/blog-industrial\/pro-labore\/\" \/>\n<meta property=\"og:site_name\" content=\"Blog Industrial Nomus\" \/>\n<meta property=\"article:publisher\" content=\"https:\/\/www.facebook.com\/nomussoftwares\" \/>\n<meta property=\"article:published_time\" content=\"2018-06-26T11:00:40+00:00\" \/>\n<meta property=\"article:modified_time\" content=\"2026-02-23T21:11:13+00:00\" \/>\n<meta name=\"author\" content=\"Thiago Le\u00e3o\" \/>\n<meta name=\"twitter:card\" content=\"summary_large_image\" \/>\n<meta name=\"twitter:title\" content=\"O que \u00e9 pr\u00f3-labore e como calcular o valor ideal para voc\u00ea\" \/>\n<meta name=\"twitter:description\" content=\"Descubra rapidamente o que \u00e9 pr\u00f3-labore, como calcular o valor ideal, como contribuir para o INSS e como declarar os valores recebidos.\" \/>\n<meta name=\"twitter:image\" content=\"https:\/\/www.nomus.com.br\/blog-industrial\/wp-content\/uploads\/2018\/06\/pro-labore.jpg\" \/>\n<meta name=\"twitter:creator\" content=\"@nomusindustrial\" \/>\n<meta name=\"twitter:site\" content=\"@nomusindustrial\" \/>\n<meta name=\"twitter:label1\" content=\"Escrito por\" \/>\n\t<meta name=\"twitter:data1\" content=\"Thiago Le\u00e3o\" \/>\n\t<meta name=\"twitter:label2\" content=\"Est. tempo de leitura\" \/>\n\t<meta name=\"twitter:data2\" content=\"6 minutos\" \/>\n<script type=\"application\/ld+json\" class=\"yoast-schema-graph\">{\"@context\":\"https:\/\/schema.org\",\"@graph\":[{\"@type\":\"Article\",\"@id\":\"https:\/\/www.nomus.com.br\/blog-industrial\/pro-labore\/#article\",\"isPartOf\":{\"@id\":\"https:\/\/www.nomus.com.br\/blog-industrial\/pro-labore\/\"},\"author\":{\"name\":\"Thiago Le\u00e3o\",\"@id\":\"https:\/\/www.nomus.com.br\/blog-industrial\/#\/schema\/person\/115b0bd96126ef22c8d296ae68ecf70c\"},\"headline\":\"O que \u00e9 pr\u00f3-labore e como calcular o valor ideal para voc\u00ea e seus s\u00f3cios\",\"datePublished\":\"2018-06-26T11:00:40+00:00\",\"dateModified\":\"2026-02-23T21:11:13+00:00\",\"mainEntityOfPage\":{\"@id\":\"https:\/\/www.nomus.com.br\/blog-industrial\/pro-labore\/\"},\"wordCount\":1138,\"commentCount\":2,\"image\":{\"@id\":\"https:\/\/www.nomus.com.br\/blog-industrial\/pro-labore\/#primaryimage\"},\"thumbnailUrl\":\"https:\/\/www.nomus.com.br\/blog-industrial\/wp-content\/uploads\/2018\/06\/pro-labore.jpg\",\"keywords\":[\"artigo\"],\"articleSection\":[\"Custos e Finan\u00e7as\",\"Recursos Humanos\"],\"inLanguage\":\"pt-BR\",\"potentialAction\":[{\"@type\":\"CommentAction\",\"name\":\"Comment\",\"target\":[\"https:\/\/www.nomus.com.br\/blog-industrial\/pro-labore\/#respond\"]}]},{\"@type\":\"WebPage\",\"@id\":\"https:\/\/www.nomus.com.br\/blog-industrial\/pro-labore\/\",\"url\":\"https:\/\/www.nomus.com.br\/blog-industrial\/pro-labore\/\",\"name\":\"O que \u00e9 pr\u00f3-labore e como calcular o valor ideal para voc\u00ea\",\"isPartOf\":{\"@id\":\"https:\/\/www.nomus.com.br\/blog-industrial\/#website\"},\"primaryImageOfPage\":{\"@id\":\"https:\/\/www.nomus.com.br\/blog-industrial\/pro-labore\/#primaryimage\"},\"image\":{\"@id\":\"https:\/\/www.nomus.com.br\/blog-industrial\/pro-labore\/#primaryimage\"},\"thumbnailUrl\":\"https:\/\/www.nomus.com.br\/blog-industrial\/wp-content\/uploads\/2018\/06\/pro-labore.jpg\",\"datePublished\":\"2018-06-26T11:00:40+00:00\",\"dateModified\":\"2026-02-23T21:11:13+00:00\",\"author\":{\"@id\":\"https:\/\/www.nomus.com.br\/blog-industrial\/#\/schema\/person\/115b0bd96126ef22c8d296ae68ecf70c\"},\"description\":\"Descubra rapidamente o que \u00e9 pr\u00f3-labore, como calcular o valor ideal, como contribuir para o INSS e como declarar os valores recebidos.\",\"breadcrumb\":{\"@id\":\"https:\/\/www.nomus.com.br\/blog-industrial\/pro-labore\/#breadcrumb\"},\"inLanguage\":\"pt-BR\",\"potentialAction\":[{\"@type\":\"ReadAction\",\"target\":[\"https:\/\/www.nomus.com.br\/blog-industrial\/pro-labore\/\"]}]},{\"@type\":\"ImageObject\",\"inLanguage\":\"pt-BR\",\"@id\":\"https:\/\/www.nomus.com.br\/blog-industrial\/pro-labore\/#primaryimage\",\"url\":\"https:\/\/www.nomus.com.br\/blog-industrial\/wp-content\/uploads\/2018\/06\/pro-labore.jpg\",\"contentUrl\":\"https:\/\/www.nomus.com.br\/blog-industrial\/wp-content\/uploads\/2018\/06\/pro-labore.jpg\",\"width\":620,\"height\":405},{\"@type\":\"BreadcrumbList\",\"@id\":\"https:\/\/www.nomus.com.br\/blog-industrial\/pro-labore\/#breadcrumb\",\"itemListElement\":[{\"@type\":\"ListItem\",\"position\":1,\"name\":\"Blog Industrial Nomus\",\"item\":\"https:\/\/www.nomus.com.br\/blog-industrial\/\"},{\"@type\":\"ListItem\",\"position\":2,\"name\":\"Custos e Finan\u00e7as\",\"item\":\"https:\/\/www.nomus.com.br\/blog-industrial\/category\/custos-e-financas\/\"},{\"@type\":\"ListItem\",\"position\":3,\"name\":\"O que \u00e9 pr\u00f3-labore e como calcular o valor ideal para voc\u00ea e seus s\u00f3cios\"}]},{\"@type\":\"WebSite\",\"@id\":\"https:\/\/www.nomus.com.br\/blog-industrial\/#website\",\"url\":\"https:\/\/www.nomus.com.br\/blog-industrial\/\",\"name\":\"Blog Industrial Nomus\",\"description\":\"Artigos, planilhas, ebooks e ferramentas de engenharia de produ\u00e7\u00e3o e para aumentar o lucro da sua f\u00e1brica\",\"potentialAction\":[{\"@type\":\"SearchAction\",\"target\":{\"@type\":\"EntryPoint\",\"urlTemplate\":\"https:\/\/www.nomus.com.br\/blog-industrial\/?s={search_term_string}\"},\"query-input\":{\"@type\":\"PropertyValueSpecification\",\"valueRequired\":true,\"valueName\":\"search_term_string\"}}],\"inLanguage\":\"pt-BR\"},{\"@type\":\"Person\",\"@id\":\"https:\/\/www.nomus.com.br\/blog-industrial\/#\/schema\/person\/115b0bd96126ef22c8d296ae68ecf70c\",\"name\":\"Thiago Le\u00e3o\",\"image\":{\"@type\":\"ImageObject\",\"inLanguage\":\"pt-BR\",\"@id\":\"https:\/\/www.nomus.com.br\/blog-industrial\/#\/schema\/person\/image\/\",\"url\":\"https:\/\/www.nomus.com.br\/blog-industrial\/wp-content\/uploads\/2025\/04\/cropped-1741898334313-96x96.jpg\",\"contentUrl\":\"https:\/\/www.nomus.com.br\/blog-industrial\/wp-content\/uploads\/2025\/04\/cropped-1741898334313-96x96.jpg\",\"caption\":\"Thiago Le\u00e3o\"},\"description\":\"Engenheiro Mec\u00e2nico Industrial formado na UERJ, S\u00f3cio e diretor comercial da Nomus. Thiago j\u00e1 atuou em f\u00e1bricas de diversos setores, como: Embarca\u00e7\u00f5es, perfura\u00e7\u00e3o submarina, metal mec\u00e2nica, materiais de escrit\u00f3rio, aliment\u00edcio, cosm\u00e9ticos e tubula\u00e7\u00e3o.\",\"sameAs\":[\"https:\/\/www.linkedin.com\/in\/engthiagoleao\/\"],\"url\":\"https:\/\/www.nomus.com.br\/blog-industrial\/author\/thiagoleao\/\"}]}<\/script>\n","yoast_head_json":{"title":"O que \u00e9 pr\u00f3-labore e como calcular o valor ideal para voc\u00ea","description":"Descubra rapidamente o que \u00e9 pr\u00f3-labore, como calcular o valor ideal, como contribuir para o INSS e como declarar os valores recebidos.","robots":{"index":"index","follow":"follow","max-snippet":"max-snippet:-1","max-image-preview":"max-image-preview:large","max-video-preview":"max-video-preview:-1"},"canonical":"https:\/\/www.nomus.com.br\/blog-industrial\/pro-labore\/","og_locale":"pt_BR","og_type":"article","og_title":"O que \u00e9 pr\u00f3-labore e como calcular o valor ideal para voc\u00ea","og_description":"Descubra rapidamente o que \u00e9 pr\u00f3-labore, como calcular o valor ideal, como contribuir para o INSS e como declarar os valores recebidos.","og_url":"https:\/\/www.nomus.com.br\/blog-industrial\/pro-labore\/","og_site_name":"Blog Industrial Nomus","article_publisher":"https:\/\/www.facebook.com\/nomussoftwares","article_published_time":"2018-06-26T11:00:40+00:00","article_modified_time":"2026-02-23T21:11:13+00:00","author":"Thiago Le\u00e3o","twitter_card":"summary_large_image","twitter_title":"O que \u00e9 pr\u00f3-labore e como calcular o valor ideal para voc\u00ea","twitter_description":"Descubra rapidamente o que \u00e9 pr\u00f3-labore, como calcular o valor ideal, como contribuir para o INSS e como declarar os valores recebidos.","twitter_image":"https:\/\/www.nomus.com.br\/blog-industrial\/wp-content\/uploads\/2018\/06\/pro-labore.jpg","twitter_creator":"@nomusindustrial","twitter_site":"@nomusindustrial","twitter_misc":{"Escrito por":"Thiago Le\u00e3o","Est. tempo de leitura":"6 minutos"},"schema":{"@context":"https:\/\/schema.org","@graph":[{"@type":"Article","@id":"https:\/\/www.nomus.com.br\/blog-industrial\/pro-labore\/#article","isPartOf":{"@id":"https:\/\/www.nomus.com.br\/blog-industrial\/pro-labore\/"},"author":{"name":"Thiago Le\u00e3o","@id":"https:\/\/www.nomus.com.br\/blog-industrial\/#\/schema\/person\/115b0bd96126ef22c8d296ae68ecf70c"},"headline":"O que \u00e9 pr\u00f3-labore e como calcular o valor ideal para voc\u00ea e seus s\u00f3cios","datePublished":"2018-06-26T11:00:40+00:00","dateModified":"2026-02-23T21:11:13+00:00","mainEntityOfPage":{"@id":"https:\/\/www.nomus.com.br\/blog-industrial\/pro-labore\/"},"wordCount":1138,"commentCount":2,"image":{"@id":"https:\/\/www.nomus.com.br\/blog-industrial\/pro-labore\/#primaryimage"},"thumbnailUrl":"https:\/\/www.nomus.com.br\/blog-industrial\/wp-content\/uploads\/2018\/06\/pro-labore.jpg","keywords":["artigo"],"articleSection":["Custos e Finan\u00e7as","Recursos Humanos"],"inLanguage":"pt-BR","potentialAction":[{"@type":"CommentAction","name":"Comment","target":["https:\/\/www.nomus.com.br\/blog-industrial\/pro-labore\/#respond"]}]},{"@type":"WebPage","@id":"https:\/\/www.nomus.com.br\/blog-industrial\/pro-labore\/","url":"https:\/\/www.nomus.com.br\/blog-industrial\/pro-labore\/","name":"O que \u00e9 pr\u00f3-labore e como calcular o valor ideal para voc\u00ea","isPartOf":{"@id":"https:\/\/www.nomus.com.br\/blog-industrial\/#website"},"primaryImageOfPage":{"@id":"https:\/\/www.nomus.com.br\/blog-industrial\/pro-labore\/#primaryimage"},"image":{"@id":"https:\/\/www.nomus.com.br\/blog-industrial\/pro-labore\/#primaryimage"},"thumbnailUrl":"https:\/\/www.nomus.com.br\/blog-industrial\/wp-content\/uploads\/2018\/06\/pro-labore.jpg","datePublished":"2018-06-26T11:00:40+00:00","dateModified":"2026-02-23T21:11:13+00:00","author":{"@id":"https:\/\/www.nomus.com.br\/blog-industrial\/#\/schema\/person\/115b0bd96126ef22c8d296ae68ecf70c"},"description":"Descubra rapidamente o que \u00e9 pr\u00f3-labore, como calcular o valor ideal, como contribuir para o INSS e como declarar os valores recebidos.","breadcrumb":{"@id":"https:\/\/www.nomus.com.br\/blog-industrial\/pro-labore\/#breadcrumb"},"inLanguage":"pt-BR","potentialAction":[{"@type":"ReadAction","target":["https:\/\/www.nomus.com.br\/blog-industrial\/pro-labore\/"]}]},{"@type":"ImageObject","inLanguage":"pt-BR","@id":"https:\/\/www.nomus.com.br\/blog-industrial\/pro-labore\/#primaryimage","url":"https:\/\/www.nomus.com.br\/blog-industrial\/wp-content\/uploads\/2018\/06\/pro-labore.jpg","contentUrl":"https:\/\/www.nomus.com.br\/blog-industrial\/wp-content\/uploads\/2018\/06\/pro-labore.jpg","width":620,"height":405},{"@type":"BreadcrumbList","@id":"https:\/\/www.nomus.com.br\/blog-industrial\/pro-labore\/#breadcrumb","itemListElement":[{"@type":"ListItem","position":1,"name":"Blog Industrial Nomus","item":"https:\/\/www.nomus.com.br\/blog-industrial\/"},{"@type":"ListItem","position":2,"name":"Custos e Finan\u00e7as","item":"https:\/\/www.nomus.com.br\/blog-industrial\/category\/custos-e-financas\/"},{"@type":"ListItem","position":3,"name":"O que \u00e9 pr\u00f3-labore e como calcular o valor ideal para voc\u00ea e seus s\u00f3cios"}]},{"@type":"WebSite","@id":"https:\/\/www.nomus.com.br\/blog-industrial\/#website","url":"https:\/\/www.nomus.com.br\/blog-industrial\/","name":"Blog Industrial Nomus","description":"Artigos, planilhas, ebooks e ferramentas de engenharia de produ\u00e7\u00e3o e para aumentar o lucro da sua f\u00e1brica","potentialAction":[{"@type":"SearchAction","target":{"@type":"EntryPoint","urlTemplate":"https:\/\/www.nomus.com.br\/blog-industrial\/?s={search_term_string}"},"query-input":{"@type":"PropertyValueSpecification","valueRequired":true,"valueName":"search_term_string"}}],"inLanguage":"pt-BR"},{"@type":"Person","@id":"https:\/\/www.nomus.com.br\/blog-industrial\/#\/schema\/person\/115b0bd96126ef22c8d296ae68ecf70c","name":"Thiago Le\u00e3o","image":{"@type":"ImageObject","inLanguage":"pt-BR","@id":"https:\/\/www.nomus.com.br\/blog-industrial\/#\/schema\/person\/image\/","url":"https:\/\/www.nomus.com.br\/blog-industrial\/wp-content\/uploads\/2025\/04\/cropped-1741898334313-96x96.jpg","contentUrl":"https:\/\/www.nomus.com.br\/blog-industrial\/wp-content\/uploads\/2025\/04\/cropped-1741898334313-96x96.jpg","caption":"Thiago Le\u00e3o"},"description":"Engenheiro Mec\u00e2nico Industrial formado na UERJ, S\u00f3cio e diretor comercial da Nomus. Thiago j\u00e1 atuou em f\u00e1bricas de diversos setores, como: Embarca\u00e7\u00f5es, perfura\u00e7\u00e3o submarina, metal mec\u00e2nica, materiais de escrit\u00f3rio, aliment\u00edcio, cosm\u00e9ticos e tubula\u00e7\u00e3o.","sameAs":["https:\/\/www.linkedin.com\/in\/engthiagoleao\/"],"url":"https:\/\/www.nomus.com.br\/blog-industrial\/author\/thiagoleao\/"}]}},"_links":{"self":[{"href":"https:\/\/www.nomus.com.br\/blog-industrial\/wp-json\/wp\/v2\/posts\/6581","targetHints":{"allow":["GET"]}}],"collection":[{"href":"https:\/\/www.nomus.com.br\/blog-industrial\/wp-json\/wp\/v2\/posts"}],"about":[{"href":"https:\/\/www.nomus.com.br\/blog-industrial\/wp-json\/wp\/v2\/types\/post"}],"author":[{"embeddable":true,"href":"https:\/\/www.nomus.com.br\/blog-industrial\/wp-json\/wp\/v2\/users\/6"}],"replies":[{"embeddable":true,"href":"https:\/\/www.nomus.com.br\/blog-industrial\/wp-json\/wp\/v2\/comments?post=6581"}],"version-history":[{"count":25,"href":"https:\/\/www.nomus.com.br\/blog-industrial\/wp-json\/wp\/v2\/posts\/6581\/revisions"}],"predecessor-version":[{"id":33895,"href":"https:\/\/www.nomus.com.br\/blog-industrial\/wp-json\/wp\/v2\/posts\/6581\/revisions\/33895"}],"wp:featuredmedia":[{"embeddable":true,"href":"https:\/\/www.nomus.com.br\/blog-industrial\/wp-json\/wp\/v2\/media\/9120"}],"wp:attachment":[{"href":"https:\/\/www.nomus.com.br\/blog-industrial\/wp-json\/wp\/v2\/media?parent=6581"}],"wp:term":[{"taxonomy":"category","embeddable":true,"href":"https:\/\/www.nomus.com.br\/blog-industrial\/wp-json\/wp\/v2\/categories?post=6581"},{"taxonomy":"post_tag","embeddable":true,"href":"https:\/\/www.nomus.com.br\/blog-industrial\/wp-json\/wp\/v2\/tags?post=6581"}],"curies":[{"name":"wp","href":"https:\/\/api.w.org\/{rel}","templated":true}]}}