{"id":3652,"date":"2016-09-22T07:39:59","date_gmt":"2016-09-22T10:39:59","guid":{"rendered":"http:\/\/www.nomus.com.br\/blog-industrial\/?p=3652"},"modified":"2025-07-29T10:05:54","modified_gmt":"2025-07-29T13:05:54","slug":"ebook-o-guia-para-superar-a-crise-especialistas-dao-dicas-para-sua-industria-superar-a-crise","status":"publish","type":"post","link":"https:\/\/www.nomus.com.br\/blog-industrial\/ebook-o-guia-para-superar-a-crise-especialistas-dao-dicas-para-sua-industria-superar-a-crise\/","title":{"rendered":"[eBook] O guia para sua ind\u00fastria superar a crise"},"content":{"rendered":"\n<hr class=\"wp-block-separator has-css-opacity\"\/>\n\n\n\n<p class=\"center\"><a class=\"btn btn-success botao-demonstracao\" href=\"http:\/\/material.nomus.com.br\/o-guia-para-superar-a-crise\" target=\"_blank\" rel=\"noopener noreferrer\">Download do eBook &#8220;O Guia para sua ind\u00fastria superar a crise&#8221;<\/a><\/p>\n\n\n\n<hr class=\"wp-block-separator has-css-opacity\"\/>\n\n\n\n<p><span style=\"font-weight: 400;\">Com o atual cen\u00e1rio econ\u00f4mico do Brasil, afetado pela crise, muitas empresas preocupam-se em desenvolver estrat\u00e9gias para n\u00e3o sofrerem o impacto em suas vendas e lucro e ainda destacarem-se em meio \u00e0 concorr\u00eancia cada vez maior. Um dos artigos de grande destaque do Blog Industrial Nomus foi sobre<\/span><a href=\"http:\/\/www.nomus.com.br\/blog-industrial\/2015\/08\/empresas-e-organizacoes-que-a-sua-industria-precisa-conhecer-para-sair-da-crise\/\"><span style=\"font-weight: 400;\"> 40 empresas e organiza\u00e7\u00f5es que sua ind\u00fastria precisa conhecer para sair da crise<\/span><\/a><span style=\"font-weight: 400;\">.<\/span><\/p>\n\n\n\n<p><span style=\"font-weight: 400;\">Para ajudar ainda mais os profissionais da \u00e1rea industrial a driblarem essa fase dif\u00edcil, reunimos conselhos de mais de 50 profissionais de diferentes \u00e1reas e renomados no assunto em um eBook com solu\u00e7\u00f5es completas e pr\u00e1ticas para todos os <a href=\"https:\/\/www.nomus.com.br\/blog-industrial\/tipos-de-industria\/\">tipos de ind\u00fastrias<\/a>.<\/span><\/p>\n\n\n\n<p><span style=\"font-weight: 400;\">Confira as empresas que est\u00e3o no eBook e uma pequena amostra das grandes dicas presentes nesse material que pode ser adquirido gratuitamente pelo link abaixo:<\/span><\/p>\n\n\n\n<hr class=\"wp-block-separator has-css-opacity\"\/>\n\n\n\n<p class=\"center\"><a class=\"btn btn-success botao-demonstracao\" href=\"http:\/\/material.nomus.com.br\/o-guia-para-superar-a-crise\" target=\"_blank\" rel=\"noopener noreferrer\">Download do eBook &#8220;O Guia para sua ind\u00fastria superar a crise&#8221;<\/a><\/p>\n\n\n\n<hr class=\"wp-block-separator has-css-opacity\"\/>\n\n\n\n<h2 class=\"wp-block-heading\"><span style=\"font-weight: 400;\">ABEPRO&nbsp;<\/span><\/h2>\n\n\n\n<p><strong>Milton Vieira J\u00fanior &#8211; Presidente da ABEPRO, Diretor e Pesquisador do Programa de P\u00f3s Gradua\u00e7\u00e3o em <a href=\"https:\/\/www.nomus.com.br\/blog-industrial\/engenharia-de-producao\/\">Engenharia de Produ\u00e7\u00e3o<\/a> da Universidade Nove de Julho (UNINOVE); Consultor da GeoTecno Solu\u00e7\u00f5es em Automa\u00e7\u00e3o (<a href=\"http:\/\/www.geotecno.com.br\/\">geotecno.com.br\/<\/a>).<\/strong><\/p>\n\n\n\n<p><span style=\"font-weight: 400;\">\u201cA Competitividade das empresas \u00e9 afetada por diversos fatores, sendo os mais importantes as estrat\u00e9gias adotadas pela concorr\u00eancia (sejam novos concorrentes ou concorrentes j\u00e1 existentes no mercado), a press\u00e3o do mercado por novos produtos ou por produtos que venham a integrar novas tecnologias, e (&#8230;)\u201d<\/span><\/p>\n\n\n\n<h2 class=\"wp-block-heading\"><span style=\"font-weight: 400;\">Abepro Jovem<\/span><\/h2>\n\n\n\n<p><b>Vinicius Aguiar &#8211; Presidente da ABEPRO Jovem<\/b><\/p>\n\n\n\n<p><span style=\"font-weight: 400;\">\u201c (&#8230;) \u00c9 necess\u00e1rio focar no presente, com inova\u00e7\u00e3o de produtos e\/ou processos juntamente com uma boa gest\u00e3o de pessoas (&#8230;)\u201d<\/span><\/p>\n\n\n\n<h2 class=\"wp-block-heading\"><span style=\"font-weight: 400;\">Business Transformation<\/span><\/h2>\n\n\n\n<p><b>Leandro Jesus &#8211; Co-Fundador<\/b><\/p>\n\n\n\n<p><i><span style=\"font-weight: 400;\">\u201c(&#8230;) Boa parte das grandes corpora\u00e7\u00f5es n\u00e3o sobreviver\u00e1 aos pr\u00f3ximos 10 anos em fun\u00e7\u00e3o da incapacidade de se adaptar a um ritmo acelerado de inova\u00e7\u00f5es. (&#8230;)<\/span><\/i><\/p>\n\n\n\n<h2 class=\"wp-block-heading\"><span style=\"font-weight: 400;\">Coach Phil<\/span><\/h2>\n\n\n\n<h3 class=\"wp-block-heading\"><b>Philip Mark Magrath &#8211; Coach executivo de l\u00edderes<\/b><\/h3>\n\n\n\n<p><span style=\"font-weight: 400;\">\u201cPor mais de uma d\u00e9cada dando Coaching Executivo para l\u00edderes em todos os n\u00edveis hier\u00e1rquicos de uma empresa, incluindo os donos e os <a href=\"https:\/\/www.nomus.com.br\/blog-industrial\/ceo\/\">CEO<\/a>\u2019s, tenho visto que 3 Gargalos principais afetam diretamente a Qualidade e Produtividade das empresas e que se resolvidos as ajudar\u00e3o a sair de qualquer cen\u00e1rio de crise (&#8230;)\u201d<\/span><\/p>\n\n\n\n<h2 class=\"wp-block-heading\"><span style=\"font-weight: 400;\">EJEP<\/span><\/h2>\n\n\n\n<p>Site:&nbsp;<a href=\"http:\/\/www.ejep.com.br\" target=\"_blank\" rel=\"noopener noreferrer\">ejep.com.br<\/a><\/p>\n\n\n\n<h3 class=\"wp-block-heading\"><b>Yuri Boing &#8211; Gerente de Consultoria &nbsp;EJEP<\/b><\/h3>\n\n\n\n<p><span style=\"font-weight: 400;\">\u201c(&#8230;)No atual cen\u00e1rio econ\u00f4mico, as empresas est\u00e3o sendo obrigadas a realizar mudan\u00e7as para continuarem competitivas no mercado. E uma das maneiras de mudar \u00e9<\/span> <span style=\"font-weight: 400;\">(&#8230;)\u201d<\/span><\/p>\n\n\n\n<h3 class=\"wp-block-heading\"><b>Caio Dalmoro &#8211; Gerente de Consultoria EJEP<\/b><\/h3>\n\n\n\n<p><span style=\"font-weight: 400;\">\u201c(&#8230;) A crise n\u00e3o passa de uma condi\u00e7\u00e3o na qual \u00e9 necess\u00e1ria coragem e uma grande quantidade de informa\u00e7\u00f5es para tomarmos as decis\u00f5es necess\u00e1rias, sem nunca se fechar para novas ideias e oportunidades. Tendo isso em mente minha dica para sair da crise seria (&#8230;)\u201d<\/span><\/p>\n\n\n\n<h3 class=\"wp-block-heading\"><b>Manuela Testoni &#8211; Diretora de Marketing EJEP<\/b><\/h3>\n\n\n\n<p><span style=\"font-weight: 400;\">\u201c(&#8230;) \u00e9 uma das in\u00fameras ferramentas do <a href=\"https:\/\/www.nomus.com.br\/blog-industrial\/lean\/\">Lean<\/a>, na qual busca-se reduzir o tempo de setup, ou per\u00edodo de ajuste, das m\u00e1quinas utilizadas na produ\u00e7\u00e3o para torn\u00e1-las mais eficientes. (&#8230;)\u201d<\/span><\/p>\n\n\n\n<h3 class=\"wp-block-heading\"><b>Daniel Paredes &#8211; Gerente S\u00eanior de Consultoria &nbsp;EJEP<\/b><\/h3>\n\n\n\n<p><span style=\"font-weight: 400;\">\u201c(&#8230;) Como voc\u00ea lida com os problemas relacionados \u00e0 crise em sua organiza\u00e7\u00e3o? Uma das formas com que podemos resolver muitos desses problemas s\u00e3o atrav\u00e9s de (&#8230;)\u201d<\/span><\/p>\n\n\n\n<hr class=\"wp-block-separator has-css-opacity\"\/>\n\n\n\n<p class=\"center\"><a class=\"btn btn-success botao-demonstracao\" href=\"http:\/\/material.nomus.com.br\/o-guia-para-superar-a-crise\" target=\"_blank\" rel=\"noopener noreferrer\">Veja as dicas completas no eBook<\/a><\/p>\n\n\n\n<hr class=\"wp-block-separator has-css-opacity\"\/>\n\n\n\n<h2 class=\"wp-block-heading\"><span style=\"font-weight: 400;\">EloGroup<\/span><\/h2>\n\n\n\n<p>Site:&nbsp;<a href=\"http:\/\/elogroup.com.br\" target=\"_blank\" rel=\"noopener noreferrer\">elogroup.com.br<\/a><\/p>\n\n\n\n<h3 class=\"wp-block-heading\"><b>Daniel Karrer &#8211; s\u00f3cio fundador<\/b><\/h3>\n\n\n\n<p><span style=\"font-weight: 400;\">\u201c(&#8230;) qual \u00e9 o papel da gest\u00e3o nisso tudo? Commodity ou <a href=\"https:\/\/www.nomus.com.br\/blog-industrial\/diferencial-competitivo\/\">diferencial competitivo<\/a>? N\u00e3o h\u00e1 aqui nenhuma pretens\u00e3o de colocar um ponto final nesse debate. Por\u00e9m, creio que uma forma interessante de analisar essa quest\u00e3o \u00e9 sob uma perspectiva temporal (&#8230;)\u201d<\/span><\/p>\n\n\n\n<h3 class=\"wp-block-heading\"><b>Ricardo Gon\u00e7alves &#8211; Diretor<\/b><\/h3>\n\n\n\n<p><span style=\"font-weight: 400;\">\u201c Uma das dicas para se manter uma f\u00e1brica competitiva e sustent\u00e1vel perante o atual cen\u00e1rio \u00e9 empreender esfor\u00e7os para a melhoria e transforma\u00e7\u00e3o de seus processos (&#8230;)\u201d<\/span><\/p>\n\n\n\n<h2 class=\"wp-block-heading\"><span style=\"font-weight: 400;\">Endeavor<\/span><\/h2>\n\n\n\n<p>Site:&nbsp;<a href=\"http:\/\/www.endeavor.org.br\" target=\"_blank\" rel=\"noopener noreferrer\">endeavor.org.br<\/a><\/p>\n\n\n\n<h3 class=\"wp-block-heading\"><b>Luiz Guilherme Manzano &#8211; Diretor de Apoio a Empreendedores da Endeavor<\/b><\/h3>\n\n\n\n<p><span style=\"font-weight: 400;\">\u201c A busca incessante pela maestria no que faz o levar\u00e1 a ser o mais produtivo da sua ind\u00fastria. No entanto, tenha muito cuidado ao se comparar apenas com a sua concorr\u00eancia (&#8230;)\u201d<\/span><\/p>\n\n\n\n<h2 class=\"wp-block-heading\"><span style=\"font-weight: 400;\">Exact Sales<\/span><\/h2>\n\n\n\n<p>Site:&nbsp;<a href=\"http:\/\/exactsales.com.br\" target=\"_blank\" rel=\"noopener noreferrer\">exactsales.com.br<\/a><\/p>\n\n\n\n<h3 class=\"wp-block-heading\"><b>Flavia Menegazzo &#8211; Gerente de Sucesso<\/b><\/h3>\n\n\n\n<p><span style=\"font-weight: 400;\">\u201d(&#8230;) Na crise o que vemos \u00e9 a retra\u00e7\u00e3o. Conhecer bem os mercados de atua\u00e7\u00e3o, entender porque seus clientes continuam comprando de voc\u00ea e quais necessidades voc\u00ea atende \u00e9 fundamental para se manter na crise (&#8230;)\u201d<\/span><\/p>\n\n\n\n<h3 class=\"wp-block-heading\"><b>Kayu\u00e1 Freitas &#8211; Coordenador Comercial<\/b><\/h3>\n\n\n\n<p><span style=\"font-weight: 400;\">\u201c(&#8230;)Ao criar um processo de qualifica\u00e7\u00e3o de leads, o seu <a href=\"https:\/\/www.nomus.com.br\/blog-industrial\/6-dicas-para-montar-o-setor-comercial-perfeito-para-sua-industria\/\">setor comercial<\/a> poder\u00e1 otimizar o tempo e ser mais produtivo. Mas, para iniciar o processo de qualifica\u00e7\u00e3o voc\u00ea pode separar os leads em tr\u00eas categorias b\u00e1sicas: (&#8230;)\u201d<\/span><\/p>\n\n\n\n<h3 class=\"wp-block-heading\"><b>Victor Motta &#8211; Consultor de Vendas<\/b><\/h3>\n\n\n\n<p><span style=\"font-weight: 400;\">\u201c(&#8230;) se as metas j\u00e1 n\u00e3o est\u00e3o sendo batidas como antes voc\u00ea j\u00e1 parou para analisar que algo precisa ser feito? Afinal de contas, voc\u00ea quer os melhores resultados poss\u00edveis para a sua empresa(&#8230;)\u201d<\/span><\/p>\n\n\n\n<h2 class=\"wp-block-heading\"><span style=\"font-weight: 400;\">EY<\/span><\/h2>\n\n\n\n<h3 class=\"wp-block-heading\"><b>Guia Como Crescer &#8211; Estrat\u00e9gia, gest\u00e3o e recursos para sua empresa<\/b><\/h3>\n\n\n\n<p><span style=\"font-weight: 400;\">\u201c(&#8230;) A transpar\u00eancia em rela\u00e7\u00e3o aos n\u00fameros, por exemplo, que seria uma das prioridades durante a prepara\u00e7\u00e3o para a execu\u00e7\u00e3o de um plano de crescimento, \u00e9 tamb\u00e9m um dos aspectos em que mais as empresas deixam pontas desamarradas \u2013 (&#8230;)\u201d<\/span><\/p>\n\n\n\n<h2 class=\"wp-block-heading\"><span style=\"font-weight: 400;\">FAC Redentor<\/span><\/h2>\n\n\n\n<p>Site:&nbsp;<a href=\"http:\/\/www.redentor.edu.br\" target=\"_blank\" rel=\"noopener noreferrer\">redentor.edu.br<\/a><\/p>\n\n\n\n<h3 class=\"wp-block-heading\"><b>Vitor Hugo Vidal Rangel Junior &#8211; Diretor Nacional de P\u00f3s-Gradua\u00e7\u00e3o<\/b><\/h3>\n\n\n\n<p><span style=\"font-weight: 400;\">\u201c(&#8230;) N\u00e3o altere a qualidade do seu produto, sen\u00e3o a vida fica muito mais dif\u00edcil.\u201d<\/span><\/p>\n\n\n\n<h2 class=\"wp-block-heading\"><span style=\"font-weight: 400;\">Fluxo Consultoria<\/span><\/h2>\n\n\n\n<p>Site:&nbsp;<a href=\"http:\/\/fluxoconsultoria.poli.ufrj.br\" target=\"_blank\" rel=\"noopener noreferrer\">fluxoconsultoria.poli.ufrj.br<\/a><\/p>\n\n\n\n<h3 class=\"wp-block-heading\"><b>Jorge Tadeu Duarte Romano &#8211; Diretor de Marketing<\/b><\/h3>\n\n\n\n<p><span style=\"font-weight: 400;\">\u201c(&#8230;) com a crise dos \u00faltimos anos, gerentes industriais pressionados para manter suas margens, fazem mudan\u00e7as na estrutura de produ\u00e7\u00e3o sem o devido <a href=\"https:\/\/www.nomus.com.br\/blog-industrial\/ppcp\/\">planejamento<\/a> e estudo de impacto.(&#8230;)\u201d<\/span><\/p>\n\n\n\n<h3 class=\"wp-block-heading\"><b>Amanda Raposo Barbosa &#8211; Assessora de Marketing<\/b><\/h3>\n\n\n\n<p><span style=\"font-weight: 400;\">\u201c(&#8230;) Os par\u00e2metros de qualidade s\u00e3o renovados continuamente e a busca por inova\u00e7\u00f5es alcan\u00e7a um patamar de necessidade constante (&#8230;)\u201d<\/span><\/p>\n\n\n\n<h3 class=\"wp-block-heading\"><b>Vinicius Muniz Fernandes &#8211; Presidente<\/b><\/h3>\n\n\n\n<p><span style=\"font-weight: 400;\">\u201c(&#8230;) Uma das op\u00e7\u00f5es para manter sua empresa competitiva, principalmente em momentos de crise econ\u00f4mica como atualmente vivemos, \u00e9 olhar para o ambiente interno da ind\u00fastria e analisar os pontos que podem ser otimizados (&#8230;)\u201d<\/span><\/p>\n\n\n\n<hr class=\"wp-block-separator has-css-opacity\"\/>\n\n\n\n<p class=\"center\"><a class=\"btn btn-success botao-demonstracao\" href=\"http:\/\/material.nomus.com.br\/o-guia-para-superar-a-crise\" target=\"_blank\" rel=\"noopener noreferrer\">Veja as dicas completas no eBook<\/a><\/p>\n\n\n\n<hr class=\"wp-block-separator has-css-opacity\"\/>\n\n\n\n<h2 class=\"wp-block-heading\"><span style=\"font-weight: 400;\">Grupo Voitto<\/span><\/h2>\n\n\n\n<p>site:&nbsp;<a href=\"http:\/\/voitto.com.br\" target=\"_blank\" rel=\"noopener noreferrer\">voitto.com.br<\/a><\/p>\n\n\n\n<h3 class=\"wp-block-heading\"><b>Thiago Coutinho &#8211; Fundador e diretor executivo<\/b><\/h3>\n\n\n\n<p><span style=\"font-weight: 400;\">\u201c(&#8230;) Os colaboradores s\u00e3o de fato o grande diferencial das empresas. M\u00e1quinas n\u00e3o desenvolvem empresas de sucesso (&#8230;)\u201d<\/span><\/p>\n\n\n\n<h2 class=\"wp-block-heading\"><span style=\"font-weight: 400;\">High Stakes Academy<\/span><\/h2>\n\n\n\n<p>Site:&nbsp;<a href=\"http:\/\/www.hsacademy.com.br\/\" target=\"_blank\" rel=\"noopener noreferrer\">hsacademy.com.br<\/a><\/p>\n\n\n\n<h3 class=\"wp-block-heading\"><b>Gabriel Goffi &#8211; CEO da High Stakes Academy e criador do High Stakes Lifestyle<\/b><\/h3>\n\n\n\n<p><span style=\"font-weight: 400;\">\u201c(&#8230;) No mundo do empreendedorismo \u00e9 muito comum a gente falar que \u00e9 na crise que surgem as maiores oportunidades. Isso faz muito sentido\u2026 j\u00e1 parou para pensar que na crise n\u00e3o se queima dinheiro? O dinheiro n\u00e3o desaparece, ele apenas troca de m\u00e3os.(&#8230;)\u201d<\/span><\/p>\n\n\n\n<h2 class=\"wp-block-heading\">Hominiss Consulting<span style=\"font-weight: 400;\">&nbsp;<\/span><\/h2>\n\n\n\n<p>Site:&nbsp;<a href=\"http:\/\/hominiss.com.br\/\" target=\"_blank\" rel=\"noopener noreferrer\">hominiss.com.br<\/a><\/p>\n\n\n\n<p><b>F\u00e1bio Fernandes &#8211; <\/b><b>Sales Development<\/b><b> na Hominiss Consulting<\/b><\/p>\n\n\n\n<p><span style=\"font-weight: 400;\">\u201c<\/span><span style=\"font-weight: 400;\">(&#8230;)<\/span><span style=\"font-weight: 400;\">e voc\u00ea melhorar o resultado da sua empresa em 0,1% todo dia, ter\u00e1 um grande resultado no final do ano, certo? A quest\u00e3o \u00e9 que voc\u00ea n\u00e3o precisa sair da <\/span><b>situa\u00e7\u00e3o atual<\/b><span style=\"font-weight: 400;\"> e pular direto para uma <\/span><b>situa\u00e7\u00e3o ideal<\/b><span style=\"font-weight: 400;\">. A ideia da melhoria cont\u00ednua \u00e9<\/span><span style=\"font-weight: 400;\">(&#8230;)\u201d<\/span><\/p>\n\n\n\n<h2 class=\"wp-block-heading\"><span style=\"font-weight: 400;\">IESPE<\/span><\/h2>\n\n\n\n<p>Site:&nbsp;<a href=\"http:\/\/www.iespe.com.br\" target=\"_blank\" rel=\"noopener noreferrer\">iespe.com.br<\/a><\/p>\n\n\n\n<h3 class=\"wp-block-heading\"><b>Ralph Vianna &#8211; Gerente de marketing<\/b><\/h3>\n\n\n\n<p><span style=\"font-weight: 400;\">\u201c(&#8230;) Uma marca bem posicionada garante uma maior efic\u00e1cia na sua comunica\u00e7\u00e3o e, consequentemente, no seu investimento em marketing.\u201d<\/span><\/p>\n\n\n\n<h2 class=\"wp-block-heading\"><span style=\"font-weight: 400;\">Intelie<\/span><\/h2>\n\n\n\n<p>Site:&nbsp;<a href=\"http:\/\/www.intelie.com\/\" target=\"_blank\" rel=\"noopener noreferrer\">www.intelie.com<\/a><\/p>\n\n\n\n<h3 class=\"wp-block-heading\"><b>Ricardo Clemente &#8211; fundador e diretor executivo<\/b><\/h3>\n\n\n\n<p><span style=\"font-weight: 400;\">\u201c(&#8230;) Em termos de efici\u00eancia, estamos na era dos \u201cmicro-KPIs\u201d, onde a an\u00e1lise de cada minuto gasto em atividades se torna poss\u00edvel por meio de dados de sensores e algoritmos que interpretam os dados e os traduzem em atividades (&#8230;)\u201d &nbsp;<\/span><\/p>\n\n\n\n<h3 class=\"wp-block-heading\"><b>L\u00e9lio Souza &#8211; CEO<\/b><\/h3>\n\n\n\n<p><span style=\"font-weight: 400;\">\u201c(&#8230;) A maioria das empresas j\u00e1 percebeu que dados, ao lado de capital humano, \u00e9 um de seus mais valiosos ativos e t\u00eam empreendido esfor\u00e7os e investimentos em tecnologia, (&#8230;)\u201d<\/span><\/p>\n\n\n\n<h2 class=\"wp-block-heading\">Livro &#8220;Gerenciamento de Riscos &#8211; <i>do Ponto de Vista da Gest\u00e3o da Produ\u00e7\u00e3o&#8221;<\/i><\/h2>\n\n\n\n<h3 class=\"wp-block-heading\"><b>Daniel Fonseca Luz &#8211; autor do livro e consultor de produ\u00e7\u00e3o &#8211; danielfonsecaluz@gmail.com<\/b><\/h3>\n\n\n\n<p><span style=\"font-weight: 400;\">\u201cTodos os gestores e empreendedores devem saber em qual terreno est\u00e3o pisando. Voc\u00ea sabe? (&#8230;)\u201d<\/span><\/p>\n\n\n\n<h2 class=\"wp-block-heading\"><span style=\"font-weight: 400;\">Mais Consultoria J\u00fanior<\/span><\/h2>\n\n\n\n<p>Site:&nbsp;<a href=\"http:\/\/maisconsultoria.com.br\/site\/\" target=\"_blank\" rel=\"noopener noreferrer\">maisconsultoria.com.br<\/a><\/p>\n\n\n\n<h3 class=\"wp-block-heading\"><b>Mois\u00e9s Vieira &#8211; Diretor de Marketing<\/b><\/h3>\n\n\n\n<p><span style=\"font-weight: 400;\">\u201c(&#8230;) Apesar de o aspecto financeiro ser o melhor indicador do desenvolvimento da empresa, muitas vezes o problema reside em processos internos (&#8230;)\u201d<\/span><\/p>\n\n\n\n<h2 class=\"wp-block-heading\"><span style=\"font-weight: 400;\">Mais.im<\/span><\/h2>\n\n\n\n<p>Site:&nbsp;<a href=\"http:\/\/mais.im\" target=\"_blank\" rel=\"noopener noreferrer\">mais.im<\/a><\/p>\n\n\n\n<h3 class=\"wp-block-heading\"><b>Fernanda Fonseca &#8211; Co-fundadora da Mais.im<\/b><\/h3>\n\n\n\n<p><span style=\"font-weight: 400;\">\u201c(&#8230;) 1. Dedique tempo para identificar os gargalos que podem estar atrapalhando o seu neg\u00f3cio.<\/span><\/p>\n\n\n\n<ol start=\"2\" class=\"wp-block-list\">\n<li><span style=\"font-weight: 400;\"> Acredite que \u00e9 poss\u00edvel gerar mais resultados com menos recursos, voc\u00ea pode economizar e ainda manter parte do crescimento (&#8230;)\u201d<\/span><\/li>\n<\/ol>\n\n\n\n<h2 class=\"wp-block-heading\"><span style=\"font-weight: 400;\">Mastermaq&nbsp;<\/span><\/h2>\n\n\n\n<p>Site:&nbsp;<a href=\"http:\/\/www.mastermaq.com.br\" target=\"_blank\" rel=\"noopener noreferrer\">mastermaq.com.br<\/a><\/p>\n\n\n\n<h3 class=\"wp-block-heading\"><b>Beto Tamm &#8211; S\u00f3cio fundador<\/b><\/h3>\n\n\n\n<p><span style=\"font-weight: 400;\">\u201cImersos na pior crise econ\u00f4mica da hist\u00f3ria do pa\u00eds o momento n\u00e3o pode ser mais desfavor\u00e1vel para as empresas brasileiras. Mas em meio a esta tempestade \u00e9 necess\u00e1rio remar contra a mar\u00e9 e transformar as adversidades.<\/span><span style=\"font-weight: 400;\"> (&#8230;)\u201d<\/span><\/p>\n\n\n\n<h3 class=\"wp-block-heading\"><b>Gustavo Gressi &#8211; Coordenador de projetos<\/b><\/h3>\n\n\n\n<p><span style=\"font-weight: 400;\">\u201c(&#8230;) Para assegurar processos gerenciais eficientes em sua produ\u00e7\u00e3o, primeiramente deve-se realizar an\u00e1lise todas as etapas da <a href=\"https:\/\/www.nomus.com.br\/blog-industrial\/cadeia-produtiva\/\">cadeia produtiva<\/a>, desde seu fornecedor &nbsp;at\u00e9 a entrega ao consumidor, identificando estatisticamente anomalias recorrentes na produ\u00e7\u00e3o, gargalos e (&#8230;)\u201d<\/span><\/p>\n\n\n\n<hr class=\"wp-block-separator has-css-opacity\"\/>\n\n\n\n<p class=\"center\"><a class=\"btn btn-success botao-demonstracao\" href=\"http:\/\/material.nomus.com.br\/o-guia-para-superar-a-crise\" target=\"_blank\" rel=\"noopener noreferrer\">Veja as dicas completas no eBook<\/a><\/p>\n\n\n\n<hr class=\"wp-block-separator has-css-opacity\"\/>\n\n\n\n<h2 class=\"wp-block-heading\"><span style=\"font-weight: 400;\">Nibo<\/span><\/h2>\n\n\n\n<p>Site:&nbsp;<a href=\"http:\/\/nibo.com.br\" target=\"_blank\" rel=\"noopener noreferrer\">nibo.com.br<\/a><\/p>\n\n\n\n<h3 class=\"wp-block-heading\"><b>Gabriel Gaspar &#8211; Founder &amp; CEO<\/b><\/h3>\n\n\n\n<p><span style=\"font-weight: 400;\">\u201c(&#8230;) Em momentos de crise, nada \u00e9 mais importante para um empres\u00e1rio do que preservar o seu caixa. &nbsp;Se empreender fosse um jogo, o dinheiro que voc\u00ea tem no banco seria o seu n\u00edvel de energia (&#8230;)\u201d<\/span><\/p>\n\n\n\n<h2 class=\"wp-block-heading\"><span style=\"font-weight: 400;\">NUMEEP<\/span><\/h2>\n\n\n\n<p>Site:&nbsp;<a href=\"http:\/\/facebook.com.br\/numeep\" target=\"_blank\" rel=\"noopener noreferrer\">facebook.com.br\/numeep<\/a><\/p>\n\n\n\n<h3 class=\"wp-block-heading\"><b>Estef\u00e2nia Silva \u2013 Presidente NUMEEP<\/b><\/h3>\n\n\n\n<p><span style=\"font-weight: 400;\">\u201c(&#8230;) A crise pode ser vista como uma oportunidade para a empresa investir. Isto mesmo! A empresa pode investir (&#8230;)\u201d <\/span><\/p>\n\n\n\n<h3 class=\"wp-block-heading\"><b>Caroline Oliveira \u2013 Coordenadora da Gest\u00e3o do Conhecimento<\/b><\/h3>\n\n\n\n<p><span style=\"font-weight: 400;\">\u201c Buscar parcerias entre empresas proporciona, al\u00e9m de vantagens aos clientes, o aumento da exposi\u00e7\u00e3o da marca, e (&#8230;)\u201d<\/span><\/p>\n\n\n\n<h3 class=\"wp-block-heading\"><b>Lucas Pimenta \u2013 Coordenador da Gest\u00e3o de Projetos<\/b><\/h3>\n\n\n\n<p><span style=\"font-weight: 400;\">\u201c(&#8230;) existem algumas precau\u00e7\u00f5es para se levar em considera\u00e7\u00e3o durante este per\u00edodo, que garantem o resultado final de qualquer investimento ou at\u00e9 mesmo a perman\u00eancia da organiza\u00e7\u00e3o no mercado (&#8230;)\u201d<\/span><\/p>\n\n\n\n<h3 class=\"wp-block-heading\"><b>Professor M\u00e1rcio de Oliveira<\/b><\/h3>\n\n\n\n<p><span style=\"font-weight: 400;\">\u201c(&#8230;) Primeiramente, deve-se pensar na previs\u00e3o de demanda. Aqui \u00e9 importante ressaltar que comumente se faz modelos de previs\u00e3o com base em hist\u00f3ricos de vendas \u2013 e n\u00e3o de demandas! \u2013 o que pode levar a erros. (&#8230;)\u201d<\/span><\/p>\n\n\n\n<h2 class=\"wp-block-heading\"><span style=\"font-weight: 400;\">Outbound Marketing<\/span><\/h2>\n\n\n\n<p>Site:&nbsp;<a href=\"http:\/\/outboundmarketing.com.br\" target=\"_blank\" rel=\"noopener noreferrer\">outboundmarketing.com.br<\/a><\/p>\n\n\n\n<h3 class=\"wp-block-heading\"><b>Renato Ferreira &#8211; cofundador da Outbound Marketing<\/b><\/h3>\n\n\n\n<p><span style=\"font-weight: 400;\">\u201c(&#8230;) Muitas organiza\u00e7\u00f5es ainda tratam vendas com uma abordagem baseada em feeling. Isso \u00e9 dar um tiro no p\u00e9 (&#8230;)\u201d<\/span><\/p>\n\n\n\n<h3 class=\"wp-block-heading\"><b>Bruna Moreira &#8211; Gerente de marketing da Outbound <\/b><\/h3>\n\n\n\n<p><span style=\"font-weight: 400;\">\u201c(&#8230;) Conhecer seu p\u00fablico alvo e entender quais s\u00e3o suas maiores dores \u00e9 essencial para produzir conte\u00fado relevante (&#8230;)\u201d<\/span><\/p>\n\n\n\n<h2 class=\"wp-block-heading\"><span style=\"font-weight: 400;\">Pareto Group<\/span><\/h2>\n\n\n\n<p>Site:&nbsp;<a href=\"http:\/\/paretogroup.com.br\" target=\"_blank\" rel=\"noopener noreferrer\">paretogroup.com.br<\/a><\/p>\n\n\n\n<h3 class=\"wp-block-heading\"><b>Vin\u00edcius Chacon &#8211; Gerente de <a href=\"https:\/\/impulsionamos.com.br\/inbound-marketing\/\" target=\"_blank\" rel=\"noopener noreferrer\">Inbound Marketing<\/a><\/b><\/h3>\n\n\n\n<p><span style=\"font-weight: 400;\">\u201cJogue o produto que voc\u00ea vende no Google e me diga o que voc\u00ea encontrou: o seu site ou o de concorrentes? Garanto para voc\u00ea que, se encontrou o site dos concorrentes, \u00e9 porque eles est\u00e3o roubando os clientes que deveriam ser seus! (&#8230;)\u201d<\/span><\/p>\n\n\n\n<h2 class=\"wp-block-heading\"><span style=\"font-weight: 400;\">Portal Administradores.com<\/span><\/h2>\n\n\n\n<p>Site:&nbsp;<a href=\"http:\/\/administradores.com.br\" target=\"_blank\" rel=\"noopener noreferrer\">administradores.com.br<\/a><\/p>\n\n\n\n<h3 class=\"wp-block-heading\"><b>Fl\u00e1vio Augusto da Silva &#8211; board member<\/b><\/h3>\n\n\n\n<p><span style=\"font-weight: 400;\">Eu costumo dizer que, em momentos de crises, o dinheiro troca de m\u00e3o. Os velhos ricos sempre dar\u00e3o lugar aos novos ricos que vir\u00e3o de baixo, os que s\u00e3o mais arrojados e mais resistentes \u00e0s mudan\u00e7as, enquanto os velhos ricos ficam na defensiva, porque acham que t\u00eam algo a perder. <\/span><\/p>\n\n\n\n<h2 class=\"wp-block-heading\"><span style=\"font-weight: 400;\">PRO-PME&nbsp;<\/span><\/h2>\n\n\n\n<p>Site:&nbsp;<a href=\"https:\/\/www.facebook.com\/propmecoppeufrj\/info?tab=page_info\" target=\"_blank\" rel=\"noopener noreferrer\">facebook.com\/propmecoppeufrj<\/a><\/p>\n\n\n\n<h3 class=\"wp-block-heading\"><b>Francisco Duarte &#8211; Professor da Area de Gest\u00e3o e Inova\u00e7\u00e3o do Programa de Engenharia de Produ\u00e7\u00e3o da COPPE\/UFRJ, Coordenador dos laborat\u00f3rios PRO-PME e ERGOPROJ<\/b><\/h3>\n\n\n\n<p><span style=\"font-weight: 400;\">\u201c(&#8230;) O engajamento que faz a diferen\u00e7a precisa ser constru\u00eddo nas organiza\u00e7\u00f5es por meio de espa\u00e7os efetivos de debate, nos quais o que se passa com a linha de frente poder\u00e1 ser escutado, confrontado e discutido com coordenadores, gestores e diretores (&#8230;)\u201d<\/span><\/p>\n\n\n\n<h3 class=\"wp-block-heading\"><b>Marcos Chaves &#8211; Engenheiro de Produ\u00e7\u00e3o pela UFRJ, Mestre em engenharia de produ\u00e7\u00e3o pela COPPE \/ UFRJ, pesquisador vinculado ao Laborat\u00f3rio PRO-PME e s\u00f3cio propriet\u00e1rio da empresa Viia Solu\u00e7\u00f5es, consultoria focada em produtividade<\/b><\/h3>\n\n\n\n<p><span style=\"font-weight: 400;\">\u201cApesar das dif\u00edceis decis\u00f5es que uma crise imp\u00f5e ao gestor e aos colaboradores de empresas de qualquer tamanho, a hist\u00f3ria mostra que momentos como este tornam-se oportunidades de crescimento e evolu\u00e7\u00e3o (&#8230;)\u201d<\/span><\/p>\n\n\n\n<hr class=\"wp-block-separator has-css-opacity\"\/>\n\n\n\n<p class=\"center\"><a class=\"btn btn-success botao-demonstracao\" href=\"http:\/\/material.nomus.com.br\/o-guia-para-superar-a-crise\" target=\"_blank\" rel=\"noopener noreferrer\">Veja as dicas completas no eBook<\/a><\/p>\n\n\n\n<hr class=\"wp-block-separator has-css-opacity\"\/>\n\n\n\n<h2 class=\"wp-block-heading\"><span style=\"font-weight: 400;\">PPI-Multitask<\/span><\/h2>\n\n\n\n<p>Site:&nbsp;<a href=\"http:\/\/www.ppi-multitask.com.br\/\" target=\"_blank\" rel=\"noopener noreferrer\">www.ppi-multitask.com.br\/<\/a><\/p>\n\n\n\n<h3 class=\"wp-block-heading\"><b>Marcelo Pinto &#8211; Diretor Comercial<\/b><\/h3>\n\n\n\n<p><span style=\"font-weight: 400;\">\u201c(&#8230;) A gest\u00e3o ou administra\u00e7\u00e3o enxuta \u00e9 a <a href=\"https:\/\/www.nomus.com.br\/blog-industrial\/ferramentas-de-gestao\/\">ferramenta de gest\u00e3o<\/a> moderna que permite que qualquer ind\u00fastria atinja a excel\u00eancia operacional. (&#8230;)\u201d<\/span><\/p>\n\n\n\n<h3 class=\"wp-block-heading\"><b>Vinicius Buonamici &#8211; &nbsp;Diretor de Servi\u00e7os<\/b><\/h3>\n\n\n\n<p><span style=\"font-weight: 400;\">\u201c(&#8230;) Nesses momentos, a redu\u00e7\u00e3o dos <a href=\"https:\/\/www.nomus.com.br\/blog-industrial\/custos-de-producao\/\">custos de produ\u00e7\u00e3o<\/a> \u00e9 uma alternativa mais vi\u00e1vel e seus resultados s\u00e3o positivos e desej\u00e1veis, (&#8230;)\u201d<\/span><\/p>\n\n\n\n<h2 class=\"wp-block-heading\"><span style=\"font-weight: 400;\">Resultados Digitais<\/span><\/h2>\n\n\n\n<p>Site:&nbsp;<a href=\"http:\/\/www.rdstation.com.br\" target=\"_blank\" rel=\"noopener noreferrer\">rdstation.com.br<\/a><\/p>\n\n\n\n<h3 class=\"wp-block-heading\"><b>Felippo Boaretto &#8211; Gerente de sucesso na RD<\/b><\/h3>\n\n\n\n<p><span style=\"font-weight: 400;\">\u201c(&#8230;) Por se tratar de um mercado mais consolidado, com frequ\u00eancia o maior desafio est\u00e1 n\u00e3o na atra\u00e7\u00e3o do p\u00fablico-alvo, mas em seu engajamento com as a\u00e7\u00f5es da empresa. Assim, vale cuidar bem das campanhas de (&#8230;)\u201d<\/span><\/p>\n\n\n\n<h3 class=\"wp-block-heading\"><b>Nat\u00e1lia Zampieri &#8211; Gerente de implementa\u00e7\u00e3o da RD<\/b><\/h3>\n\n\n\n<p><span style=\"font-weight: 400;\">\u201c(&#8230;) Se vender est\u00e1 mais dif\u00edcil com a crise, \u00e9 importante que voc\u00ea auxilie os seus representantes a vender mais o seu produto. Pode-se fazer uma material educativo sobre vendas, equilibrando 2 eixos principais: (&#8230;)\u201d<\/span><\/p>\n\n\n\n<h3 class=\"wp-block-heading\"><b>Andr\u00e9 Siqueira &#8211; Co-founder e Marketing na Resultados Digitais<\/b><\/h3>\n\n\n\n<p><span style=\"font-weight: 400;\">\u201c(&#8230;) \u00c9 comum que outras empresas falem com o mesmo p\u00fablico ou venda produtos complementares ao seu. Pipoca e guaran\u00e1, passagens a\u00e9reas e aluguel de carros e por a\u00ed vai (&#8230;)\u201d<\/span><\/p>\n\n\n\n<h2 class=\"wp-block-heading\"><span style=\"font-weight: 400;\">RST Promo\u00e7\u00e3o de Vendas Ltda<\/span><\/h2>\n\n\n\n<h3 class=\"wp-block-heading\"><b>Renato Soares Tostes (renato@rstvendas.com.br) &#8211; S\u00f3cio Fundador<\/b><\/h3>\n\n\n\n<p><span style=\"font-weight: 400;\">\u201c (&#8230;) Vencer\u00e3o &nbsp;a crise as empresas que colocarem os clientes no centro de seu neg\u00f3cio. (&#8230;)\u201d<\/span><\/p>\n\n\n\n<h2 class=\"wp-block-heading\"><span style=\"font-weight: 400;\">SFEPro<\/span><\/h2>\n\n\n\n<h3 class=\"wp-block-heading\"><b>Prof. Fernando Oliveira de Araujo, M.Sc., Dr.Eng &#8211; Presidente da <\/b><b>SFEPro \u2013 Sociedade Fluminense de Engenharia de Produ\u00e7\u00e3o<\/b><\/h3>\n\n\n\n<p><span style=\"font-weight: 400;\">\u201c(&#8230;) Para al\u00e9m da inspira\u00e7\u00e3o, a educa\u00e7\u00e3o oferece ao profissional a devida instrumentaliza\u00e7\u00e3o, ou seja, por meio da capacita\u00e7\u00e3o, a obten\u00e7\u00e3o das compet\u00eancias t\u00e9cnicas, tecnol\u00f3gicas e\/ ou comportamentais que ser\u00e3o importantes moedas de troca para a perman\u00eancia ou eventual recoloca\u00e7\u00e3o no mercado de trabalho (&#8230;)\u201d<\/span><\/p>\n\n\n\n<h2 class=\"wp-block-heading\"><span style=\"font-weight: 400;\">Tecmaran<\/span><\/h2>\n\n\n\n<p>Site:&nbsp;<a href=\"http:\/\/www.tecmaran.com.br\" target=\"_blank\" rel=\"noopener noreferrer\">tecmaran.com.br<\/a><\/p>\n\n\n\n<h3 class=\"wp-block-heading\"><b>Alvaro Abreu &#8211; S\u00f3cio fundador e Diretor<\/b><\/h3>\n\n\n\n<p><span style=\"font-weight: 400;\">\u201c (&#8230;) A complexidade dos processos e a din\u00e2mica das opera\u00e7\u00f5es s\u00e3o normalmente expressivas, o que exige que aten\u00e7\u00e3o permanente para que se possa evitar os transtornos e descompassos potencialmente presentes no andamento da produ\u00e7\u00e3o, cujos impactos nos resultados ser\u00e3o sempre negativos (&#8230;)\u201d<\/span><\/p>\n\n\n\n<h2 class=\"wp-block-heading\"><span style=\"font-weight: 400;\">Visagio<\/span><\/h2>\n\n\n\n<p>Site:&nbsp;<a href=\"http:\/\/www.visagio.com.br\" target=\"_blank\" rel=\"noopener noreferrer\">visagio.com.br<\/a><\/p>\n\n\n\n<h3 class=\"wp-block-heading\"><b>Renato Moulin &#8211; S\u00f3cio- Diretor<\/b><\/h3>\n\n\n\n<p><span style=\"font-weight: 400;\">\u201c(&#8230;) Uma empresa deve dedicar aten\u00e7\u00e3o especial na atra\u00e7\u00e3o e reten\u00e7\u00e3o de talentos. (&#8230;)\u201d<\/span><\/p>\n\n\n\n<h2 class=\"wp-block-heading\"><span style=\"font-weight: 400;\">WMTC<\/span><\/h2>\n\n\n\n<h3 class=\"wp-block-heading\"><b>Mauro Joaquim da Costa Braga &#8211; S\u00f3cio<\/b><\/h3>\n\n\n\n<p><span style=\"font-weight: 400;\">(&#8230;) aproveite a diminui\u00e7\u00e3o das suas atividades de produ\u00e7\u00e3o e procure pensar sobre fatos acontecidos em sua empresa e como voc\u00ea pode se preparar para estar mais forte quando da retomada do crescimento econ\u00f4mico (&#8230;)\u201d<\/span><\/p>\n\n\n\n<h3 class=\"wp-block-heading\"><b>Wladimir Ferreira Salles &#8211; S\u00f3cio<\/b><\/h3>\n\n\n\n<p><span style=\"font-weight: 400;\">\u201c(&#8230;) Como exemplo de a\u00e7\u00f5es que podem ser implementadas podemos citar: a implanta\u00e7\u00e3o de conceito de produ\u00e7\u00e3o enxuta (<a href=\"https:\/\/www.nomus.com.br\/blog-industrial\/lean-manufacturing-na-pequena-industria\/\">lean manufacturing<\/a>), o estabelecimento de um programa de gest\u00e3o de fornecedores, (&#8230;)\u201d<\/span><\/p>\n\n\n\n<hr class=\"wp-block-separator has-css-opacity\"\/>\n\n\n\n<p class=\"center\"><a class=\"btn btn-success botao-demonstracao\" href=\"http:\/\/material.nomus.com.br\/o-guia-para-superar-a-crise\" target=\"_blank\" rel=\"noopener noreferrer\">Veja as dicas completas no eBook<\/a><\/p>\n\n\n\n<hr class=\"wp-block-separator has-css-opacity\"\/>\n","protected":false},"excerpt":{"rendered":"<p>Download do eBook &#8220;O Guia para sua ind\u00fastria superar a crise&#8221; Com o atual cen\u00e1rio econ\u00f4mico do Brasil, afetado pela crise, muitas empresas preocupam-se em desenvolver estrat\u00e9gias para n\u00e3o sofrerem o impacto em suas vendas e lucro e ainda destacarem-se em meio \u00e0 concorr\u00eancia cada vez maior. Um dos artigos de grande destaque do Blog [&hellip;]<\/p>\n","protected":false},"author":1,"featured_media":7685,"comment_status":"open","ping_status":"closed","sticky":false,"template":"","format":"standard","meta":{"_acf_changed":false,"footnotes":""},"categories":[2,3],"tags":[44],"class_list":["post-3652","post","type-post","status-publish","format-standard","has-post-thumbnail","hentry","category-estrategia","category-processos-e-organizacao","tag-download"],"acf":[],"yoast_head":"\n<title>[eBook] O guia para sua ind\u00fastria superar a crise<\/title>\n<meta name=\"description\" content=\"Desenvolva estrat\u00e9gias para n\u00e3o sofrer o impacto em suas vendas, lucro e ainda destaque-se em meio \u00e0 concorr\u00eancia cada vez maior, ao superar a crise\" \/>\n<meta name=\"robots\" content=\"index, follow, max-snippet:-1, max-image-preview:large, max-video-preview:-1\" \/>\n<link rel=\"canonical\" href=\"https:\/\/www.nomus.com.br\/blog-industrial\/ebook-o-guia-para-superar-a-crise-especialistas-dao-dicas-para-sua-industria-superar-a-crise\/\" \/>\n<meta property=\"og:locale\" content=\"pt_BR\" \/>\n<meta property=\"og:type\" content=\"article\" \/>\n<meta property=\"og:title\" content=\"[eBook] O guia para sua ind\u00fastria superar a crise\" \/>\n<meta property=\"og:description\" content=\"Desenvolva estrat\u00e9gias para n\u00e3o sofrer o impacto em suas vendas, lucro e ainda destaque-se em meio \u00e0 concorr\u00eancia cada vez maior, ao superar a crise\" \/>\n<meta property=\"og:url\" content=\"https:\/\/www.nomus.com.br\/blog-industrial\/ebook-o-guia-para-superar-a-crise-especialistas-dao-dicas-para-sua-industria-superar-a-crise\/\" \/>\n<meta property=\"og:site_name\" content=\"Blog Industrial Nomus\" \/>\n<meta property=\"article:publisher\" content=\"https:\/\/www.facebook.com\/nomussoftwares\" \/>\n<meta property=\"article:published_time\" content=\"2016-09-22T10:39:59+00:00\" \/>\n<meta property=\"article:modified_time\" content=\"2025-07-29T13:05:54+00:00\" \/>\n<meta property=\"og:image\" content=\"https:\/\/www.nomus.com.br\/blog-industrial\/wp-content\/uploads\/2018\/11\/nomus-blog-industrial11.jpg\" \/>\n\t<meta property=\"og:image:width\" content=\"620\" \/>\n\t<meta property=\"og:image:height\" content=\"405\" \/>\n\t<meta property=\"og:image:type\" content=\"image\/jpeg\" \/>\n<meta name=\"author\" content=\"Equipe Nomus\" \/>\n<meta name=\"twitter:card\" content=\"summary_large_image\" \/>\n<meta name=\"twitter:creator\" content=\"@nomusindustrial\" \/>\n<meta name=\"twitter:site\" content=\"@nomusindustrial\" \/>\n<meta name=\"twitter:label1\" content=\"Escrito por\" \/>\n\t<meta name=\"twitter:data1\" content=\"Equipe Nomus\" \/>\n\t<meta name=\"twitter:label2\" content=\"Est. tempo de leitura\" \/>\n\t<meta name=\"twitter:data2\" content=\"13 minutos\" \/>\n<script type=\"application\/ld+json\" class=\"yoast-schema-graph\">{\"@context\":\"https:\/\/schema.org\",\"@graph\":[{\"@type\":\"Article\",\"@id\":\"https:\/\/www.nomus.com.br\/blog-industrial\/ebook-o-guia-para-superar-a-crise-especialistas-dao-dicas-para-sua-industria-superar-a-crise\/#article\",\"isPartOf\":{\"@id\":\"https:\/\/www.nomus.com.br\/blog-industrial\/ebook-o-guia-para-superar-a-crise-especialistas-dao-dicas-para-sua-industria-superar-a-crise\/\"},\"author\":{\"name\":\"Equipe Nomus\",\"@id\":\"https:\/\/www.nomus.com.br\/blog-industrial\/#\/schema\/person\/a73b533cf1549641cd1ae522c842ec1d\"},\"headline\":\"[eBook] O guia para sua ind\u00fastria superar a crise\",\"datePublished\":\"2016-09-22T10:39:59+00:00\",\"dateModified\":\"2025-07-29T13:05:54+00:00\",\"mainEntityOfPage\":{\"@id\":\"https:\/\/www.nomus.com.br\/blog-industrial\/ebook-o-guia-para-superar-a-crise-especialistas-dao-dicas-para-sua-industria-superar-a-crise\/\"},\"wordCount\":2599,\"commentCount\":0,\"image\":{\"@id\":\"https:\/\/www.nomus.com.br\/blog-industrial\/ebook-o-guia-para-superar-a-crise-especialistas-dao-dicas-para-sua-industria-superar-a-crise\/#primaryimage\"},\"thumbnailUrl\":\"https:\/\/www.nomus.com.br\/blog-industrial\/wp-content\/uploads\/2018\/11\/nomus-blog-industrial11.jpg\",\"keywords\":[\"download\"],\"articleSection\":[\"Estrat\u00e9gia\",\"Processos e Organiza\u00e7\u00e3o\"],\"inLanguage\":\"pt-BR\",\"potentialAction\":[{\"@type\":\"CommentAction\",\"name\":\"Comment\",\"target\":[\"https:\/\/www.nomus.com.br\/blog-industrial\/ebook-o-guia-para-superar-a-crise-especialistas-dao-dicas-para-sua-industria-superar-a-crise\/#respond\"]}]},{\"@type\":\"WebPage\",\"@id\":\"https:\/\/www.nomus.com.br\/blog-industrial\/ebook-o-guia-para-superar-a-crise-especialistas-dao-dicas-para-sua-industria-superar-a-crise\/\",\"url\":\"https:\/\/www.nomus.com.br\/blog-industrial\/ebook-o-guia-para-superar-a-crise-especialistas-dao-dicas-para-sua-industria-superar-a-crise\/\",\"name\":\"[eBook] O guia para sua ind\u00fastria superar a crise\",\"isPartOf\":{\"@id\":\"https:\/\/www.nomus.com.br\/blog-industrial\/#website\"},\"primaryImageOfPage\":{\"@id\":\"https:\/\/www.nomus.com.br\/blog-industrial\/ebook-o-guia-para-superar-a-crise-especialistas-dao-dicas-para-sua-industria-superar-a-crise\/#primaryimage\"},\"image\":{\"@id\":\"https:\/\/www.nomus.com.br\/blog-industrial\/ebook-o-guia-para-superar-a-crise-especialistas-dao-dicas-para-sua-industria-superar-a-crise\/#primaryimage\"},\"thumbnailUrl\":\"https:\/\/www.nomus.com.br\/blog-industrial\/wp-content\/uploads\/2018\/11\/nomus-blog-industrial11.jpg\",\"datePublished\":\"2016-09-22T10:39:59+00:00\",\"dateModified\":\"2025-07-29T13:05:54+00:00\",\"author\":{\"@id\":\"https:\/\/www.nomus.com.br\/blog-industrial\/#\/schema\/person\/a73b533cf1549641cd1ae522c842ec1d\"},\"description\":\"Desenvolva estrat\u00e9gias para n\u00e3o sofrer o impacto em suas vendas, lucro e ainda destaque-se em meio \u00e0 concorr\u00eancia cada vez maior, ao superar a crise\",\"breadcrumb\":{\"@id\":\"https:\/\/www.nomus.com.br\/blog-industrial\/ebook-o-guia-para-superar-a-crise-especialistas-dao-dicas-para-sua-industria-superar-a-crise\/#breadcrumb\"},\"inLanguage\":\"pt-BR\",\"potentialAction\":[{\"@type\":\"ReadAction\",\"target\":[\"https:\/\/www.nomus.com.br\/blog-industrial\/ebook-o-guia-para-superar-a-crise-especialistas-dao-dicas-para-sua-industria-superar-a-crise\/\"]}]},{\"@type\":\"ImageObject\",\"inLanguage\":\"pt-BR\",\"@id\":\"https:\/\/www.nomus.com.br\/blog-industrial\/ebook-o-guia-para-superar-a-crise-especialistas-dao-dicas-para-sua-industria-superar-a-crise\/#primaryimage\",\"url\":\"https:\/\/www.nomus.com.br\/blog-industrial\/wp-content\/uploads\/2018\/11\/nomus-blog-industrial11.jpg\",\"contentUrl\":\"https:\/\/www.nomus.com.br\/blog-industrial\/wp-content\/uploads\/2018\/11\/nomus-blog-industrial11.jpg\",\"width\":620,\"height\":405},{\"@type\":\"BreadcrumbList\",\"@id\":\"https:\/\/www.nomus.com.br\/blog-industrial\/ebook-o-guia-para-superar-a-crise-especialistas-dao-dicas-para-sua-industria-superar-a-crise\/#breadcrumb\",\"itemListElement\":[{\"@type\":\"ListItem\",\"position\":1,\"name\":\"Blog Industrial Nomus\",\"item\":\"https:\/\/www.nomus.com.br\/blog-industrial\/\"},{\"@type\":\"ListItem\",\"position\":2,\"name\":\"Processos e Organiza\u00e7\u00e3o\",\"item\":\"https:\/\/www.nomus.com.br\/blog-industrial\/category\/processos-e-organizacao\/\"},{\"@type\":\"ListItem\",\"position\":3,\"name\":\"[eBook] O guia para sua ind\u00fastria superar a crise\"}]},{\"@type\":\"WebSite\",\"@id\":\"https:\/\/www.nomus.com.br\/blog-industrial\/#website\",\"url\":\"https:\/\/www.nomus.com.br\/blog-industrial\/\",\"name\":\"Blog Industrial Nomus\",\"description\":\"Artigos, planilhas, ebooks e ferramentas de engenharia de produ\u00e7\u00e3o e para aumentar o lucro da sua f\u00e1brica\",\"potentialAction\":[{\"@type\":\"SearchAction\",\"target\":{\"@type\":\"EntryPoint\",\"urlTemplate\":\"https:\/\/www.nomus.com.br\/blog-industrial\/?s={search_term_string}\"},\"query-input\":{\"@type\":\"PropertyValueSpecification\",\"valueRequired\":true,\"valueName\":\"search_term_string\"}}],\"inLanguage\":\"pt-BR\"},{\"@type\":\"Person\",\"@id\":\"https:\/\/www.nomus.com.br\/blog-industrial\/#\/schema\/person\/a73b533cf1549641cd1ae522c842ec1d\",\"name\":\"Equipe Nomus\",\"image\":{\"@type\":\"ImageObject\",\"inLanguage\":\"pt-BR\",\"@id\":\"https:\/\/www.nomus.com.br\/blog-industrial\/#\/schema\/person\/image\/\",\"url\":\"https:\/\/www.nomus.com.br\/blog-industrial\/wp-content\/uploads\/2025\/03\/cropped-20anos-nomus-96x96.jpg\",\"contentUrl\":\"https:\/\/www.nomus.com.br\/blog-industrial\/wp-content\/uploads\/2025\/03\/cropped-20anos-nomus-96x96.jpg\",\"caption\":\"Equipe Nomus\"},\"description\":\"Equipe de engenharia e marketing da Nomus especialistas em gest\u00e3o industrial.\",\"sameAs\":[\"https:\/\/br.linkedin.com\/company\/nomus\"],\"url\":\"https:\/\/www.nomus.com.br\/blog-industrial\/author\/nomusadmin\/\"}]}<\/script>\n","yoast_head_json":{"title":"[eBook] O guia para sua ind\u00fastria superar a crise","description":"Desenvolva estrat\u00e9gias para n\u00e3o sofrer o impacto em suas vendas, lucro e ainda destaque-se em meio \u00e0 concorr\u00eancia cada vez maior, ao superar a crise","robots":{"index":"index","follow":"follow","max-snippet":"max-snippet:-1","max-image-preview":"max-image-preview:large","max-video-preview":"max-video-preview:-1"},"canonical":"https:\/\/www.nomus.com.br\/blog-industrial\/ebook-o-guia-para-superar-a-crise-especialistas-dao-dicas-para-sua-industria-superar-a-crise\/","og_locale":"pt_BR","og_type":"article","og_title":"[eBook] O guia para sua ind\u00fastria superar a crise","og_description":"Desenvolva estrat\u00e9gias para n\u00e3o sofrer o impacto em suas vendas, lucro e ainda destaque-se em meio \u00e0 concorr\u00eancia cada vez maior, ao superar a crise","og_url":"https:\/\/www.nomus.com.br\/blog-industrial\/ebook-o-guia-para-superar-a-crise-especialistas-dao-dicas-para-sua-industria-superar-a-crise\/","og_site_name":"Blog Industrial Nomus","article_publisher":"https:\/\/www.facebook.com\/nomussoftwares","article_published_time":"2016-09-22T10:39:59+00:00","article_modified_time":"2025-07-29T13:05:54+00:00","og_image":[{"width":620,"height":405,"url":"https:\/\/www.nomus.com.br\/blog-industrial\/wp-content\/uploads\/2018\/11\/nomus-blog-industrial11.jpg","type":"image\/jpeg"}],"author":"Equipe Nomus","twitter_card":"summary_large_image","twitter_creator":"@nomusindustrial","twitter_site":"@nomusindustrial","twitter_misc":{"Escrito por":"Equipe Nomus","Est. tempo de leitura":"13 minutos"},"schema":{"@context":"https:\/\/schema.org","@graph":[{"@type":"Article","@id":"https:\/\/www.nomus.com.br\/blog-industrial\/ebook-o-guia-para-superar-a-crise-especialistas-dao-dicas-para-sua-industria-superar-a-crise\/#article","isPartOf":{"@id":"https:\/\/www.nomus.com.br\/blog-industrial\/ebook-o-guia-para-superar-a-crise-especialistas-dao-dicas-para-sua-industria-superar-a-crise\/"},"author":{"name":"Equipe Nomus","@id":"https:\/\/www.nomus.com.br\/blog-industrial\/#\/schema\/person\/a73b533cf1549641cd1ae522c842ec1d"},"headline":"[eBook] O guia para sua ind\u00fastria superar a crise","datePublished":"2016-09-22T10:39:59+00:00","dateModified":"2025-07-29T13:05:54+00:00","mainEntityOfPage":{"@id":"https:\/\/www.nomus.com.br\/blog-industrial\/ebook-o-guia-para-superar-a-crise-especialistas-dao-dicas-para-sua-industria-superar-a-crise\/"},"wordCount":2599,"commentCount":0,"image":{"@id":"https:\/\/www.nomus.com.br\/blog-industrial\/ebook-o-guia-para-superar-a-crise-especialistas-dao-dicas-para-sua-industria-superar-a-crise\/#primaryimage"},"thumbnailUrl":"https:\/\/www.nomus.com.br\/blog-industrial\/wp-content\/uploads\/2018\/11\/nomus-blog-industrial11.jpg","keywords":["download"],"articleSection":["Estrat\u00e9gia","Processos e Organiza\u00e7\u00e3o"],"inLanguage":"pt-BR","potentialAction":[{"@type":"CommentAction","name":"Comment","target":["https:\/\/www.nomus.com.br\/blog-industrial\/ebook-o-guia-para-superar-a-crise-especialistas-dao-dicas-para-sua-industria-superar-a-crise\/#respond"]}]},{"@type":"WebPage","@id":"https:\/\/www.nomus.com.br\/blog-industrial\/ebook-o-guia-para-superar-a-crise-especialistas-dao-dicas-para-sua-industria-superar-a-crise\/","url":"https:\/\/www.nomus.com.br\/blog-industrial\/ebook-o-guia-para-superar-a-crise-especialistas-dao-dicas-para-sua-industria-superar-a-crise\/","name":"[eBook] O guia para sua ind\u00fastria superar a crise","isPartOf":{"@id":"https:\/\/www.nomus.com.br\/blog-industrial\/#website"},"primaryImageOfPage":{"@id":"https:\/\/www.nomus.com.br\/blog-industrial\/ebook-o-guia-para-superar-a-crise-especialistas-dao-dicas-para-sua-industria-superar-a-crise\/#primaryimage"},"image":{"@id":"https:\/\/www.nomus.com.br\/blog-industrial\/ebook-o-guia-para-superar-a-crise-especialistas-dao-dicas-para-sua-industria-superar-a-crise\/#primaryimage"},"thumbnailUrl":"https:\/\/www.nomus.com.br\/blog-industrial\/wp-content\/uploads\/2018\/11\/nomus-blog-industrial11.jpg","datePublished":"2016-09-22T10:39:59+00:00","dateModified":"2025-07-29T13:05:54+00:00","author":{"@id":"https:\/\/www.nomus.com.br\/blog-industrial\/#\/schema\/person\/a73b533cf1549641cd1ae522c842ec1d"},"description":"Desenvolva estrat\u00e9gias para n\u00e3o sofrer o impacto em suas vendas, lucro e ainda destaque-se em meio \u00e0 concorr\u00eancia cada vez maior, ao superar a crise","breadcrumb":{"@id":"https:\/\/www.nomus.com.br\/blog-industrial\/ebook-o-guia-para-superar-a-crise-especialistas-dao-dicas-para-sua-industria-superar-a-crise\/#breadcrumb"},"inLanguage":"pt-BR","potentialAction":[{"@type":"ReadAction","target":["https:\/\/www.nomus.com.br\/blog-industrial\/ebook-o-guia-para-superar-a-crise-especialistas-dao-dicas-para-sua-industria-superar-a-crise\/"]}]},{"@type":"ImageObject","inLanguage":"pt-BR","@id":"https:\/\/www.nomus.com.br\/blog-industrial\/ebook-o-guia-para-superar-a-crise-especialistas-dao-dicas-para-sua-industria-superar-a-crise\/#primaryimage","url":"https:\/\/www.nomus.com.br\/blog-industrial\/wp-content\/uploads\/2018\/11\/nomus-blog-industrial11.jpg","contentUrl":"https:\/\/www.nomus.com.br\/blog-industrial\/wp-content\/uploads\/2018\/11\/nomus-blog-industrial11.jpg","width":620,"height":405},{"@type":"BreadcrumbList","@id":"https:\/\/www.nomus.com.br\/blog-industrial\/ebook-o-guia-para-superar-a-crise-especialistas-dao-dicas-para-sua-industria-superar-a-crise\/#breadcrumb","itemListElement":[{"@type":"ListItem","position":1,"name":"Blog Industrial Nomus","item":"https:\/\/www.nomus.com.br\/blog-industrial\/"},{"@type":"ListItem","position":2,"name":"Processos e Organiza\u00e7\u00e3o","item":"https:\/\/www.nomus.com.br\/blog-industrial\/category\/processos-e-organizacao\/"},{"@type":"ListItem","position":3,"name":"[eBook] O guia para sua ind\u00fastria superar a crise"}]},{"@type":"WebSite","@id":"https:\/\/www.nomus.com.br\/blog-industrial\/#website","url":"https:\/\/www.nomus.com.br\/blog-industrial\/","name":"Blog Industrial Nomus","description":"Artigos, planilhas, ebooks e ferramentas de engenharia de produ\u00e7\u00e3o e para aumentar o lucro da sua f\u00e1brica","potentialAction":[{"@type":"SearchAction","target":{"@type":"EntryPoint","urlTemplate":"https:\/\/www.nomus.com.br\/blog-industrial\/?s={search_term_string}"},"query-input":{"@type":"PropertyValueSpecification","valueRequired":true,"valueName":"search_term_string"}}],"inLanguage":"pt-BR"},{"@type":"Person","@id":"https:\/\/www.nomus.com.br\/blog-industrial\/#\/schema\/person\/a73b533cf1549641cd1ae522c842ec1d","name":"Equipe Nomus","image":{"@type":"ImageObject","inLanguage":"pt-BR","@id":"https:\/\/www.nomus.com.br\/blog-industrial\/#\/schema\/person\/image\/","url":"https:\/\/www.nomus.com.br\/blog-industrial\/wp-content\/uploads\/2025\/03\/cropped-20anos-nomus-96x96.jpg","contentUrl":"https:\/\/www.nomus.com.br\/blog-industrial\/wp-content\/uploads\/2025\/03\/cropped-20anos-nomus-96x96.jpg","caption":"Equipe Nomus"},"description":"Equipe de engenharia e marketing da Nomus especialistas em gest\u00e3o industrial.","sameAs":["https:\/\/br.linkedin.com\/company\/nomus"],"url":"https:\/\/www.nomus.com.br\/blog-industrial\/author\/nomusadmin\/"}]}},"_links":{"self":[{"href":"https:\/\/www.nomus.com.br\/blog-industrial\/wp-json\/wp\/v2\/posts\/3652","targetHints":{"allow":["GET"]}}],"collection":[{"href":"https:\/\/www.nomus.com.br\/blog-industrial\/wp-json\/wp\/v2\/posts"}],"about":[{"href":"https:\/\/www.nomus.com.br\/blog-industrial\/wp-json\/wp\/v2\/types\/post"}],"author":[{"embeddable":true,"href":"https:\/\/www.nomus.com.br\/blog-industrial\/wp-json\/wp\/v2\/users\/1"}],"replies":[{"embeddable":true,"href":"https:\/\/www.nomus.com.br\/blog-industrial\/wp-json\/wp\/v2\/comments?post=3652"}],"version-history":[{"count":21,"href":"https:\/\/www.nomus.com.br\/blog-industrial\/wp-json\/wp\/v2\/posts\/3652\/revisions"}],"predecessor-version":[{"id":31206,"href":"https:\/\/www.nomus.com.br\/blog-industrial\/wp-json\/wp\/v2\/posts\/3652\/revisions\/31206"}],"wp:featuredmedia":[{"embeddable":true,"href":"https:\/\/www.nomus.com.br\/blog-industrial\/wp-json\/wp\/v2\/media\/7685"}],"wp:attachment":[{"href":"https:\/\/www.nomus.com.br\/blog-industrial\/wp-json\/wp\/v2\/media?parent=3652"}],"wp:term":[{"taxonomy":"category","embeddable":true,"href":"https:\/\/www.nomus.com.br\/blog-industrial\/wp-json\/wp\/v2\/categories?post=3652"},{"taxonomy":"post_tag","embeddable":true,"href":"https:\/\/www.nomus.com.br\/blog-industrial\/wp-json\/wp\/v2\/tags?post=3652"}],"curies":[{"name":"wp","href":"https:\/\/api.w.org\/{rel}","templated":true}]}}