{"id":35602,"date":"2026-08-28T11:01:36","date_gmt":"2026-08-28T14:01:36","guid":{"rendered":"https:\/\/www.nomus.com.br\/blog-industrial\/?p=35602"},"modified":"2026-08-28T13:39:58","modified_gmt":"2026-08-28T16:39:58","slug":"licenciamento-ambiental-para-industria-o-que-considerar-antes-de-ampliar-a-fabrica","status":"publish","type":"post","link":"https:\/\/www.nomus.com.br\/blog-industrial\/licenciamento-ambiental-para-industria-o-que-considerar-antes-de-ampliar-a-fabrica\/","title":{"rendered":"Licenciamento ambiental para ind\u00fastria: o que considerar antes de ampliar a f\u00e1brica?"},"content":{"rendered":"\n<p class=\"wp-block-paragraph\">O <a href=\"https:\/\/rochacerqueira.com.br\/esg\/\">planejamento ESG<\/a> de uma amplia\u00e7\u00e3o industrial deve come\u00e7ar pela verifica\u00e7\u00e3o da <strong>licen\u00e7a ambiental para ind\u00fastrias<\/strong> aplic\u00e1vel, porque aumentar \u00e1rea, capacidade, linhas produtivas ou impactos pode alterar o enquadramento ambiental.&nbsp;<\/p>\n\n\n\n<p class=\"wp-block-paragraph\">O licenciamento antecipa requisitos, condicionantes, estudos e autoriza\u00e7\u00f5es antes que a obra avance, reduzindo riscos de paralisa\u00e7\u00f5es, san\u00e7\u00f5es, atrasos e retrabalho. A an\u00e1lise precisa conectar o projeto de expans\u00e3o \u00e0 licen\u00e7a vigente, \u00e0s regras do ente competente e aos impactos adicionais previstos.&nbsp;<\/p>\n\n\n\n<p class=\"wp-block-paragraph\"><strong>Resumo<\/strong><\/p>\n\n\n\n<ul class=\"wp-block-list\">\n<li>Revise a licen\u00e7a vigente, as condicionantes e o hist\u00f3rico de conformidade antes de aprovar a amplia\u00e7\u00e3o.<\/li>\n\n\n\n<li>Caracterize a mudan\u00e7a por porte, capacidade, processo, localiza\u00e7\u00e3o e potencial poluidor.<\/li>\n\n\n\n<li>Confirme se ser\u00e1 necess\u00e1ria altera\u00e7\u00e3o, nova licen\u00e7a ou outro procedimento perante o \u00f3rg\u00e3o competente.<\/li>\n\n\n\n<li>Integre estudos, autoriza\u00e7\u00f5es e prazos ambientais ao cronograma f\u00edsico e financeiro da expans\u00e3o.<\/li>\n\n\n\n<li>Monitore condicionantes, n\u00e3o conformidades, emiss\u00f5es, efluentes, res\u00edduos e prazo do licenciamento.<\/li>\n<\/ul>\n\n\n\n<figure class=\"wp-block-image size-full\"><img decoding=\"async\" width=\"620\" height=\"405\" data-src=\"https:\/\/www.nomus.com.br\/blog-industrial\/wp-content\/uploads\/2026\/08\/Licenciamento-ambiental-para-industrias.jpg\" alt=\"\" class=\"wp-image-35609 lazyload\" data-srcset=\"https:\/\/www.nomus.com.br\/blog-industrial\/wp-content\/uploads\/2026\/08\/Licenciamento-ambiental-para-industrias.jpg 620w, https:\/\/www.nomus.com.br\/blog-industrial\/wp-content\/uploads\/2026\/08\/Licenciamento-ambiental-para-industrias-345x225.jpg 345w, https:\/\/www.nomus.com.br\/blog-industrial\/wp-content\/uploads\/2026\/08\/Licenciamento-ambiental-para-industrias-150x98.jpg 150w\" data-sizes=\"(max-width: 620px) 100vw, 620px\" src=\"data:image\/svg+xml;base64,PHN2ZyB3aWR0aD0iMSIgaGVpZ2h0PSIxIiB4bWxucz0iaHR0cDovL3d3dy53My5vcmcvMjAwMC9zdmciPjwvc3ZnPg==\" style=\"--smush-placeholder-width: 620px; --smush-placeholder-aspect-ratio: 620\/405;\" \/><\/figure>\n\n\n\n<h2 class=\"wp-block-heading\"><strong>Por que a licen\u00e7a ambiental para ind\u00fastrias deve entrar no planejamento da amplia\u00e7\u00e3o?<\/strong><\/h2>\n\n\n\n<p class=\"wp-block-paragraph\">A amplia\u00e7\u00e3o n\u00e3o deve ser tratada apenas como uma obra civil ou uma compra de equipamentos. Ela pode modificar fontes de emiss\u00e3o, consumo de \u00e1gua, gera\u00e7\u00e3o de efluentes e res\u00edduos, movimenta\u00e7\u00e3o de cargas, ocupa\u00e7\u00e3o do terreno, demanda energ\u00e9tica e rela\u00e7\u00e3o com \u00e1reas ambientalmente sens\u00edveis.&nbsp;<\/p>\n\n\n\n<p class=\"wp-block-paragraph\">Por isso, a equipe ambiental precisa participar desde a defini\u00e7\u00e3o do escopo. A an\u00e1lise pr\u00e9via permite comparar o que j\u00e1 est\u00e1 autorizado com o que passar\u00e1 a existir, identificar lacunas e estimar quais documentos e medidas de controle dever\u00e3o acompanhar o projeto.<\/p>\n\n\n\n<p class=\"wp-block-paragraph\">Em <a href=\"https:\/\/rochacerqueira.com.br\/processo-de-licenciamento-ambiental\/\">an\u00e1lise publicada pela Rocha Cerqueira sobre o processo de licenciamento ambiental<\/a>, o escrit\u00f3rio destaca que o procedimento deve ser tratado como instrumento de gest\u00e3o de riscos, e n\u00e3o apenas como exig\u00eancia burocr\u00e1tica, especialmente em atividades com potencial impacto ambiental.&nbsp;<\/p>\n\n\n\n<p class=\"wp-block-paragraph\">Segundo a <a href=\"https:\/\/www.planalto.gov.br\/ccivil_03\/_ato2023-2026\/2025\/lei\/l15190.htm\">Lei n\u00ba 15.190\/2025<\/a>, a constru\u00e7\u00e3o, a instala\u00e7\u00e3o, a amplia\u00e7\u00e3o e a opera\u00e7\u00e3o de atividade ou empreendimento utilizador de recursos ambientais, efetiva ou potencialmente poluidor ou capaz de causar degrada\u00e7\u00e3o ambiental est\u00e3o sujeitas a pr\u00e9vio licenciamento perante a autoridade competente.&nbsp;<\/p>\n\n\n\n<p class=\"wp-block-paragraph\">Isso refor\u00e7a a necessidade de avaliar a expans\u00e3o antes da execu\u00e7\u00e3o f\u00edsica. A licen\u00e7a integra o processo decis\u00f3rio que define viabilidade, controles, condicionantes e responsabilidades.<\/p>\n\n\n\n<h2 class=\"wp-block-heading\"><strong>O que revisar antes de ampliar a f\u00e1brica?<\/strong><\/h2>\n\n\n\n<p class=\"wp-block-paragraph\">O ponto de partida \u00e9 a licen\u00e7a vigente. A equipe deve verificar prazo de validade, atividades autorizadas, capacidade licenciada, \u00e1reas contempladas, equipamentos descritos, fontes de emiss\u00e3o, pontos de lan\u00e7amento, autoriza\u00e7\u00f5es associadas e condicionantes ainda abertas.&nbsp;<\/p>\n\n\n\n<p class=\"wp-block-paragraph\">Um hist\u00f3rico organizado permite saber se a expans\u00e3o cabe no escopo atual ou se muda elementos relevantes. A leitura pode ser complementada pelo acompanhamento da <a href=\"https:\/\/rochacerqueira.com.br\/manutencao-licenca-ambiental\/\">manuten\u00e7\u00e3o da licen\u00e7a ambiental<\/a>, que envolve prazos, evid\u00eancias e obriga\u00e7\u00f5es cont\u00ednuas ao longo da validade do documento.<\/p>\n\n\n\n<p class=\"wp-block-paragraph\">Tamb\u00e9m \u00e9 necess\u00e1rio verificar o cumprimento das condicionantes. Uma expans\u00e3o planejada sobre pend\u00eancias antigas pode aumentar a exposi\u00e7\u00e3o regulat\u00f3ria e dificultar a an\u00e1lise do novo pedido.&nbsp;<\/p>\n\n\n\n<p class=\"wp-block-paragraph\">Organize comprovantes de monitoramento, protocolos, relat\u00f3rios, laudos, registros de destina\u00e7\u00e3o, controles de emiss\u00f5es, resultados de efluentes e comunica\u00e7\u00f5es com o \u00f3rg\u00e3o ambiental. O objetivo \u00e9 formar uma linha do tempo que mostre exig\u00eancias, vencimentos, evid\u00eancias apresentadas e a situa\u00e7\u00e3o de cada item.<\/p>\n\n\n\n<h3 class=\"wp-block-heading\"><strong>Caracterize a amplia\u00e7\u00e3o com dados objetivos<\/strong><\/h3>\n\n\n\n<p class=\"wp-block-paragraph\">Depois da revis\u00e3o documental, descreva tecnicamente o projeto futuro. A caracteriza\u00e7\u00e3o deve indicar \u00e1rea adicional, aumento de capacidade, novas mat\u00e9rias-primas, altera\u00e7\u00f5es no processo, equipamentos, utilidades, consumo de \u00e1gua e energia, gera\u00e7\u00e3o de res\u00edduos, emiss\u00f5es atmosf\u00e9ricas, efluentes, ru\u00eddo e interven\u00e7\u00f5es f\u00edsicas.&nbsp;<\/p>\n\n\n\n<p class=\"wp-block-paragraph\">Localiza\u00e7\u00e3o e potencial poluidor tamb\u00e9m precisam entrar na avalia\u00e7\u00e3o. Uma caracteriza\u00e7\u00e3o precisa reduz a chance de enquadramento com premissas incompletas e de solicita\u00e7\u00f5es complementares.<\/p>\n\n\n\n<p class=\"wp-block-paragraph\">No caso de Minas Gerais, o <a href=\"https:\/\/www.almg.gov.br\/legislacao-mineira\/texto\/DEC\/47383\/2018\/?cons=1\">Decreto n\u00ba 47.383\/2018<\/a> estabelece regras espec\u00edficas para amplia\u00e7\u00f5es, incluindo enquadramento conforme caracter\u00edsticas de porte, potencial poluidor e modalidade de licenciamento. Em determinadas situa\u00e7\u00f5es, a amplia\u00e7\u00e3o resulta em nova licen\u00e7a e pode ser incorporada posteriormente ao processo de renova\u00e7\u00e3o.&nbsp;<\/p>\n\n\n\n<p class=\"wp-block-paragraph\">Por isso, a empresa deve comparar os par\u00e2metros atuais e futuros com a regulamenta\u00e7\u00e3o aplic\u00e1vel, sem presumir que a licen\u00e7a existente cobre automaticamente qualquer aumento de capacidade ou inclus\u00e3o de atividade.<\/p>\n\n\n\n<h2 class=\"wp-block-heading\"><strong>Como definir se a amplia\u00e7\u00e3o exige altera\u00e7\u00e3o ou novo licenciamento?<\/strong><\/h2>\n\n\n\n<p class=\"wp-block-paragraph\">A resposta depende do enquadramento definido pelo ente licenciador e das caracter\u00edsticas do projeto. A empresa deve apresentar o cen\u00e1rio real ao \u00f3rg\u00e3o competente e verificar o procedimento aplic\u00e1vel antes de iniciar a interven\u00e7\u00e3o.&nbsp;<\/p>\n\n\n\n<p class=\"wp-block-paragraph\">A refer\u00eancia pr\u00e1tica \u00e9 comparar a atividade licenciada com a atividade futura, identificando mudan\u00e7as de porte, processo, localiza\u00e7\u00e3o e impactos. Os tipos de licen\u00e7a ambiental ajudam a compreender a l\u00f3gica de viabilidade, instala\u00e7\u00e3o e opera\u00e7\u00e3o, mas a modalidade concreta depende das normas e crit\u00e9rios da jurisdi\u00e7\u00e3o respons\u00e1vel.<\/p>\n\n\n\n<p class=\"wp-block-paragraph\">A compet\u00eancia tamb\u00e9m deve ser confirmada. Segundo a <a href=\"https:\/\/www.planalto.gov.br\/ccivil_03\/leis\/lcp\/lcp140.htm\">Lei Complementar n\u00ba 140\/2011<\/a>, os empreendimentos e atividades s\u00e3o licenciados ambientalmente por um \u00fanico ente federativo, conforme as atribui\u00e7\u00f5es previstas na pr\u00f3pria lei. Isso evita que a empresa conduza o pedido no \u00f3rg\u00e3o errado ou duplique procedimentos sem necessidade.&nbsp;<\/p>\n\n\n\n<p class=\"wp-block-paragraph\">A identifica\u00e7\u00e3o do ente competente deve considerar localiza\u00e7\u00e3o, tipologia, abrang\u00eancia dos impactos e regras aplic\u00e1veis ao caso concreto.<\/p>\n\n\n\n<h2 class=\"wp-block-heading\"><strong>Documentos, estudos e autoriza\u00e7\u00f5es que podem entrar no processo<\/strong><\/h2>\n\n\n\n<p class=\"wp-block-paragraph\">O conjunto documental varia conforme o enquadramento e o termo de refer\u00eancia emitido ou adotado pela autoridade licenciadora. Entre os itens que podem ser requeridos est\u00e3o formul\u00e1rios de caracteriza\u00e7\u00e3o, estudos ambientais, plantas, memoriais, projetos de controle, balan\u00e7os de massa, informa\u00e7\u00f5es sobre emiss\u00f5es e efluentes, invent\u00e1rios, registros fundi\u00e1rios e comprova\u00e7\u00f5es t\u00e9cnicas.&nbsp;<\/p>\n\n\n\n<p class=\"wp-block-paragraph\">Quando aplic\u00e1vel, o Plano de Controle Ambiental organiza medidas de mitiga\u00e7\u00e3o, controle, monitoramento e compensa\u00e7\u00e3o relacionadas aos impactos identificados.<\/p>\n\n\n\n<figure class=\"wp-block-table\"><table class=\"has-fixed-layout\"><tbody><tr><td><strong>Frente<\/strong><\/td><td><strong>O que verificar<\/strong><\/td><td><strong>Risco de deixar para depois<\/strong><\/td><\/tr><tr><td>Licen\u00e7a vigente<\/td><td>Escopo, validade e condicionantes<\/td><td>Projeto incompat\u00edvel com o autorizado<\/td><\/tr><tr><td>Projeto de amplia\u00e7\u00e3o<\/td><td>Porte, capacidade, processo e localiza\u00e7\u00e3o<\/td><td>Enquadramento inadequado<\/td><\/tr><tr><td>Estudos ambientais<\/td><td>Escopo e dados exigidos<\/td><td>Complementa\u00e7\u00f5es e retrabalho<\/td><\/tr><tr><td>Autoriza\u00e7\u00f5es associadas<\/td><td>\u00c1gua, vegeta\u00e7\u00e3o e outras interven\u00e7\u00f5es<\/td><td>Bloqueio de etapas da obra<\/td><\/tr><tr><td>Condicionantes<\/td><td>Prazos, respons\u00e1veis e evid\u00eancias<\/td><td><a href=\"https:\/\/www.nomus.com.br\/blog-industrial\/nao-conformidade\/\">N\u00e3o conformidade<\/a> durante a expans\u00e3o<\/td><\/tr><\/tbody><\/table><\/figure>\n\n\n\n<p class=\"wp-block-paragraph\">Autoriza\u00e7\u00f5es paralelas tamb\u00e9m merecem aten\u00e7\u00e3o. Uso de recursos h\u00eddricos, interven\u00e7\u00e3o ambiental, supress\u00e3o de vegeta\u00e7\u00e3o e outras situa\u00e7\u00f5es podem exigir procedimentos pr\u00f3prios, conforme o projeto e a compet\u00eancia administrativa.&nbsp;<\/p>\n\n\n\n<p class=\"wp-block-paragraph\">O levantamento deve ocorrer junto com o licenciamento, porque uma autoriza\u00e7\u00e3o pendente pode impedir uma etapa f\u00edsica mesmo quando outra parte do processo j\u00e1 avan\u00e7ou. A equipe deve manter uma matriz com cada requisito, fundamento, \u00f3rg\u00e3o respons\u00e1vel, documento necess\u00e1rio, depend\u00eancias, prazo estimado e respons\u00e1vel interno, reduzindo a perda de informa\u00e7\u00f5es entre <a href=\"https:\/\/www.nomus.com.br\/blog-industrial\/engenharia\/\">engenharia<\/a>, meio ambiente, jur\u00eddico e fornecedores.<\/p>\n\n\n\n<h2 class=\"wp-block-heading\"><strong>Como alinhar o cronograma da obra ao licenciamento?<\/strong><\/h2>\n\n\n\n<p class=\"wp-block-paragraph\">O cronograma ambiental precisa conversar com o cronograma de engenharia. Em vez de definir a data da obra e depois tentar encaixar o licenciamento, a empresa deve mapear depend\u00eancias: estudos de campo, elabora\u00e7\u00e3o de documentos, protocolo, pedidos de complementa\u00e7\u00e3o, an\u00e1lise t\u00e9cnica, emiss\u00e3o de licen\u00e7a, contrata\u00e7\u00e3o de fornecedores e execu\u00e7\u00e3o de medidas de controle.&nbsp;<\/p>\n\n\n\n<p class=\"wp-block-paragraph\">Algumas atividades podem ocorrer em paralelo; outras dependem formalmente de uma autoriza\u00e7\u00e3o anterior. Essa l\u00f3gica deve mostrar \u00e0 diretoria quais marcos ambientais condicionam investimento, mobiliza\u00e7\u00e3o e in\u00edcio de cada fase.<\/p>\n\n\n\n<ol class=\"wp-block-list\">\n<li>Congele o escopo t\u00e9cnico da expans\u00e3o em uma vers\u00e3o controlada.<\/li>\n\n\n\n<li>Compare o cen\u00e1rio futuro com a licen\u00e7a e as condicionantes vigentes.<\/li>\n\n\n\n<li>Defina o prov\u00e1vel enquadramento e valide o procedimento com o \u00f3rg\u00e3o competente.<\/li>\n\n\n\n<li>Liste estudos, documentos, autoriza\u00e7\u00f5es e respons\u00e1veis por cada entrega.<\/li>\n\n\n\n<li>Inclua margens para complementa\u00e7\u00f5es e ajustes no cronograma.<\/li>\n\n\n\n<li>Libere obras e atividades somente conforme as autoriza\u00e7\u00f5es aplic\u00e1veis.<\/li>\n<\/ol>\n\n\n\n<p class=\"wp-block-paragraph\">Um erro recorrente \u00e9 alterar o projeto depois do protocolo sem avaliar o efeito ambiental da mudan\u00e7a. Se a engenharia amplia capacidade, muda combust\u00edvel, altera o ponto de lan\u00e7amento ou reposiciona estruturas, os estudos e o enquadramento podem precisar de revis\u00e3o.&nbsp;<\/p>\n\n\n\n<p class=\"wp-block-paragraph\">Por isso, qualquer mudan\u00e7a relevante deve passar por controle de vers\u00e3o e an\u00e1lise ambiental antes de ser incorporada. Esse procedimento evita que a documenta\u00e7\u00e3o licenciada descreva uma f\u00e1brica diferente daquela que est\u00e1 sendo constru\u00edda.<\/p>\n\n\n\n<h2 class=\"wp-block-heading\"><strong>Quais KPIs acompanhar durante a amplia\u00e7\u00e3o industrial?<\/strong><\/h2>\n\n\n\n<p class=\"wp-block-paragraph\">Indicadores ajudam a transformar o licenciamento em rotina de gest\u00e3o, e n\u00e3o em uma sequ\u00eancia de urg\u00eancias documentais. A sele\u00e7\u00e3o deve combinar prazo, conformidade e desempenho ambiental. A empresa pode acompanhar o tempo entre protocolo e decis\u00e3o, percentual de condicionantes atendidas no prazo, n\u00famero de n\u00e3o conformidades, reincid\u00eancias, emiss\u00f5es, qualidade de efluentes, gera\u00e7\u00e3o e destina\u00e7\u00e3o de res\u00edduos.&nbsp;<\/p>\n\n\n\n<p class=\"wp-block-paragraph\">Os <a href=\"https:\/\/rochacerqueira.com.br\/indicadores-conformidade-legal\/\">indicadores de conformidade legal<\/a> tamb\u00e9m permitem identificar tend\u00eancias e priorizar obriga\u00e7\u00f5es com maior exposi\u00e7\u00e3o a risco.<\/p>\n\n\n\n<figure class=\"wp-block-table\"><table class=\"has-fixed-layout\"><tbody><tr><td><strong><a href=\"https:\/\/www.nomus.com.br\/blog-industrial\/kpi\/\">KPI<\/a><\/strong><\/td><td><strong>Como acompanhar<\/strong><\/td><td><strong>Uso gerencial<\/strong><\/td><\/tr><tr><td>Prazo do licenciamento<\/td><td>Dias por etapa e por pend\u00eancia<\/td><td>Antecipar impacto no cronograma<\/td><\/tr><tr><td>Condicionantes atendidas<\/td><td>Percentual entregue no prazo<\/td><td>Medir disciplina de conformidade<\/td><\/tr><tr><td>N\u00e3o conformidades<\/td><td>Quantidade, gravidade e reincid\u00eancia<\/td><td>Direcionar planos de a\u00e7\u00e3o<\/td><\/tr><tr><td>Emiss\u00f5es e efluentes<\/td><td>Resultados versus limites aplic\u00e1veis<\/td><td>Detectar desvios ambientais<\/td><\/tr><tr><td>Res\u00edduos<\/td><td>Volume, classifica\u00e7\u00e3o e destina\u00e7\u00e3o<\/td><td>Verificar controle e <a href=\"https:\/\/www.nomus.com.br\/blog-industrial\/rastreabilidade\/\">rastreabilidade<\/a><\/td><\/tr><\/tbody><\/table><\/figure>\n\n\n\n<p class=\"wp-block-paragraph\">Os n\u00fameros precisam gerar decis\u00e3o. Um prazo de licenciamento aumentando m\u00eas a m\u00eas pode indicar complementa\u00e7\u00f5es frequentes ou baixa qualidade dos documentos. Condicionantes vencidas podem revelar falhas na defini\u00e7\u00e3o de respons\u00e1veis.&nbsp;<\/p>\n\n\n\n<p class=\"wp-block-paragraph\">Resultados ambientais pr\u00f3ximos de limites aplic\u00e1veis podem exigir medidas preventivas antes que a nova capacidade entre em funcionamento. O painel deve mostrar tend\u00eancia, causa, respons\u00e1vel e a\u00e7\u00e3o prevista, evitando que a gest\u00e3o se limite a marcar tarefas como conclu\u00eddas sem avaliar o risco residual da expans\u00e3o.<\/p>\n\n\n\n<p class=\"wp-block-paragraph\"><strong>Confira tamb\u00e9m estes conte\u00fados relacionados:<\/strong><\/p>\n\n\n\n<ul class=\"wp-block-list\">\n<li><a href=\"https:\/\/rochacerqueira.com.br\/licenciamento-ambiental\/\">O licenciamento ambiental organiza decis\u00f5es sobre viabilidade, impactos e condicionantes.<\/a><\/li>\n\n\n\n<li><a href=\"https:\/\/rochacerqueira.com.br\/gestao-de-nao-conformidade\/\">A gest\u00e3o de n\u00e3o conformidade ajuda a tratar desvios antes que se repitam.<\/a><\/li>\n\n\n\n<li><a href=\"https:\/\/rochacerqueira.com.br\/gestao-recursos-hidricos\/\">A gest\u00e3o de recursos h\u00eddricos integra uso da \u00e1gua, controles e requisitos aplic\u00e1veis.<\/a><\/li>\n<\/ul>\n\n\n\n<h2 class=\"wp-block-heading\"><strong>Planejar a expans\u00e3o com conformidade reduz incertezas<\/strong><\/h2>\n\n\n\n<p class=\"wp-block-paragraph\">Uma amplia\u00e7\u00e3o industrial bem preparada conecta engenharia, meio ambiente, jur\u00eddico, produ\u00e7\u00e3o e dire\u00e7\u00e3o antes da mobiliza\u00e7\u00e3o da obra. A revis\u00e3o da licen\u00e7a, a caracteriza\u00e7\u00e3o do novo cen\u00e1rio, a defini\u00e7\u00e3o do procedimento, os estudos, as autoriza\u00e7\u00f5es e os indicadores precisam formar um \u00fanico plano de trabalho.&nbsp;<\/p>\n\n\n\n<p class=\"wp-block-paragraph\">Esse encadeamento reduz decis\u00f5es tardias, ajuda a documentar responsabilidades e cria condi\u00e7\u00f5es para que a empresa acompanhe a expans\u00e3o com melhoria cont\u00ednua, em vez de reagir apenas quando surge uma exig\u00eancia do \u00f3rg\u00e3o ambiental.<\/p>\n\n\n\n<p class=\"wp-block-paragraph\">Manter a <strong>licen\u00e7a ambiental para ind\u00fastrias<\/strong> alinhada \u00e0 realidade da f\u00e1brica \u00e9 parte da governan\u00e7a de uma expans\u00e3o respons\u00e1vel. A empresa deve revisar requisitos sempre que o projeto mudar, registrar evid\u00eancias e acompanhar condicionantes durante todo o ciclo do empreendimento. Como o crescimento industrial tamb\u00e9m pode alterar riscos relacionados \u00e0s pessoas, \u00e0s instala\u00e7\u00f5es e \u00e0s rotinas de trabalho, o <a href=\"https:\/\/rochacerqueira.com.br\/e-book-nrs\/?utm_source=blog&amp;utm_medium=organico&amp;utm_campaign=organico_guest_post&amp;utm_id=guest_post_programa_alianca_cni\">e-book sobre NRs atualizadas<\/a> re\u00fane refer\u00eancias \u00fateis para manter a gest\u00e3o conectada \u00e0s exig\u00eancias de <a href=\"https:\/\/www.nomus.com.br\/blog-industrial\/seguranca-do-trabalho\/\">seguran\u00e7a do trabalho<\/a>.<\/p>\n\n\n\n<h2 class=\"wp-block-heading\"><strong>Perguntas frequentes (FAQ)<\/strong><\/h2>\n\n\n\n<p class=\"wp-block-paragraph\">As respostas abaixo re\u00fanem os pontos pr\u00e1ticos mais recorrentes sobre <a href=\"https:\/\/www.nomus.com.br\/blog-industrial\/ppcp\/\">planejamento<\/a>, enquadramento, documentos, prazos e acompanhamento da amplia\u00e7\u00e3o industrial.<\/p>\n\n\n\n<h3 class=\"wp-block-heading\"><strong>Uma amplia\u00e7\u00e3o industrial sempre exige nova licen\u00e7a ambiental?<\/strong><\/h3>\n\n\n\n<p class=\"wp-block-paragraph\">N\u00e3o necessariamente. O procedimento depende do enquadramento da altera\u00e7\u00e3o, das regras do ente licenciador e das caracter\u00edsticas do empreendimento. Mudan\u00e7as de porte, capacidade, processo, localiza\u00e7\u00e3o ou potencial poluidor podem exigir altera\u00e7\u00e3o, amplia\u00e7\u00e3o do licenciamento ou nova licen\u00e7a. A empresa deve comparar o cen\u00e1rio autorizado com o projeto futuro e confirmar o procedimento aplic\u00e1vel junto ao \u00f3rg\u00e3o competente antes de iniciar as interven\u00e7\u00f5es.<\/p>\n\n\n\n<h3 class=\"wp-block-heading\"><strong>O que deve ser verificado na licen\u00e7a vigente antes da expans\u00e3o?<\/strong><\/h3>\n\n\n\n<p class=\"wp-block-paragraph\">Devem ser conferidos prazo de validade, atividades e capacidade autorizadas, \u00e1reas abrangidas, fontes de emiss\u00e3o, pontos de lan\u00e7amento, autoriza\u00e7\u00f5es associadas e condicionantes. Tamb\u00e9m \u00e9 recomend\u00e1vel revisar o hist\u00f3rico de protocolos e evid\u00eancias de cumprimento. Essa an\u00e1lise mostra se existem pend\u00eancias, se o projeto futuro ultrapassa o escopo autorizado e quais obriga\u00e7\u00f5es precisam ser tratadas antes do avan\u00e7o da amplia\u00e7\u00e3o.<\/p>\n\n\n\n<h3 class=\"wp-block-heading\"><strong>Quais fatores podem mudar o enquadramento ambiental de uma f\u00e1brica?<\/strong><\/h3>\n\n\n\n<p class=\"wp-block-paragraph\">Os fatores variam conforme a legisla\u00e7\u00e3o aplic\u00e1vel, mas podem incluir aumento de porte ou capacidade, inclus\u00e3o de novas atividades, mudan\u00e7a de processo, altera\u00e7\u00e3o de localiza\u00e7\u00e3o e potencial poluidor. Novos consumos de \u00e1gua, emiss\u00f5es, efluentes, res\u00edduos e interven\u00e7\u00f5es ambientais tamb\u00e9m podem influenciar a an\u00e1lise. Por isso, a caracteriza\u00e7\u00e3o t\u00e9cnica deve comparar de forma objetiva a situa\u00e7\u00e3o licenciada com o cen\u00e1rio projetado.<\/p>\n\n\n\n<h3 class=\"wp-block-heading\"><strong>Como evitar que o licenciamento atrase a obra?<\/strong><\/h3>\n\n\n\n<p class=\"wp-block-paragraph\">O licenciamento deve ser incorporado ao cronograma desde a defini\u00e7\u00e3o do escopo. A empresa precisa mapear estudos, documentos, autoriza\u00e7\u00f5es, depend\u00eancias e respons\u00e1veis, al\u00e9m de prever tempo para an\u00e1lises e eventuais complementa\u00e7\u00f5es. Tamb\u00e9m \u00e9 recomend\u00e1vel controlar mudan\u00e7as de projeto depois do protocolo. Dessa forma, os marcos ambientais deixam de aparecer como tarefas isoladas e passam a orientar as datas em que cada fase pode avan\u00e7ar.<\/p>\n\n\n\n<h3 class=\"wp-block-heading\"><strong>Quais indicadores ajudam a acompanhar a conformidade durante a amplia\u00e7\u00e3o?<\/strong><\/h3>\n\n\n\n<p class=\"wp-block-paragraph\">No contexto da licen\u00e7a ambiental para ind\u00fastrias, indicadores \u00fateis incluem prazo do licenciamento, percentual de condicionantes atendidas no prazo, quantidade e reincid\u00eancia de n\u00e3o conformidades, emiss\u00f5es, qualidade de efluentes, gera\u00e7\u00e3o de res\u00edduos e destina\u00e7\u00e3o adequada. O acompanhamento deve relacionar cada resultado a respons\u00e1veis e planos de a\u00e7\u00e3o. Mais do que registrar n\u00fameros, o painel precisa mostrar tend\u00eancias e antecipar desvios que possam afetar a conformidade ou o cronograma.<\/p>\n\n\n\n<hr class=\"wp-block-separator has-alpha-channel-opacity\"\/>\n\n\n\n<div class=\"wp-block-media-text is-stacked-on-mobile\"><figure class=\"wp-block-media-text__media\"><img decoding=\"async\" width=\"612\" height=\"557\" data-src=\"https:\/\/www.nomus.com.br\/blog-industrial\/wp-content\/uploads\/2026\/08\/WhatsApp-Image-2026-08-28-at-13.29.521.jpeg\" alt=\"\" class=\"wp-image-35621 size-full lazyload\" data-srcset=\"https:\/\/www.nomus.com.br\/blog-industrial\/wp-content\/uploads\/2026\/08\/WhatsApp-Image-2026-08-28-at-13.29.521.jpeg 612w, https:\/\/www.nomus.com.br\/blog-industrial\/wp-content\/uploads\/2026\/08\/WhatsApp-Image-2026-08-28-at-13.29.521-247x225.jpeg 247w, https:\/\/www.nomus.com.br\/blog-industrial\/wp-content\/uploads\/2026\/08\/WhatsApp-Image-2026-08-28-at-13.29.521-150x137.jpeg 150w\" data-sizes=\"(max-width: 612px) 100vw, 612px\" src=\"data:image\/svg+xml;base64,PHN2ZyB3aWR0aD0iMSIgaGVpZ2h0PSIxIiB4bWxucz0iaHR0cDovL3d3dy53My5vcmcvMjAwMC9zdmciPjwvc3ZnPg==\" style=\"--smush-placeholder-width: 612px; --smush-placeholder-aspect-ratio: 612\/557;\" \/><\/figure><div class=\"wp-block-media-text__content\">\n<h2 class=\"wp-block-heading\">Ivan de Souza<\/h2>\n\n\n\n<p class=\"wp-block-paragraph\"><a href=\"https:\/\/www.nomus.com.br\/blog-industrial\/ceo\/\">CEO<\/a> da Ag\u00eancia Henshin e consultor de marketing digital, fascinado por marketing de conte\u00fado e admirador da cultura japonesa.<\/p>\n\n\n\n<ul class=\"wp-block-list\">\n<li>Site: <a href=\"https:\/\/agenciahenshin.com.br\/\">https:\/\/agenciahenshin.com.br\/<\/a><\/li>\n\n\n\n<li>LinkedIn: <a href=\"https:\/\/www.linkedin.com\/in\/ivandesouzacardoso\/\">https:\/\/www.linkedin.com\/in\/ivandesouzacardoso\/<\/a><\/li>\n\n\n\n<li>WhatsApp: <a href=\"https:\/\/wa.me\/https:\/\/wa.me\/3189096882\">https:\/\/wa.me\/https:\/\/wa.me\/3189096882<\/a><\/li>\n\n\n\n<li>YouTube: <a href=\"https:\/\/www.youtube.com\/channel\/UC0Uh7i3gM4hc6nS7V0uJ9wA\">https:\/\/www.youtube.com\/channel\/UC0Uh7i3gM4hc6nS7V0uJ9wA<\/a><\/li>\n\n\n\n<li>Instagram: <a href=\"https:\/\/www.instagram.com\/ivandesouzacardoso\/\">https:\/\/www.instagram.com\/ivandesouzacardoso\/<\/a><\/li>\n\n\n\n<li>Facebook: <a href=\"https:\/\/www.facebook.com\/ivandesouzacardoso\/\">https:\/\/www.facebook.com\/ivandesouzacardoso\/<\/a><\/li>\n<\/ul>\n<\/div><\/div>\n","protected":false},"excerpt":{"rendered":"<p>O planejamento ESG de uma amplia\u00e7\u00e3o industrial deve come\u00e7ar pela verifica\u00e7\u00e3o da licen\u00e7a ambiental para ind\u00fastrias aplic\u00e1vel, porque aumentar \u00e1rea, capacidade, linhas produtivas ou impactos pode alterar o enquadramento ambiental.&nbsp; O licenciamento antecipa requisitos, condicionantes, estudos e autoriza\u00e7\u00f5es antes que a obra avance, reduzindo riscos de paralisa\u00e7\u00f5es, san\u00e7\u00f5es, atrasos e retrabalho. A an\u00e1lise precisa conectar [&hellip;]<\/p>\n","protected":false},"author":65,"featured_media":35609,"comment_status":"open","ping_status":"open","sticky":false,"template":"","format":"standard","meta":{"_acf_changed":false,"footnotes":""},"categories":[89],"tags":[48],"class_list":["post-35602","post","type-post","status-publish","format-standard","has-post-thumbnail","hentry","category-convidados","tag-artigo"],"acf":[],"yoast_head":"\n<title>Licenciamento ambiental para ind\u00fastria: o que considerar antes de ampliar a f\u00e1brica?<\/title>\n<meta name=\"robots\" content=\"index, follow, max-snippet:-1, max-image-preview:large, max-video-preview:-1\" \/>\n<link rel=\"canonical\" href=\"https:\/\/www.nomus.com.br\/blog-industrial\/licenciamento-ambiental-para-industria-o-que-considerar-antes-de-ampliar-a-fabrica\/\" \/>\n<meta property=\"og:locale\" content=\"pt_BR\" \/>\n<meta property=\"og:type\" content=\"article\" \/>\n<meta property=\"og:title\" content=\"Licenciamento ambiental para ind\u00fastria: o que considerar antes de ampliar a f\u00e1brica?\" \/>\n<meta property=\"og:description\" content=\"O planejamento ESG de uma amplia\u00e7\u00e3o industrial deve come\u00e7ar pela verifica\u00e7\u00e3o da licen\u00e7a ambiental para ind\u00fastrias aplic\u00e1vel, porque aumentar \u00e1rea, capacidade, linhas produtivas ou impactos pode alterar o enquadramento ambiental.&nbsp; O licenciamento antecipa requisitos, condicionantes, estudos e autoriza\u00e7\u00f5es antes que a obra avance, reduzindo riscos de paralisa\u00e7\u00f5es, san\u00e7\u00f5es, atrasos e retrabalho. A an\u00e1lise precisa conectar [&hellip;]\" \/>\n<meta property=\"og:url\" content=\"https:\/\/www.nomus.com.br\/blog-industrial\/licenciamento-ambiental-para-industria-o-que-considerar-antes-de-ampliar-a-fabrica\/\" \/>\n<meta property=\"og:site_name\" content=\"Blog Industrial Nomus\" \/>\n<meta property=\"article:publisher\" content=\"https:\/\/www.facebook.com\/nomussoftwares\" \/>\n<meta property=\"article:published_time\" content=\"2026-08-28T14:01:36+00:00\" \/>\n<meta property=\"article:modified_time\" content=\"2026-08-28T16:39:58+00:00\" \/>\n<meta property=\"og:image\" content=\"https:\/\/www.nomus.com.br\/blog-industrial\/wp-content\/uploads\/2026\/08\/Licenciamento-ambiental-para-industrias.jpg\" \/>\n\t<meta property=\"og:image:width\" content=\"620\" \/>\n\t<meta property=\"og:image:height\" content=\"405\" \/>\n\t<meta property=\"og:image:type\" content=\"image\/jpeg\" \/>\n<meta name=\"author\" content=\"Jo\u00e3o Pedro\" \/>\n<meta name=\"twitter:card\" content=\"summary_large_image\" \/>\n<meta name=\"twitter:creator\" content=\"@nomusindustrial\" \/>\n<meta name=\"twitter:site\" content=\"@nomusindustrial\" \/>\n<meta name=\"twitter:label1\" content=\"Escrito por\" \/>\n\t<meta name=\"twitter:data1\" content=\"Jo\u00e3o Pedro\" \/>\n\t<meta name=\"twitter:label2\" content=\"Est. tempo de leitura\" \/>\n\t<meta name=\"twitter:data2\" content=\"13 minutos\" \/>\n<script type=\"application\/ld+json\" class=\"yoast-schema-graph\">{\"@context\":\"https:\\\/\\\/schema.org\",\"@graph\":[{\"@type\":\"Article\",\"@id\":\"https:\\\/\\\/www.nomus.com.br\\\/blog-industrial\\\/licenciamento-ambiental-para-industria-o-que-considerar-antes-de-ampliar-a-fabrica\\\/#article\",\"isPartOf\":{\"@id\":\"https:\\\/\\\/www.nomus.com.br\\\/blog-industrial\\\/licenciamento-ambiental-para-industria-o-que-considerar-antes-de-ampliar-a-fabrica\\\/\"},\"author\":{\"name\":\"Jo\u00e3o Pedro\",\"@id\":\"https:\\\/\\\/www.nomus.com.br\\\/blog-industrial\\\/#\\\/schema\\\/person\\\/a7c9d92c57f9e33398d1080e16c1b4e4\"},\"headline\":\"Licenciamento ambiental para ind\u00fastria: o que considerar antes de ampliar a f\u00e1brica?\",\"datePublished\":\"2026-08-28T14:01:36+00:00\",\"dateModified\":\"2026-08-28T16:39:58+00:00\",\"mainEntityOfPage\":{\"@id\":\"https:\\\/\\\/www.nomus.com.br\\\/blog-industrial\\\/licenciamento-ambiental-para-industria-o-que-considerar-antes-de-ampliar-a-fabrica\\\/\"},\"wordCount\":2517,\"commentCount\":0,\"image\":{\"@id\":\"https:\\\/\\\/www.nomus.com.br\\\/blog-industrial\\\/licenciamento-ambiental-para-industria-o-que-considerar-antes-de-ampliar-a-fabrica\\\/#primaryimage\"},\"thumbnailUrl\":\"https:\\\/\\\/www.nomus.com.br\\\/blog-industrial\\\/wp-content\\\/uploads\\\/2026\\\/08\\\/Licenciamento-ambiental-para-industrias.jpg\",\"keywords\":[\"artigo\"],\"articleSection\":[\"Convidados\"],\"inLanguage\":\"pt-BR\",\"potentialAction\":[{\"@type\":\"CommentAction\",\"name\":\"Comment\",\"target\":[\"https:\\\/\\\/www.nomus.com.br\\\/blog-industrial\\\/licenciamento-ambiental-para-industria-o-que-considerar-antes-de-ampliar-a-fabrica\\\/#respond\"]}]},{\"@type\":\"WebPage\",\"@id\":\"https:\\\/\\\/www.nomus.com.br\\\/blog-industrial\\\/licenciamento-ambiental-para-industria-o-que-considerar-antes-de-ampliar-a-fabrica\\\/\",\"url\":\"https:\\\/\\\/www.nomus.com.br\\\/blog-industrial\\\/licenciamento-ambiental-para-industria-o-que-considerar-antes-de-ampliar-a-fabrica\\\/\",\"name\":\"Licenciamento ambiental para ind\u00fastria: o que considerar antes de ampliar a f\u00e1brica?\",\"isPartOf\":{\"@id\":\"https:\\\/\\\/www.nomus.com.br\\\/blog-industrial\\\/#website\"},\"primaryImageOfPage\":{\"@id\":\"https:\\\/\\\/www.nomus.com.br\\\/blog-industrial\\\/licenciamento-ambiental-para-industria-o-que-considerar-antes-de-ampliar-a-fabrica\\\/#primaryimage\"},\"image\":{\"@id\":\"https:\\\/\\\/www.nomus.com.br\\\/blog-industrial\\\/licenciamento-ambiental-para-industria-o-que-considerar-antes-de-ampliar-a-fabrica\\\/#primaryimage\"},\"thumbnailUrl\":\"https:\\\/\\\/www.nomus.com.br\\\/blog-industrial\\\/wp-content\\\/uploads\\\/2026\\\/08\\\/Licenciamento-ambiental-para-industrias.jpg\",\"datePublished\":\"2026-08-28T14:01:36+00:00\",\"dateModified\":\"2026-08-28T16:39:58+00:00\",\"author\":{\"@id\":\"https:\\\/\\\/www.nomus.com.br\\\/blog-industrial\\\/#\\\/schema\\\/person\\\/a7c9d92c57f9e33398d1080e16c1b4e4\"},\"breadcrumb\":{\"@id\":\"https:\\\/\\\/www.nomus.com.br\\\/blog-industrial\\\/licenciamento-ambiental-para-industria-o-que-considerar-antes-de-ampliar-a-fabrica\\\/#breadcrumb\"},\"inLanguage\":\"pt-BR\",\"potentialAction\":[{\"@type\":\"ReadAction\",\"target\":[\"https:\\\/\\\/www.nomus.com.br\\\/blog-industrial\\\/licenciamento-ambiental-para-industria-o-que-considerar-antes-de-ampliar-a-fabrica\\\/\"]}]},{\"@type\":\"ImageObject\",\"inLanguage\":\"pt-BR\",\"@id\":\"https:\\\/\\\/www.nomus.com.br\\\/blog-industrial\\\/licenciamento-ambiental-para-industria-o-que-considerar-antes-de-ampliar-a-fabrica\\\/#primaryimage\",\"url\":\"https:\\\/\\\/www.nomus.com.br\\\/blog-industrial\\\/wp-content\\\/uploads\\\/2026\\\/08\\\/Licenciamento-ambiental-para-industrias.jpg\",\"contentUrl\":\"https:\\\/\\\/www.nomus.com.br\\\/blog-industrial\\\/wp-content\\\/uploads\\\/2026\\\/08\\\/Licenciamento-ambiental-para-industrias.jpg\",\"width\":620,\"height\":405},{\"@type\":\"BreadcrumbList\",\"@id\":\"https:\\\/\\\/www.nomus.com.br\\\/blog-industrial\\\/licenciamento-ambiental-para-industria-o-que-considerar-antes-de-ampliar-a-fabrica\\\/#breadcrumb\",\"itemListElement\":[{\"@type\":\"ListItem\",\"position\":1,\"name\":\"Blog Industrial Nomus\",\"item\":\"https:\\\/\\\/www.nomus.com.br\\\/blog-industrial\\\/\"},{\"@type\":\"ListItem\",\"position\":2,\"name\":\"Convidados\",\"item\":\"https:\\\/\\\/www.nomus.com.br\\\/blog-industrial\\\/category\\\/convidados\\\/\"},{\"@type\":\"ListItem\",\"position\":3,\"name\":\"Licenciamento ambiental para ind\u00fastria: o que considerar antes de ampliar a f\u00e1brica?\"}]},{\"@type\":\"WebSite\",\"@id\":\"https:\\\/\\\/www.nomus.com.br\\\/blog-industrial\\\/#website\",\"url\":\"https:\\\/\\\/www.nomus.com.br\\\/blog-industrial\\\/\",\"name\":\"Blog Industrial Nomus\",\"description\":\"Artigos, planilhas, ebooks e ferramentas de engenharia de produ\u00e7\u00e3o e para aumentar o lucro da sua f\u00e1brica\",\"potentialAction\":[{\"@type\":\"SearchAction\",\"target\":{\"@type\":\"EntryPoint\",\"urlTemplate\":\"https:\\\/\\\/www.nomus.com.br\\\/blog-industrial\\\/?s={search_term_string}\"},\"query-input\":{\"@type\":\"PropertyValueSpecification\",\"valueRequired\":true,\"valueName\":\"search_term_string\"}}],\"inLanguage\":\"pt-BR\"},{\"@type\":\"Person\",\"@id\":\"https:\\\/\\\/www.nomus.com.br\\\/blog-industrial\\\/#\\\/schema\\\/person\\\/a7c9d92c57f9e33398d1080e16c1b4e4\",\"name\":\"Jo\u00e3o Pedro\",\"image\":{\"@type\":\"ImageObject\",\"inLanguage\":\"pt-BR\",\"@id\":\"https:\\\/\\\/www.nomus.com.br\\\/blog-industrial\\\/wp-content\\\/uploads\\\/2025\\\/04\\\/T015FBQU002-U05GFE64LKT-8ada946a3f23-512-96x96.png\",\"url\":\"https:\\\/\\\/www.nomus.com.br\\\/blog-industrial\\\/wp-content\\\/uploads\\\/2025\\\/04\\\/T015FBQU002-U05GFE64LKT-8ada946a3f23-512-96x96.png\",\"contentUrl\":\"https:\\\/\\\/www.nomus.com.br\\\/blog-industrial\\\/wp-content\\\/uploads\\\/2025\\\/04\\\/T015FBQU002-U05GFE64LKT-8ada946a3f23-512-96x96.png\",\"caption\":\"Jo\u00e3o Pedro\"},\"description\":\"Redator Industrial e Copywriter. Bacharel em Tradu\u00e7\u00e3o do Ingl\u00eas pela UFRGS. 10+ anos de reda\u00e7\u00e3o, storytelling, tradu\u00e7\u00e3o e cria\u00e7\u00e3o de nomes de empresas.\",\"url\":\"https:\\\/\\\/www.nomus.com.br\\\/blog-industrial\\\/author\\\/joaopedro\\\/\"}]}<\/script>\n","yoast_head_json":{"title":"Licenciamento ambiental para ind\u00fastria: o que considerar antes de ampliar a f\u00e1brica?","robots":{"index":"index","follow":"follow","max-snippet":"max-snippet:-1","max-image-preview":"max-image-preview:large","max-video-preview":"max-video-preview:-1"},"canonical":"https:\/\/www.nomus.com.br\/blog-industrial\/licenciamento-ambiental-para-industria-o-que-considerar-antes-de-ampliar-a-fabrica\/","og_locale":"pt_BR","og_type":"article","og_title":"Licenciamento ambiental para ind\u00fastria: o que considerar antes de ampliar a f\u00e1brica?","og_description":"O planejamento ESG de uma amplia\u00e7\u00e3o industrial deve come\u00e7ar pela verifica\u00e7\u00e3o da licen\u00e7a ambiental para ind\u00fastrias aplic\u00e1vel, porque aumentar \u00e1rea, capacidade, linhas produtivas ou impactos pode alterar o enquadramento ambiental.&nbsp; O licenciamento antecipa requisitos, condicionantes, estudos e autoriza\u00e7\u00f5es antes que a obra avance, reduzindo riscos de paralisa\u00e7\u00f5es, san\u00e7\u00f5es, atrasos e retrabalho. A an\u00e1lise precisa conectar [&hellip;]","og_url":"https:\/\/www.nomus.com.br\/blog-industrial\/licenciamento-ambiental-para-industria-o-que-considerar-antes-de-ampliar-a-fabrica\/","og_site_name":"Blog Industrial Nomus","article_publisher":"https:\/\/www.facebook.com\/nomussoftwares","article_published_time":"2026-08-28T14:01:36+00:00","article_modified_time":"2026-08-28T16:39:58+00:00","og_image":[{"width":620,"height":405,"url":"https:\/\/www.nomus.com.br\/blog-industrial\/wp-content\/uploads\/2026\/08\/Licenciamento-ambiental-para-industrias.jpg","type":"image\/jpeg"}],"author":"Jo\u00e3o Pedro","twitter_card":"summary_large_image","twitter_creator":"@nomusindustrial","twitter_site":"@nomusindustrial","twitter_misc":{"Escrito por":"Jo\u00e3o Pedro","Est. tempo de leitura":"13 minutos"},"schema":{"@context":"https:\/\/schema.org","@graph":[{"@type":"Article","@id":"https:\/\/www.nomus.com.br\/blog-industrial\/licenciamento-ambiental-para-industria-o-que-considerar-antes-de-ampliar-a-fabrica\/#article","isPartOf":{"@id":"https:\/\/www.nomus.com.br\/blog-industrial\/licenciamento-ambiental-para-industria-o-que-considerar-antes-de-ampliar-a-fabrica\/"},"author":{"name":"Jo\u00e3o Pedro","@id":"https:\/\/www.nomus.com.br\/blog-industrial\/#\/schema\/person\/a7c9d92c57f9e33398d1080e16c1b4e4"},"headline":"Licenciamento ambiental para ind\u00fastria: o que considerar antes de ampliar a f\u00e1brica?","datePublished":"2026-08-28T14:01:36+00:00","dateModified":"2026-08-28T16:39:58+00:00","mainEntityOfPage":{"@id":"https:\/\/www.nomus.com.br\/blog-industrial\/licenciamento-ambiental-para-industria-o-que-considerar-antes-de-ampliar-a-fabrica\/"},"wordCount":2517,"commentCount":0,"image":{"@id":"https:\/\/www.nomus.com.br\/blog-industrial\/licenciamento-ambiental-para-industria-o-que-considerar-antes-de-ampliar-a-fabrica\/#primaryimage"},"thumbnailUrl":"https:\/\/www.nomus.com.br\/blog-industrial\/wp-content\/uploads\/2026\/08\/Licenciamento-ambiental-para-industrias.jpg","keywords":["artigo"],"articleSection":["Convidados"],"inLanguage":"pt-BR","potentialAction":[{"@type":"CommentAction","name":"Comment","target":["https:\/\/www.nomus.com.br\/blog-industrial\/licenciamento-ambiental-para-industria-o-que-considerar-antes-de-ampliar-a-fabrica\/#respond"]}]},{"@type":"WebPage","@id":"https:\/\/www.nomus.com.br\/blog-industrial\/licenciamento-ambiental-para-industria-o-que-considerar-antes-de-ampliar-a-fabrica\/","url":"https:\/\/www.nomus.com.br\/blog-industrial\/licenciamento-ambiental-para-industria-o-que-considerar-antes-de-ampliar-a-fabrica\/","name":"Licenciamento ambiental para ind\u00fastria: o que considerar antes de ampliar a f\u00e1brica?","isPartOf":{"@id":"https:\/\/www.nomus.com.br\/blog-industrial\/#website"},"primaryImageOfPage":{"@id":"https:\/\/www.nomus.com.br\/blog-industrial\/licenciamento-ambiental-para-industria-o-que-considerar-antes-de-ampliar-a-fabrica\/#primaryimage"},"image":{"@id":"https:\/\/www.nomus.com.br\/blog-industrial\/licenciamento-ambiental-para-industria-o-que-considerar-antes-de-ampliar-a-fabrica\/#primaryimage"},"thumbnailUrl":"https:\/\/www.nomus.com.br\/blog-industrial\/wp-content\/uploads\/2026\/08\/Licenciamento-ambiental-para-industrias.jpg","datePublished":"2026-08-28T14:01:36+00:00","dateModified":"2026-08-28T16:39:58+00:00","author":{"@id":"https:\/\/www.nomus.com.br\/blog-industrial\/#\/schema\/person\/a7c9d92c57f9e33398d1080e16c1b4e4"},"breadcrumb":{"@id":"https:\/\/www.nomus.com.br\/blog-industrial\/licenciamento-ambiental-para-industria-o-que-considerar-antes-de-ampliar-a-fabrica\/#breadcrumb"},"inLanguage":"pt-BR","potentialAction":[{"@type":"ReadAction","target":["https:\/\/www.nomus.com.br\/blog-industrial\/licenciamento-ambiental-para-industria-o-que-considerar-antes-de-ampliar-a-fabrica\/"]}]},{"@type":"ImageObject","inLanguage":"pt-BR","@id":"https:\/\/www.nomus.com.br\/blog-industrial\/licenciamento-ambiental-para-industria-o-que-considerar-antes-de-ampliar-a-fabrica\/#primaryimage","url":"https:\/\/www.nomus.com.br\/blog-industrial\/wp-content\/uploads\/2026\/08\/Licenciamento-ambiental-para-industrias.jpg","contentUrl":"https:\/\/www.nomus.com.br\/blog-industrial\/wp-content\/uploads\/2026\/08\/Licenciamento-ambiental-para-industrias.jpg","width":620,"height":405},{"@type":"BreadcrumbList","@id":"https:\/\/www.nomus.com.br\/blog-industrial\/licenciamento-ambiental-para-industria-o-que-considerar-antes-de-ampliar-a-fabrica\/#breadcrumb","itemListElement":[{"@type":"ListItem","position":1,"name":"Blog Industrial Nomus","item":"https:\/\/www.nomus.com.br\/blog-industrial\/"},{"@type":"ListItem","position":2,"name":"Convidados","item":"https:\/\/www.nomus.com.br\/blog-industrial\/category\/convidados\/"},{"@type":"ListItem","position":3,"name":"Licenciamento ambiental para ind\u00fastria: o que considerar antes de ampliar a f\u00e1brica?"}]},{"@type":"WebSite","@id":"https:\/\/www.nomus.com.br\/blog-industrial\/#website","url":"https:\/\/www.nomus.com.br\/blog-industrial\/","name":"Blog Industrial Nomus","description":"Artigos, planilhas, ebooks e ferramentas de engenharia de produ\u00e7\u00e3o e para aumentar o lucro da sua f\u00e1brica","potentialAction":[{"@type":"SearchAction","target":{"@type":"EntryPoint","urlTemplate":"https:\/\/www.nomus.com.br\/blog-industrial\/?s={search_term_string}"},"query-input":{"@type":"PropertyValueSpecification","valueRequired":true,"valueName":"search_term_string"}}],"inLanguage":"pt-BR"},{"@type":"Person","@id":"https:\/\/www.nomus.com.br\/blog-industrial\/#\/schema\/person\/a7c9d92c57f9e33398d1080e16c1b4e4","name":"Jo\u00e3o Pedro","image":{"@type":"ImageObject","inLanguage":"pt-BR","@id":"https:\/\/www.nomus.com.br\/blog-industrial\/wp-content\/uploads\/2025\/04\/T015FBQU002-U05GFE64LKT-8ada946a3f23-512-96x96.png","url":"https:\/\/www.nomus.com.br\/blog-industrial\/wp-content\/uploads\/2025\/04\/T015FBQU002-U05GFE64LKT-8ada946a3f23-512-96x96.png","contentUrl":"https:\/\/www.nomus.com.br\/blog-industrial\/wp-content\/uploads\/2025\/04\/T015FBQU002-U05GFE64LKT-8ada946a3f23-512-96x96.png","caption":"Jo\u00e3o Pedro"},"description":"Redator Industrial e Copywriter. Bacharel em Tradu\u00e7\u00e3o do Ingl\u00eas pela UFRGS. 10+ anos de reda\u00e7\u00e3o, storytelling, tradu\u00e7\u00e3o e cria\u00e7\u00e3o de nomes de empresas.","url":"https:\/\/www.nomus.com.br\/blog-industrial\/author\/joaopedro\/"}]}},"_links":{"self":[{"href":"https:\/\/www.nomus.com.br\/blog-industrial\/wp-json\/wp\/v2\/posts\/35602","targetHints":{"allow":["GET"]}}],"collection":[{"href":"https:\/\/www.nomus.com.br\/blog-industrial\/wp-json\/wp\/v2\/posts"}],"about":[{"href":"https:\/\/www.nomus.com.br\/blog-industrial\/wp-json\/wp\/v2\/types\/post"}],"author":[{"embeddable":true,"href":"https:\/\/www.nomus.com.br\/blog-industrial\/wp-json\/wp\/v2\/users\/65"}],"replies":[{"embeddable":true,"href":"https:\/\/www.nomus.com.br\/blog-industrial\/wp-json\/wp\/v2\/comments?post=35602"}],"version-history":[{"count":3,"href":"https:\/\/www.nomus.com.br\/blog-industrial\/wp-json\/wp\/v2\/posts\/35602\/revisions"}],"predecessor-version":[{"id":35623,"href":"https:\/\/www.nomus.com.br\/blog-industrial\/wp-json\/wp\/v2\/posts\/35602\/revisions\/35623"}],"wp:featuredmedia":[{"embeddable":true,"href":"https:\/\/www.nomus.com.br\/blog-industrial\/wp-json\/wp\/v2\/media\/35609"}],"wp:attachment":[{"href":"https:\/\/www.nomus.com.br\/blog-industrial\/wp-json\/wp\/v2\/media?parent=35602"}],"wp:term":[{"taxonomy":"category","embeddable":true,"href":"https:\/\/www.nomus.com.br\/blog-industrial\/wp-json\/wp\/v2\/categories?post=35602"},{"taxonomy":"post_tag","embeddable":true,"href":"https:\/\/www.nomus.com.br\/blog-industrial\/wp-json\/wp\/v2\/tags?post=35602"}],"curies":[{"name":"wp","href":"https:\/\/api.w.org\/{rel}","templated":true}]}}