{"id":32791,"date":"2025-10-14T00:01:00","date_gmt":"2025-10-14T03:01:00","guid":{"rendered":"https:\/\/www.nomus.com.br\/blog-industrial\/?p=32791"},"modified":"2026-02-18T10:47:35","modified_gmt":"2026-02-18T13:47:35","slug":"reforma-tributaria","status":"publish","type":"post","link":"https:\/\/www.nomus.com.br\/blog-industrial\/reforma-tributaria\/","title":{"rendered":"Reforma Tribut\u00e1ria: o que muda, quando come\u00e7a a valer e como se adequar"},"content":{"rendered":"<div class=\"wp-block-image\">\n<figure class=\"aligncenter size-full\"><a href=\"https:\/\/material.nomus.com.br\/jornada-reforma-tributaria\" target=\"_blank\" rel=\" noreferrer noopener\"><img decoding=\"async\" width=\"650\" height=\"260\" data-src=\"https:\/\/www.nomus.com.br\/blog-industrial\/wp-content\/uploads\/2025\/10\/banner-blog-jornada.jpg\" alt=\"\" class=\"wp-image-33187 lazyload\" data-srcset=\"https:\/\/www.nomus.com.br\/blog-industrial\/wp-content\/uploads\/2025\/10\/banner-blog-jornada.jpg 650w, https:\/\/www.nomus.com.br\/blog-industrial\/wp-content\/uploads\/2025\/10\/banner-blog-jornada-345x138.jpg 345w, https:\/\/www.nomus.com.br\/blog-industrial\/wp-content\/uploads\/2025\/10\/banner-blog-jornada-150x60.jpg 150w\" data-sizes=\"(max-width: 650px) 100vw, 650px\" src=\"data:image\/svg+xml;base64,PHN2ZyB3aWR0aD0iMSIgaGVpZ2h0PSIxIiB4bWxucz0iaHR0cDovL3d3dy53My5vcmcvMjAwMC9zdmciPjwvc3ZnPg==\" style=\"--smush-placeholder-width: 650px; --smush-placeholder-aspect-ratio: 650\/260;\" \/><\/a><\/figure>\n<\/div>\n\n\n<p>A <strong>Reforma Tribut\u00e1ria <\/strong>foi aprovada em 2023, ser\u00e1 implantada em fases a partir de 2026 com fim em 2033 e objetiva a simplifica\u00e7\u00e3o do sistema tribut\u00e1rio brasileiro. No resumo, troca-se PIS e COFINS por <a href=\"https:\/\/www.nomus.com.br\/blog-industrial\/cbs-contribuicao-sobre-bens-e-servicos\/\">CBS<\/a>, ICMS e ISS por <a href=\"https:\/\/www.nomus.com.br\/blog-industrial\/ibs-imposto-sobre-bens-e-servicos\/\">IBS<\/a>, se institui o IS (\u201cimposto do pecado\u201d) e inicia-se a n\u00e3o cumulatividade ampla (para CBS e IBS).<\/p>\n\n\n\n<p>Acontece que antes da Reforma Tribut\u00e1ria, havia v\u00e1rias regras para realizar a credita\u00e7\u00e3o de tributos, com v\u00e1rios casos a opera\u00e7\u00e3o de cr\u00e9dito ser impossibilitado, e agora esses processos ser\u00e3o simplificados. Qualquer empresa de lucro presumido ou lucro real poder\u00e1 realizar o cr\u00e9dito tribut\u00e1rio, considerando os valores de CBS e IBS em destaque.<\/p>\n\n\n\n<p>Essas mudan\u00e7as podem parecer complexas, mas eu trouxe explica\u00e7\u00f5es simples, objetivas e pr\u00e1ticas, com exemplo, no artigo abaixo. Voc\u00ea tamb\u00e9m confere uma aula completa em v\u00eddeo que prepara sua gest\u00e3o para a reforma tribut\u00e1ria, inclusive sugerindo ferramentas automatizadas.<\/p>\n\n\n\n<p><strong>Fa\u00e7a uma boa leitura!<\/strong><\/p>\n\n\n\n\n\n\n<h2 class=\"wp-block-heading\">Reforma Tribut\u00e1ria: o que \u00e9 e como surgiu? Quando estar\u00e1 valendo?<\/h2>\n\n\n\n<p>A reforma tribut\u00e1ria foi aprovada em 2023 e j\u00e1 est\u00e1 colocada na Constitui\u00e7\u00e3o Federal. Sua proposta \u00e9 um um novo IVA, que significa Imposto de Valor Agregado.<\/p>\n\n\n\n<p>Trata-se de um modelo de tributa\u00e7\u00e3o de consumo que surgiu para unificar e simplificar a cobran\u00e7a de impostos para reduzir a quantidade de tributos e a cumulatividade de tributos em efeitos cascata.<\/p>\n\n\n\n<p>A implanta\u00e7\u00e3o come\u00e7a em 2026, onde h\u00e1 um destaque de 1% de IVA para teste dos sistemas. Em 2027 j\u00e1 teremos uma extin\u00e7\u00e3o completa do PIS e do COFINS com in\u00edcio integral do CBS, enquanto 2029 a 2032 haver\u00e1 uma extin\u00e7\u00e3o gradual do ICMS e ISS e in\u00edcio do IBS, com a transi\u00e7\u00e3o encerrando em 2033.<\/p>\n\n\n\n<figure class=\"wp-block-image size-large\"><img decoding=\"async\" width=\"1024\" height=\"576\" data-src=\"https:\/\/www.nomus.com.br\/blog-industrial\/wp-content\/uploads\/2025\/10\/Linha-do-tempo-RT-1024x576.png\" alt=\"Este \u00e9 o cronograma da implanta\u00e7\u00e3o da reforma tribut\u00e1ria 2026 In\u00edcio da implanta\u00e7\u00e3o da Reforma Tribut\u00e1ria Destaque de 1% de IVA para testes dos sistemas 2027 Extin\u00e7\u00e3o completa do PIS e da COFINS In\u00edcio integral da CBS 2029 a 2032 Extin\u00e7\u00e3o gradual do ICMS e do ISS In\u00edcio da implementa\u00e7\u00e3o do IBS 2033 Encerramento da transi\u00e7\u00e3o Sistema tribut\u00e1rio totalmente implantado linha do tempo reforma tribut\u00e1ria no brasil\" class=\"wp-image-33484 lazyload\" data-srcset=\"https:\/\/www.nomus.com.br\/blog-industrial\/wp-content\/uploads\/2025\/10\/Linha-do-tempo-RT-1024x576.png 1024w, https:\/\/www.nomus.com.br\/blog-industrial\/wp-content\/uploads\/2025\/10\/Linha-do-tempo-RT-345x194.png 345w, https:\/\/www.nomus.com.br\/blog-industrial\/wp-content\/uploads\/2025\/10\/Linha-do-tempo-RT-768x432.png 768w, https:\/\/www.nomus.com.br\/blog-industrial\/wp-content\/uploads\/2025\/10\/Linha-do-tempo-RT-1536x864.png 1536w, https:\/\/www.nomus.com.br\/blog-industrial\/wp-content\/uploads\/2025\/10\/Linha-do-tempo-RT-150x84.png 150w, https:\/\/www.nomus.com.br\/blog-industrial\/wp-content\/uploads\/2025\/10\/Linha-do-tempo-RT.png 1920w\" data-sizes=\"(max-width: 1024px) 100vw, 1024px\" src=\"data:image\/svg+xml;base64,PHN2ZyB3aWR0aD0iMSIgaGVpZ2h0PSIxIiB4bWxucz0iaHR0cDovL3d3dy53My5vcmcvMjAwMC9zdmciPjwvc3ZnPg==\" style=\"--smush-placeholder-width: 1024px; --smush-placeholder-aspect-ratio: 1024\/576;\" \/><\/figure>\n\n\n\n<h2 class=\"wp-block-heading\">Jornada da Reforma Tribut\u00e1ria: V\u00eddeo-Aulas Completas<\/h2>\n\n\n\n<p>Voc\u00ea pode aprender tudo sobre a Reforma Tribut\u00e1ria atrav\u00e9s da grava\u00e7\u00e3o deste evento online. S\u00e3o 3 v\u00eddeo-aulas em que Rafael Netto ensinar\u00e1 tudo sobre como as ind\u00fastrias brasileiras ter\u00e3o que lidar com impostos, notas fiscais e processos cont\u00e1beis nos pr\u00f3ximos anos.<\/p>\n\n\n\n<p>Voc\u00ea vai aprender:<\/p>\n\n\n\n<ul class=\"wp-block-list\">\n<li><strong>Vis\u00e3o geral da Reforma Tribut\u00e1ria de consumo<\/strong>\n<ul class=\"wp-block-list\">\n<li>Entenda o que muda com a cria\u00e7\u00e3o do IBS e CBS, quais tributos ser\u00e3o extintos e como isso afeta diretamente as ind\u00fastrias.<\/li>\n<\/ul>\n<\/li>\n\n\n\n<li><strong>Como preparar seu <a href=\"https:\/\/www.nomus.com.br\/blog-industrial\/sistema-de-gestao\/\">sistema de gest\u00e3o<\/a> para emiss\u00e3o de NF em 2026<\/strong>\n<ul class=\"wp-block-list\">\n<li>Descubra como adequar seu <a href=\"https:\/\/www.nomus.com.br\/blog-industrial\/erp\/\">ERP<\/a> e processos internos \u00e0 nova estrutura tribut\u00e1ria.<\/li>\n<\/ul>\n<\/li>\n\n\n\n<li><strong>Impactos da reforma tribut\u00e1ria na opera\u00e7\u00e3o do sistema de gest\u00e3o ERP<\/strong>\n<ul class=\"wp-block-list\">\n<li>Veja, passo a passo, como ser\u00e1 o processo de emiss\u00e3o das novas notas fiscais e o que as ind\u00fastrias precisam ajustar para estar 100% prontas para 2026.<\/li>\n<\/ul>\n<\/li>\n<\/ul>\n\n\n\n<p>Assista agora:<\/p>\n\n\n<div class=\"wp-block-image\">\n<figure class=\"aligncenter size-full\"><a href=\"https:\/\/material.nomus.com.br\/jornada-reforma-tributaria\" target=\"_blank\" rel=\" noreferrer noopener\"><img decoding=\"async\" width=\"620\" height=\"405\" data-src=\"https:\/\/www.nomus.com.br\/blog-industrial\/wp-content\/uploads\/2025\/10\/thumb-blog-jornada.jpg\" alt=\"\" class=\"wp-image-33184 lazyload\" data-srcset=\"https:\/\/www.nomus.com.br\/blog-industrial\/wp-content\/uploads\/2025\/10\/thumb-blog-jornada.jpg 620w, https:\/\/www.nomus.com.br\/blog-industrial\/wp-content\/uploads\/2025\/10\/thumb-blog-jornada-345x225.jpg 345w, https:\/\/www.nomus.com.br\/blog-industrial\/wp-content\/uploads\/2025\/10\/thumb-blog-jornada-150x98.jpg 150w\" data-sizes=\"(max-width: 620px) 100vw, 620px\" src=\"data:image\/svg+xml;base64,PHN2ZyB3aWR0aD0iMSIgaGVpZ2h0PSIxIiB4bWxucz0iaHR0cDovL3d3dy53My5vcmcvMjAwMC9zdmciPjwvc3ZnPg==\" style=\"--smush-placeholder-width: 620px; --smush-placeholder-aspect-ratio: 620\/405;\" \/><\/a><\/figure>\n<\/div>\n\n\n<div class=\"wp-block-buttons is-content-justification-center is-layout-flex wp-container-core-buttons-is-layout-16018d1d wp-block-buttons-is-layout-flex\">\n<div class=\"wp-block-button is-style-fill\"><a class=\"wp-block-button__link has-vivid-red-background-color has-background has-medium-font-size has-custom-font-size wp-element-button\" href=\"https:\/\/material.nomus.com.br\/jornada-reforma-tributaria\"><strong>Assistir a Jornada da Reforma Tribut\u00e1ria<\/strong><\/a><\/div>\n<\/div>\n\n\n\n<h2 class=\"wp-block-heading\">O que muda com a Reforma Tribut\u00e1ria?<\/h2>\n\n\n\n<p>A Reforma Tribut\u00e1ria apresenta uma simplifica\u00e7\u00e3o do processo tribut\u00e1rio e reduz a quantidade (n\u00e3o os valores) de impostos cobrados.<\/p>\n\n\n\n<p>Os impostos PIS e COFINS ser\u00e3o substitu\u00eddos pelo CBS (Contribui\u00e7\u00e3o sobre Bens e Servi\u00e7os), o ICMS e o ISS pelo IBS (Imposto sobre Bens e Servi\u00e7os) e o IPI parcialmente substitu\u00eddo pelo IS (<a href=\"https:\/\/www.nomus.com.br\/blog-industrial\/imposto-seletivo\/\">Imposto Seletivo<\/a>).<\/p>\n\n\n\n<p>Ainda, surge o imposto IVA Dual, que \u00e9 na verdade a composi\u00e7\u00e3o do CBS com o IBS.<\/p>\n\n\n\n<p>Com isso, haver\u00e1 uma nova tabela de CST, que definir\u00e1 como a opera\u00e7\u00e3o ser\u00e1 tributada, ou seja, se com al\u00edquota integral ou reduzida, se h\u00e1 isen\u00e7\u00e3o, imunidade, diferimento etc.<\/p>\n\n\n\n<p>\u00c9 isso que levar\u00e1 \u00e0 simplifica\u00e7\u00e3o e padroniza\u00e7\u00e3o das al\u00edquotas e bases de c\u00e1lculo dos novos tributos. A partir desse ponto, \u00e9 importante entendermos um mecanismo muito importante do novo sistema tribut\u00e1rio: o aproveitamento e uso de cr\u00e9ditos tribut\u00e1rios.<\/p>\n\n\n\n<h3 class=\"wp-block-heading\">O que s\u00e3o os cr\u00e9ditos tribut\u00e1rios?<\/h3>\n\n\n\n<p>A Reforma Tribut\u00e1ria, para fins de combater a cumulatividade de impostos, vem com o modelo IVA de tributa\u00e7\u00e3o e usa o mecanismo de cr\u00e9dito tribut\u00e1rio, um mecanismo de compensa\u00e7\u00e3o de tributos entre os momentos de compra e venda.<\/p>\n\n\n\n<p><strong>IMPORTANTE<\/strong>: As novas regras de cr\u00e9dito tribut\u00e1ria s\u00f3 valem para empresas do regime normal &#8211; ou seja, do lucro real ou do lucro presumido.<\/p>\n\n\n\n<p>Vem em passo a passo como funcionar\u00e1:<\/p>\n\n\n\n<ol class=\"wp-block-list\">\n<li>Em cada etapa da cadeia, durante uma aquisi\u00e7\u00e3o de produtos ou servi\u00e7os, as empresas encontrar\u00e3o valores de IBS e CBS destacados;<\/li>\n\n\n\n<li>No momento da venda, destacar\u00e1 outros valores de IBS e CBS a serem debitados;<\/li>\n\n\n\n<li>Quando encerrar o m\u00eas, haver\u00e1 um \u00fanico recolhimento, cujo valor vir\u00e1 da diferen\u00e7a entre d\u00e9bitos e cr\u00e9ditos das suas opera\u00e7\u00f5es.&nbsp;<\/li>\n<\/ol>\n\n\n\n<p>Se ela teve R$ 30 mil de destaque de IBS e CBS nas suas compras em um m\u00eas, mas destacou R$ 90 mil no momento da venda, o recolhimento ser\u00e1 de R$ 60 mil.<\/p>\n\n\n\n<p>Dessa forma, diminuem-se a quantidade de opera\u00e7\u00f5es tribut\u00e1rias, inclusive por conta da unifica\u00e7\u00e3o de impostos tamb\u00e9m, e o recolhimento ser\u00e1 simplificado.<\/p>\n\n\n\n<p>Cabe notar que o IVA \u00e9 considerado um imposto sobre consumo.<\/p>\n\n\n\n<p><strong>Exemplo do IVA na Produ\u00e7\u00e3o e Venda de um Chocolate de Alta Cozinha<\/strong><\/p>\n\n\n\n<p>Suponha um IVA de 25%, sem regimes favorecidos. Vamos acompanhar como o imposto funciona em cada etapa da <a href=\"https:\/\/www.nomus.com.br\/blog-industrial\/cadeia-produtiva\/\">cadeia produtiva<\/a> de um chocolate:<\/p>\n\n\n\n<ol class=\"wp-block-list\">\n<li><strong>PRODUTOR RURAL<\/strong><\/li>\n<\/ol>\n\n\n\n<p>O produtor rural vende o cacau por R$ 40,00. Supondo que ele tenha cr\u00e9ditos de R$ 5,00 nas suas compras, o in\u00edcio do processo fica assim:<\/p>\n\n\n\n<ul class=\"wp-block-list\">\n<li><strong>Valor do cacau:<\/strong> R$ 40,00<\/li>\n\n\n\n<li><strong>IVA:<\/strong> R$ 10,00<\/li>\n\n\n\n<li><strong>Total:<\/strong> R$ 50,00<\/li>\n<\/ul>\n\n\n\n<p><strong>Apura\u00e7\u00e3o<\/strong><\/p>\n\n\n\n<ul class=\"wp-block-list\">\n<li><strong>(+) D\u00e9bito:<\/strong> R$ 10,00<\/li>\n\n\n\n<li><strong>(\u2013) Cr\u00e9dito: <\/strong>R$ 5,00<\/li>\n\n\n\n<li><strong>(=) IVA devido:<\/strong> R$ 5,00<\/li>\n<\/ul>\n\n\n\n<p><strong>IVA recolhido nesta etapa:<\/strong> R$ 5,00<\/p>\n\n\n\n<p><strong>IVA recolhido pelos fornecedores do produtor rural:<\/strong> R$ 5,00<\/p>\n\n\n\n<ol start=\"2\" class=\"wp-block-list\">\n<li><strong>IND\u00daSTRIA DE PROCESSAMENTO DO CACAU<\/strong><\/li>\n<\/ol>\n\n\n\n<p>A ind\u00fastria compra o cacau por R$ 50,00, transforma-o em massa de cacau e vende por R$ 60,00, aplicando o IVA de R$ 15,00. No momento de recolher o imposto, compensa o cr\u00e9dito de R$ 10,00 pago na compra do cacau.<\/p>\n\n\n\n<ul class=\"wp-block-list\">\n<li><strong>(+) D\u00e9bito: <\/strong>R$ 15,00<\/li>\n\n\n\n<li><strong>(\u2013) Cr\u00e9dito: <\/strong>R$ 10,00<\/li>\n\n\n\n<li><strong>(=) IVA devido: <\/strong>R$ 5,00<\/li>\n<\/ul>\n\n\n\n<p><strong>IVA recolhido nesta etapa:<\/strong> R$ 5,00<\/p>\n\n\n\n<ol start=\"3\" class=\"wp-block-list\">\n<li><strong>F\u00c1BRICA DE CHOCOLATES PREMIUM<\/strong><\/li>\n<\/ol>\n\n\n\n<p>A f\u00e1brica compra a massa de cacau por R$ 75,00. Produz o chocolate pronto e vende por R$ 100,00, mais IVA de R$ 25,00. Na hora de recolher o tributo, compensa o cr\u00e9dito de R$ 15,00.<\/p>\n\n\n\n<ul class=\"wp-block-list\">\n<li><strong>(+) D\u00e9bito: <\/strong>R$ 25,00<\/li>\n\n\n\n<li><strong>(\u2013) Cr\u00e9dito: <\/strong>R$ 15,00<\/li>\n\n\n\n<li><strong>(=) IVA devido: <\/strong>R$ 10,00<\/li>\n<\/ul>\n\n\n\n<p><strong>IVA recolhido nesta etapa:<\/strong> R$ 10,00<\/p>\n\n\n\n<ol start=\"4\" class=\"wp-block-list\">\n<li><strong>LOJA DE DOCES SOFISTICADOS<\/strong><\/li>\n<\/ol>\n\n\n\n<p>A loja compra o chocolate por R$ 125,00. Coloca \u00e0 venda por R$ 200,00, com IVA de R$ 50,00. Na apura\u00e7\u00e3o, desconta o cr\u00e9dito de R$ 25,00 da etapa anterior.<\/p>\n\n\n\n<ul class=\"wp-block-list\">\n<li><strong>(+) D\u00e9bito: <\/strong>R$ 50,00<\/li>\n\n\n\n<li><strong>(\u2013) Cr\u00e9dito: <\/strong>R$ 25,00<\/li>\n\n\n\n<li><strong>(=) IVA devido: <\/strong>R$ 25,00<\/li>\n<\/ul>\n\n\n\n<p><strong>IVA recolhido nesta etapa:<\/strong> R$ 25,00<\/p>\n\n\n\n<ol start=\"5\" class=\"wp-block-list\">\n<li><strong>CONSUMIDOR FINAL<\/strong><\/li>\n<\/ol>\n\n\n\n<p>O cliente compra o chocolate da loja por R$ 250,00. Esse valor corresponde a:<\/p>\n\n\n\n<ul class=\"wp-block-list\">\n<li><strong>Pre\u00e7o do produto:<\/strong> R$ 200,00<\/li>\n\n\n\n<li><strong>IVA:<\/strong> R$ 50,00<\/li>\n\n\n\n<li><strong>Total:<\/strong> R$ 250,00<\/li>\n<\/ul>\n\n\n\n<p><strong>OBSERVA\u00c7\u00c3O &#8211; <\/strong>Os R$ 50,00 de IVA pagos pelo consumidor final s\u00e3o exatamente a soma de todos os valores recolhidos ao longo da cadeia:<\/p>\n\n\n\n<ul class=\"wp-block-list\">\n<li>R$ 5,00 pelos fornecedores do produtor rural<\/li>\n\n\n\n<li>R$ 5,00 do produtor rural<\/li>\n\n\n\n<li>R$ 5,00 da ind\u00fastria de processamento<\/li>\n\n\n\n<li>R$ 10,00 da f\u00e1brica de chocolates<\/li>\n\n\n\n<li>R$ 25,00 da loja<\/li>\n<\/ul>\n\n\n\n<p>Ou seja, o modelo do IVA \u00e9 transparente: o consumidor paga um imposto que corresponde \u00e0 soma dos recolhimentos em todas as etapas.<\/p>\n\n\n\n<p>Veja tamb\u00e9m: <a href=\"https:\/\/www.nomus.com.br\/blog-industrial\/10-erros-comuns-sobre-a-reforma-tributaria-e-como-evita-los\/\">10 erros comuns sobre a reforma tribut\u00e1ria e como evit\u00e1-los<\/a><\/p>\n\n\n\n<h2 class=\"wp-block-heading\">O que \u00e9 o IBS &#8211; Imposto sobre bens e servi\u00e7os?<\/h2>\n\n\n\n<p>O <strong>IBS (Imposto sobre Bens e Servi\u00e7os)<\/strong> \u00e9 um tributo novo que substituir\u00e1 ICMS e ISS e ser\u00e1 cobrado em toda cadeia produtiva com n\u00e3o cumulatividade ampla. Permitir\u00e1 o cr\u00e9dito de tributo em todas as etapas e \u00e9 subdividido entre IBS Estadual e IBS Municipal, sendo cobrado no local de destino da opera\u00e7\u00e3o.<\/p>\n\n\n\n<p>O fator gerador do IBS ser\u00e1 o momento do fornecimento de bens e servi\u00e7os e se seu pagamento, integral ou parcial, ocorrer antes do fornecimento, ser\u00e1 necess\u00e1rio antecipar o recolhimento do tributo na data do pagamento da parcela.<\/p>\n\n\n\n<p>J\u00e1 a base de c\u00e1lculo do IBS depender\u00e1 do valor total da opera\u00e7\u00e3o e incluir\u00e1:<\/p>\n\n\n\n<ul class=\"wp-block-list\">\n<li>frete;<\/li>\n\n\n\n<li>juros;<\/li>\n\n\n\n<li>multa;<\/li>\n\n\n\n<li>acr\u00e9scimos;<\/li>\n\n\n\n<li>encargos;<\/li>\n\n\n\n<li>desconto condicionais;<\/li>\n\n\n\n<li>IS;<\/li>\n\n\n\n<li>seguro;<\/li>\n\n\n\n<li>e outras despesas acess\u00f3rias.<\/li>\n<\/ul>\n\n\n\n<p>A base ainda excluir\u00e1:<\/p>\n\n\n\n<ul class=\"wp-block-list\">\n<li>descontos incondicionais;<\/li>\n\n\n\n<li>ICMS;<\/li>\n\n\n\n<li>FCP;<\/li>\n\n\n\n<li>PIS;<\/li>\n\n\n\n<li>COFINS;<\/li>\n\n\n\n<li>IPI;<\/li>\n\n\n\n<li>ISS;<\/li>\n\n\n\n<li>CBS;<\/li>\n\n\n\n<li>o pr\u00f3prio IBS.<\/li>\n<\/ul>\n\n\n\n<p>A al\u00edquota ser\u00e1 padr\u00e3o para todo o territ\u00f3rio nacional com alguma possibilidade de ajuste pelos estados e munic\u00edpios. O respons\u00e1vel pela regulamenta\u00e7\u00e3o \u00e9 o Comit\u00ea Gestor do IBS, que ser\u00e1 formado por representantes dos estados, DF e munic\u00edpios.<\/p>\n\n\n\n<h2 class=\"wp-block-heading\">O que \u00e9 o CBS &#8211; Contribui\u00e7\u00e3o sobre bens e servi\u00e7os?<\/h2>\n\n\n\n<p>O <strong>CBS (Contribui\u00e7\u00e3o sobre bens e servi\u00e7os) <\/strong>\u00e9 o imposto que substitui PIS e COFINS e ser\u00e1 cobrado em toda cadeira produtiva, com n\u00e3o cumulatividade ampla e que permite cr\u00e9dito de tributo em todas as etapas.<\/p>\n\n\n\n<p>Seu fator gerador \u00e9 igual ao do IBS &#8211; o momento de fornecimento de bens e servi\u00e7os, tamb\u00e9m exigindo antecipa\u00e7\u00e3o do recolhimento do tributo na data do pagamento da parcela caso o pagamento seja integral ou parcial, antes do fornecimento.<\/p>\n\n\n\n<p>A base de c\u00e1lculo do CBS tamb\u00e9m \u00e9 igual ao do IBS, ou seja, inclui:<\/p>\n\n\n\n<ul class=\"wp-block-list\">\n<li>frete;<\/li>\n\n\n\n<li>juros;<\/li>\n\n\n\n<li>multa;<\/li>\n\n\n\n<li>acr\u00e9scimos;<\/li>\n\n\n\n<li>encargos;<\/li>\n\n\n\n<li>desconto condicionais;<\/li>\n\n\n\n<li>IS;<\/li>\n\n\n\n<li>seguro;<\/li>\n\n\n\n<li>e outras despesas acess\u00f3rias.<\/li>\n<\/ul>\n\n\n\n<p>E excluindo:<\/p>\n\n\n\n<ul class=\"wp-block-list\">\n<li>descontos incondicionais;<\/li>\n\n\n\n<li>ICMS;<\/li>\n\n\n\n<li>FCP;<\/li>\n\n\n\n<li>PIS;<\/li>\n\n\n\n<li>COFINS;<\/li>\n\n\n\n<li>IPI;<\/li>\n\n\n\n<li>ISS;<\/li>\n\n\n\n<li>CBS;<\/li>\n\n\n\n<li>o pr\u00f3prio IBS.<\/li>\n<\/ul>\n\n\n\n<p>Por fim, sua al\u00edquota \u00e9 \u00fanica e sua regulamenta\u00e7\u00e3o \u00e9 a Receita Federal do Brasil.<\/p>\n\n\n\n<h2 class=\"wp-block-heading\">O que \u00e9 o IS &#8211; Imposto Seletivo, o Imposto do Pecado?<\/h2>\n\n\n\n<p>O <strong>IS (Imposto Seletivo), apelidado de imposto do pecado<\/strong>, incidir\u00e1 sobre a produ\u00e7\u00e3o, extra\u00e7\u00e3o e exporta\u00e7\u00e3o de bens e servi\u00e7os prejudiciais \u00e0 sa\u00fade ou ao meio ambiente. Essa defini\u00e7\u00e3o abrange cigarros, bebidas alco\u00f3licas e combust\u00edveis f\u00f3sseis.<\/p>\n\n\n\n<p>Mais especificamente, <a href=\"https:\/\/www.planalto.gov.br\/ccivil_03\/leis\/lcp\/lcp214.htm\">segundo a lei<\/a>:<\/p>\n\n\n\n<p>ANEXO XVII<\/p>\n\n\n\n<p>BENS E SERVI\u00c7OS SUJEITOS AO IMPOSTO SELETIVO<\/p>\n\n\n\n<figure class=\"wp-block-table\">\n<table class=\"has-fixed-layout\">\n<tbody>\n<tr>\n<td>Ve\u00edculos<\/td>\n<\/tr>\n<tr>\n<td>87.03; 8704.21 (exceto os caminh\u00f5es); 8704.31 (exceto os caminh\u00f5es); 8704.41.00 (exceto os caminh\u00f5es); 8704.51.00 (exceto os caminh\u00f5es); 8704.60.00 (exceto os caminh\u00f5es); 8704.90.00 (exceto os caminh\u00f5es); ressalvados os ve\u00edculos com caracter\u00edsticas t\u00e9cnicas espec\u00edficas para uso operacional das For\u00e7as Armadas ou dos \u00f3rg\u00e3os de Seguran\u00e7a P\u00fablica<\/td>\n<\/tr>\n<tr>\n<td>Aeronaves e Embarca\u00e7\u00f5es<\/td>\n<\/tr>\n<tr>\n<td>8802, exceto o c\u00f3digo 8802.60.00; e embarca\u00e7\u00f5es com motor classificadas na posi\u00e7\u00e3o 8903; ressalvadas as aeronaves e embarca\u00e7\u00f5es com caracter\u00edsticas t\u00e9cnicas espec\u00edficas para uso operacional das For\u00e7as Armadas ou dos \u00f3rg\u00e3os de Seguran\u00e7a P\u00fablica<\/td>\n<\/tr>\n<tr>\n<td>Produtos fum\u00edgenos<\/td>\n<\/tr>\n<tr>\n<td>2401; 2402; 2403; 2404<\/td>\n<\/tr>\n<tr>\n<td>Bebidas alc\u00f3olicas<\/td>\n<\/tr>\n<tr>\n<td>2203; 2204; 2205; 2206; 2208<\/td>\n<\/tr>\n<tr>\n<td>Bebidas a\u00e7ucaradas<\/td>\n<\/tr>\n<tr>\n<td>2202.10.00<\/td>\n<\/tr>\n<tr>\n<td>Bens minerais<\/td>\n<\/tr>\n<tr>\n<td>2601; 2709.00.10; 2711.11.00; 2711.21.00<\/td>\n<\/tr>\n<tr>\n<td>Concursos de progn\u00f3sticos e <em>Fantasy<\/em> <em>sport<\/em><\/td>\n<\/tr>\n<\/tbody>\n<\/table>\n<\/figure>\n\n\n\n<p>Esse imposto incidir\u00e1 apenas uma vez e veda qualquer tipo de aproveitamento de cr\u00e9dito ou gera\u00e7\u00e3o de cr\u00e9ditos para opera\u00e7\u00f5es posteriores.<\/p>\n\n\n\n<p>Seu fator gerador ser\u00e1 o primeiro fornecimento do bem ou servi\u00e7o, a base de c\u00e1lculo ser\u00e1 o valor total da opera\u00e7\u00e3o e a al\u00edquota \u00e9 definida em Lei ordin\u00e1ria conforme <a href=\"https:\/\/www.nomus.com.br\/blog-industrial\/ncm\/\">NCM<\/a> dos produtos. Por fim, a sua regulamenta\u00e7\u00e3o ser\u00e1 feita pela Receita Federal do Brasil.<\/p>\n\n\n\n<h2 class=\"wp-block-heading\">Perguntas frequentes da Reforma Tribut\u00e1ria<\/h2>\n\n\n\n<p><strong>Como a Reforma Tribut\u00e1ria afetar\u00e1 cada regime tribut\u00e1rio (<a href=\"https:\/\/www.nomus.com.br\/blog-industrial\/como-consultar-se-uma-empresa-e-optante-pelo-simples-nacional\/\">Simples Nacional<\/a>, Lucro Real e Lucro Presumido)? As empresas de todos os regimes poder\u00e3o aproveitar cr\u00e9ditos de IBS e CBS normalmente, e h\u00e1 alguma estrat\u00e9gia mais vantajosa entre os regimes?<\/strong><\/p>\n\n\n\n<p>O Simples Nacional, a partir de 2026, n\u00e3o vai precisar emitir NF-es com IBS e CBS para opera\u00e7\u00f5es normais. Apenas para opera\u00e7\u00f5es especificas, exemplo: uma opera\u00e7\u00e3o de devolu\u00e7\u00e3o de compra para uma empresa fora do simples que destacou IBS e CBS. Ent\u00e3o \u00e9 importante que as empresas do Simples Nacional fiquem por dentro de todo conte\u00fado. \u00c9 v\u00e1lido lembrar que para o simples nacional, o fisco ainda n\u00e3o regulamentou muito bem as regras. De qualquer forma, o cen\u00e1rio atual \u00e9 que as empresas do Simples Nacional n\u00e3o v\u00e3o poder se aproveitar de cr\u00e9ditos de IBS e CBS nas suas compras, e n\u00e3o v\u00e3o gerar cr\u00e9ditos de IBS e CBS para os seus clientes nas suas vendas. Hoje a reforma est\u00e1 voltada para o lucro presumido e real. Acreditamos que a parte do Simples Nacional ser\u00e1 melhor desenvolvida em 2026 e come\u00e7ar\u00e1 a valer em 2027. Em rela\u00e7\u00e3o a estrat\u00e9gia mais vantajosa, depende muito da empresa. O ideal \u00e9 que analise junto com a sua equipe fiscal para avaliar se vale a pena se manter no seu regime fiscal ou alter\u00e1-lo.<\/p>\n\n\n\n<p><strong>O que acontecer\u00e1 com os incentivos fiscais (como redu\u00e7\u00f5es de base de c\u00e1lculo de ICMS e benef\u00edcios de ISS concedidos por munic\u00edpios) ap\u00f3s a implanta\u00e7\u00e3o da Reforma Tribut\u00e1ria? H\u00e1 previs\u00e3o de quando e como esses benef\u00edcios ser\u00e3o extintos ou adaptados ao novo modelo?<\/strong><\/p>\n\n\n\n<p>Infelizmente n\u00e3o temos informa\u00e7\u00e3o sobre benef\u00edcios fiscais espec\u00edficos, o que sabemos \u00e9 que os benef\u00edcios fiscais devem ser extintos gradativamente ao longo do per\u00edodo de transi\u00e7\u00e3o da reforma tribut\u00e1ria.<\/p>\n\n\n\n<p><strong>Como ficar\u00e3o as regras de emiss\u00e3o de notas fiscais de servi\u00e7o (NFSe) com a Reforma Tribut\u00e1ria? Os munic\u00edpios adotar\u00e3o um modelo nacional ou manter\u00e3o formatos pr\u00f3prios?<\/strong><\/p>\n\n\n\n<p>Muitos munic\u00edpios j\u00e1 aderiram ao sistema da <a href=\"https:\/\/www.nomus.com.br\/blog-industrial\/nota-fiscal-de-servicos-eletronica-nfs\/\">NFS-e<\/a> Nacional e h\u00e1 um movimento crescente de ades\u00e3o, entretando sabemos que alguns munic\u00edpios decidiram manter seus sistemas pr\u00f3prios. Por exemplo, Rio de Janeiro e Porto Alegre v\u00e3o utilizar o emissor nacional e S\u00e3o Paulo vai continuar com o seu pr\u00f3prio emissor. Para ter certeza, o ideal \u00e9 consultar a secretaria de fazendo do munic\u00edpio da sua empresa.<\/p>\n\n\n\n<p><strong>O que \u00e9 o fato gerador no novo modelo de tributa\u00e7\u00e3o e como ele funcionar\u00e1 na pr\u00e1tica? Poderia dar um exemplo de quando o imposto passa a ser devido em uma opera\u00e7\u00e3o?<\/strong><\/p>\n\n\n\n<p>De maneira geral, o fato gerador do IBS e CBS \u00e9 o fornecimento do bem ou servi\u00e7o ou o pagamento antecipado, o que vier primeiro. Por exemplo, em uma venda parcelada, o fato gerador ser\u00e1 a emiss\u00e3o da NF-e, que \u00e9 o momento em que o bem est\u00e1 sendo fornecido para o cliente. Agora, se a sua empresa receber um adiantamento do cliente antes do fornecimento do bem, o fato gerador ser\u00e1 o recebimento do adiantamento, e nesse momento, a sua empresa ter\u00e1 que emitir uma NF-e com finalidade \u201cNota de d\u00e9bito\u201d. Essa antecipa\u00e7\u00e3o do d\u00e9bito do IBS e CBS ser\u00e1 compensada no momento do fornecimento do bem, com a emiss\u00e3o da NF-e de venda.<\/p>\n\n\n\n<p><strong>Como ficar\u00e1 o aproveitamento de cr\u00e9ditos de IBS e CBS caso o fornecedor n\u00e3o recolha corretamente os tributos? O sistema nacional informar\u00e1 automaticamente se o fornecedor est\u00e1 em dia, e o comprador poder\u00e1 ser impedido de utilizar o cr\u00e9dito nessas situa\u00e7\u00f5es?<\/strong><\/p>\n\n\n\n<p>A Lei Complementar 214\/2025 determina que a sua empresa s\u00f3 pode se aproveitar do cr\u00e9dito de IBS e CBS de uma determinada nota fiscal, ap\u00f3s o seu fornecedor quitar o d\u00e9bito de IBS e CBS referente a esta nota. No sistema de apura\u00e7\u00e3o assistida que est\u00e1 sendo desenvolvido pelo Fisco, possivelmente esse cr\u00e9dito de IBS e CBS ficar\u00e1 vis\u00edvel mas com um status de \u201cBloqueado\u201d, caso o seu fornecedor ainda n\u00e3o tenha feito o recolhimento do IBS e CBS.<\/p>\n\n\n\n<h2 class=\"wp-block-heading\">Sistema de Gest\u00e3o pronto para a Reforma Tribut\u00e1ria<\/h2>\n\n\n\n<p>Os <a href=\"https:\/\/www.nomus.com.br\/blog-industrial\/melhores-sistemas-de-gestao-empresarial\/\">sistemas de gest\u00e3o<\/a> integrada (ERPs) costumam oferecer, ou ao menos deveriam oferecer, funcionalidades de gest\u00e3o tribut\u00e1ria. O Nomus ERP Industrial, por exemplo, <strong>est\u00e1 100% pronto para cada fase de implanta\u00e7\u00e3o da Reforma Tribut\u00e1ria<\/strong>.<\/p>\n\n\n\n<p>Com o sistema da Nomus, suas opera\u00e7\u00f5es tribut\u00e1rias podem ser simplificadas e automatizadas. Seus dados tribut\u00e1rios e fiscais s\u00e3o controlados em tempo real a partir de <a href=\"https:\/\/www.nomus.com.br\/blog-industrial\/painel-financeiro\">pain\u00e9is financeiros<\/a> e <a href=\"https:\/\/www.nomus.com.br\/blog-industrial\/dashboard\">dashboards<\/a> 100% parametriz\u00e1veis.<\/p>\n\n\n\n<p>E a plataforma j\u00e1 est\u00e1 pronta para o novo sistema tribut\u00e1rio brasileiro:<\/p>\n\n\n\n<figure class=\"wp-block-image size-large\"><a href=\"https:\/\/www.nomus.com.br\/blog-industrial\/wp-content\/uploads\/2025\/10\/image-1.png\" rel=\"lightbox[32791]\"><img decoding=\"async\" width=\"1024\" height=\"257\" data-src=\"https:\/\/www.nomus.com.br\/blog-industrial\/wp-content\/uploads\/2025\/10\/image-1-1024x257.png\" alt=\"\" class=\"wp-image-32792 lazyload\" data-srcset=\"https:\/\/www.nomus.com.br\/blog-industrial\/wp-content\/uploads\/2025\/10\/image-1-1024x257.png 1024w, https:\/\/www.nomus.com.br\/blog-industrial\/wp-content\/uploads\/2025\/10\/image-1-345x87.png 345w, https:\/\/www.nomus.com.br\/blog-industrial\/wp-content\/uploads\/2025\/10\/image-1-768x193.png 768w, https:\/\/www.nomus.com.br\/blog-industrial\/wp-content\/uploads\/2025\/10\/image-1-1536x386.png 1536w, https:\/\/www.nomus.com.br\/blog-industrial\/wp-content\/uploads\/2025\/10\/image-1-150x38.png 150w, https:\/\/www.nomus.com.br\/blog-industrial\/wp-content\/uploads\/2025\/10\/image-1.png 1824w\" data-sizes=\"(max-width: 1024px) 100vw, 1024px\" src=\"data:image\/svg+xml;base64,PHN2ZyB3aWR0aD0iMSIgaGVpZ2h0PSIxIiB4bWxucz0iaHR0cDovL3d3dy53My5vcmcvMjAwMC9zdmciPjwvc3ZnPg==\" style=\"--smush-placeholder-width: 1024px; --smush-placeholder-aspect-ratio: 1024\/257;\" \/><\/a><\/figure>\n\n\n\n<figure class=\"wp-block-image size-large\"><a href=\"https:\/\/www.nomus.com.br\/blog-industrial\/wp-content\/uploads\/2025\/10\/image-2.png\" rel=\"lightbox[32791]\"><img decoding=\"async\" width=\"1024\" height=\"313\" data-src=\"https:\/\/www.nomus.com.br\/blog-industrial\/wp-content\/uploads\/2025\/10\/image-2-1024x313.png\" alt=\"\" class=\"wp-image-32793 lazyload\" data-srcset=\"https:\/\/www.nomus.com.br\/blog-industrial\/wp-content\/uploads\/2025\/10\/image-2-1024x313.png 1024w, https:\/\/www.nomus.com.br\/blog-industrial\/wp-content\/uploads\/2025\/10\/image-2-345x105.png 345w, https:\/\/www.nomus.com.br\/blog-industrial\/wp-content\/uploads\/2025\/10\/image-2-768x235.png 768w, https:\/\/www.nomus.com.br\/blog-industrial\/wp-content\/uploads\/2025\/10\/image-2-1536x470.png 1536w, https:\/\/www.nomus.com.br\/blog-industrial\/wp-content\/uploads\/2025\/10\/image-2-150x46.png 150w, https:\/\/www.nomus.com.br\/blog-industrial\/wp-content\/uploads\/2025\/10\/image-2.png 1822w\" data-sizes=\"(max-width: 1024px) 100vw, 1024px\" src=\"data:image\/svg+xml;base64,PHN2ZyB3aWR0aD0iMSIgaGVpZ2h0PSIxIiB4bWxucz0iaHR0cDovL3d3dy53My5vcmcvMjAwMC9zdmciPjwvc3ZnPg==\" style=\"--smush-placeholder-width: 1024px; --smush-placeholder-aspect-ratio: 1024\/313;\" \/><\/a><\/figure>\n\n\n\n<figure class=\"wp-block-image size-large\"><a href=\"https:\/\/www.nomus.com.br\/blog-industrial\/wp-content\/uploads\/2025\/10\/image-3.png\" rel=\"lightbox[32791]\"><img decoding=\"async\" width=\"1024\" height=\"165\" data-src=\"https:\/\/www.nomus.com.br\/blog-industrial\/wp-content\/uploads\/2025\/10\/image-3-1024x165.png\" alt=\"\" class=\"wp-image-32794 lazyload\" data-srcset=\"https:\/\/www.nomus.com.br\/blog-industrial\/wp-content\/uploads\/2025\/10\/image-3-1024x165.png 1024w, https:\/\/www.nomus.com.br\/blog-industrial\/wp-content\/uploads\/2025\/10\/image-3-345x56.png 345w, https:\/\/www.nomus.com.br\/blog-industrial\/wp-content\/uploads\/2025\/10\/image-3-768x124.png 768w, https:\/\/www.nomus.com.br\/blog-industrial\/wp-content\/uploads\/2025\/10\/image-3-1536x247.png 1536w, https:\/\/www.nomus.com.br\/blog-industrial\/wp-content\/uploads\/2025\/10\/image-3-150x24.png 150w, https:\/\/www.nomus.com.br\/blog-industrial\/wp-content\/uploads\/2025\/10\/image-3.png 1844w\" data-sizes=\"(max-width: 1024px) 100vw, 1024px\" src=\"data:image\/svg+xml;base64,PHN2ZyB3aWR0aD0iMSIgaGVpZ2h0PSIxIiB4bWxucz0iaHR0cDovL3d3dy53My5vcmcvMjAwMC9zdmciPjwvc3ZnPg==\" style=\"--smush-placeholder-width: 1024px; --smush-placeholder-aspect-ratio: 1024\/165;\" \/><\/a><\/figure>\n\n\n\n<figure class=\"wp-block-image size-large\"><a href=\"https:\/\/www.nomus.com.br\/blog-industrial\/wp-content\/uploads\/2025\/10\/image.png\" rel=\"lightbox[32791]\"><img decoding=\"async\" width=\"901\" height=\"1024\" data-src=\"https:\/\/www.nomus.com.br\/blog-industrial\/wp-content\/uploads\/2025\/10\/image-901x1024.png\" alt=\"\" class=\"wp-image-32795 lazyload\" data-srcset=\"https:\/\/www.nomus.com.br\/blog-industrial\/wp-content\/uploads\/2025\/10\/image-901x1024.png 901w, https:\/\/www.nomus.com.br\/blog-industrial\/wp-content\/uploads\/2025\/10\/image-198x225.png 198w, https:\/\/www.nomus.com.br\/blog-industrial\/wp-content\/uploads\/2025\/10\/image-768x873.png 768w, https:\/\/www.nomus.com.br\/blog-industrial\/wp-content\/uploads\/2025\/10\/image-1352x1536.png 1352w, https:\/\/www.nomus.com.br\/blog-industrial\/wp-content\/uploads\/2025\/10\/image-1802x2048.png 1802w, https:\/\/www.nomus.com.br\/blog-industrial\/wp-content\/uploads\/2025\/10\/image-150x170.png 150w, https:\/\/www.nomus.com.br\/blog-industrial\/wp-content\/uploads\/2025\/10\/image.png 1920w\" data-sizes=\"(max-width: 901px) 100vw, 901px\" src=\"data:image\/svg+xml;base64,PHN2ZyB3aWR0aD0iMSIgaGVpZ2h0PSIxIiB4bWxucz0iaHR0cDovL3d3dy53My5vcmcvMjAwMC9zdmciPjwvc3ZnPg==\" style=\"--smush-placeholder-width: 901px; --smush-placeholder-aspect-ratio: 901\/1024;\" \/><\/a><\/figure>\n\n\n\n<p>Acesse a demonstra\u00e7\u00e3o gr\u00e1tis do Nomus ERP Industrial:<\/p>\n\n\n\n<div class=\"wp-block-buttons\">\n<div class=\"wp-block-button\"><a class=\"wp-block-button__link has-vivid-cyan-blue-background-color has-background wp-element-button\" href=\"https:\/\/material.nomus.com.br\/apresentacao-erp-industrial-nomus\">Acessar demonstra\u00e7\u00e3o gr\u00e1tis do Nomus ERP Industrial<\/a><\/div>\n<\/div>\n\n\n\n<h2 class=\"wp-block-heading\">Saiba mais sobre gest\u00e3o tribut\u00e1ria e fiscal<\/h2>\n\n\n\n<p>A <a href=\"https:\/\/www.nomus.com.br\/blog-industrial\/gestao-fiscal\/\">gest\u00e3o fiscal<\/a> e tribut\u00e1ria da sua empresa precisam ser feitas com cuidado e conhecimento para manter-se adequado \u00e0 regulamenta\u00e7\u00e3o do Fisco. Se manter atualizado \u00e9 necess\u00e1rio e voc\u00ea tem uma boa fonte de informa\u00e7\u00f5es para isso aqui no blog industrial da Nomus.<\/p>\n\n\n\n<p>Diariamente, eu, colegas e convidados publicamos mat\u00e9rias a respeito de gest\u00e3o tribut\u00e1ria, fiscal e de outras \u00e1reas de interesse da ind\u00fastria. Voc\u00ea pode se manter bem informado e ser notificado sempre que uma nova mat\u00e9ria for ao ar. Basta <a href=\"https:\/\/material.nomus.com.br\/inscricao-blog-industrial\">inscrever-se no blog<\/a>.<\/p>\n\n\n\n<p>Ah, e siga nossas redes sociais para p\u00edlulas de conhecimento industrial:<\/p>\n\n\n\n<ul class=\"wp-block-list\">\n<li><a href=\"https:\/\/www.youtube.com\/@NomusIndustrial\">Canal do Youtube<\/a><\/li>\n\n\n\n<li><a href=\"https:\/\/www.linkedin.com\/company\/nomus\">Linkedin<\/a><\/li>\n\n\n\n<li><a href=\"https:\/\/material.nomus.com.br\/inscricao-blog-industrial\">Inscreva-se no Blog Industrial<\/a><\/li>\n\n\n\n<li><a href=\"https:\/\/www.instagram.com\/nomusindustrial\/\">Instagram<\/a><\/li>\n\n\n\n<li><a href=\"https:\/\/www.nomus.com.br\/podcast\/\">Podcast Nomus<\/a><\/li>\n<\/ul>\n\n\n\n<p>Obrigado e vamos em frente.<\/p>\n\n\n<div class=\"text-center\"><a href=\"https:\/\/material.nomus.com.br\/planilha-formacao-de-preco-de-venda-e-analise-de-custos\" class=\"bannergerado\" target=\"_blank\"><img decoding=\"async\" id=\"BannerManual\" data-src=\"https:\/\/www.nomus.com.br\/blog-industrial\/wp-content\/uploads\/2024\/05\/Banner-blog-planilha-custos.jpg\" class=\"size-full bannerpadrao lazyload\" alt=\"Planilha\" src=\"data:image\/svg+xml;base64,PHN2ZyB3aWR0aD0iMSIgaGVpZ2h0PSIxIiB4bWxucz0iaHR0cDovL3d3dy53My5vcmcvMjAwMC9zdmciPjwvc3ZnPg==\" style=\"--smush-placeholder-width: 650px; --smush-placeholder-aspect-ratio: 650\/260;\"><\/a><\/div>\n","protected":false},"excerpt":{"rendered":"<p>A Reforma Tribut\u00e1ria foi aprovada em 2023, ser\u00e1 implantada em fases a partir de 2026 com fim em 2033 e objetiva a simplifica\u00e7\u00e3o do sistema tribut\u00e1rio brasileiro. No resumo, troca-se PIS e COFINS por CBS, ICMS e ISS por IBS, se institui o IS (\u201cimposto do pecado\u201d) e inicia-se a n\u00e3o cumulatividade ampla (para CBS [&hellip;]<\/p>\n","protected":false},"author":23,"featured_media":32798,"comment_status":"open","ping_status":"open","sticky":false,"template":"","format":"standard","meta":{"_acf_changed":false,"footnotes":""},"categories":[4,381],"tags":[48],"class_list":["post-32791","post","type-post","status-publish","format-standard","has-post-thumbnail","hentry","category-custos-e-financas","category-fiscal","tag-artigo"],"acf":[],"yoast_head":"\n<title>Reforma Tribut\u00e1ria: o que muda, quando come\u00e7a a valer e como se adequar<\/title>\n<meta name=\"description\" content=\"Entenda a Reforma Tribut\u00e1ria que est\u00e1 ocorrendo no Brasil em todos seus detalhes mais importantes, incluindo video-aula e exemplos pr\u00e1ticos.\" \/>\n<meta name=\"robots\" content=\"index, follow, max-snippet:-1, max-image-preview:large, max-video-preview:-1\" \/>\n<link rel=\"canonical\" href=\"https:\/\/www.nomus.com.br\/blog-industrial\/reforma-tributaria\/\" \/>\n<meta property=\"og:locale\" content=\"pt_BR\" \/>\n<meta property=\"og:type\" content=\"article\" \/>\n<meta property=\"og:title\" content=\"Reforma Tribut\u00e1ria: o que muda, quando come\u00e7a a valer e como se adequar\" \/>\n<meta property=\"og:description\" content=\"Entenda a Reforma Tribut\u00e1ria que est\u00e1 ocorrendo no Brasil em todos seus detalhes mais importantes, incluindo video-aula e exemplos pr\u00e1ticos.\" \/>\n<meta property=\"og:url\" content=\"https:\/\/www.nomus.com.br\/blog-industrial\/reforma-tributaria\/\" \/>\n<meta property=\"og:site_name\" content=\"Blog Industrial Nomus\" \/>\n<meta property=\"article:publisher\" content=\"https:\/\/www.facebook.com\/nomussoftwares\" \/>\n<meta property=\"article:published_time\" content=\"2025-10-14T03:01:00+00:00\" \/>\n<meta property=\"article:modified_time\" content=\"2026-02-18T13:47:35+00:00\" \/>\n<meta property=\"og:image\" content=\"https:\/\/www.nomus.com.br\/blog-industrial\/wp-content\/uploads\/2025\/10\/Reforma-Tributaria.jpg\" \/>\n\t<meta property=\"og:image:width\" content=\"620\" \/>\n\t<meta property=\"og:image:height\" content=\"405\" \/>\n\t<meta property=\"og:image:type\" content=\"image\/jpeg\" \/>\n<meta name=\"author\" content=\"Rafael Netto\" \/>\n<meta name=\"twitter:card\" content=\"summary_large_image\" \/>\n<meta name=\"twitter:creator\" content=\"@nomusindustrial\" \/>\n<meta name=\"twitter:site\" content=\"@nomusindustrial\" \/>\n<meta name=\"twitter:label1\" content=\"Escrito por\" \/>\n\t<meta name=\"twitter:data1\" content=\"Rafael Netto\" \/>\n\t<meta name=\"twitter:label2\" content=\"Est. tempo de leitura\" \/>\n\t<meta name=\"twitter:data2\" content=\"16 minutos\" \/>\n<script type=\"application\/ld+json\" class=\"yoast-schema-graph\">{\"@context\":\"https:\/\/schema.org\",\"@graph\":[{\"@type\":\"Article\",\"@id\":\"https:\/\/www.nomus.com.br\/blog-industrial\/reforma-tributaria\/#article\",\"isPartOf\":{\"@id\":\"https:\/\/www.nomus.com.br\/blog-industrial\/reforma-tributaria\/\"},\"author\":{\"name\":\"Rafael Netto\",\"@id\":\"https:\/\/www.nomus.com.br\/blog-industrial\/#\/schema\/person\/344527f3fe08f3b03451189c13eaa34d\"},\"headline\":\"Reforma Tribut\u00e1ria: o que muda, quando come\u00e7a a valer e como se adequar\",\"datePublished\":\"2025-10-14T03:01:00+00:00\",\"dateModified\":\"2026-02-18T13:47:35+00:00\",\"mainEntityOfPage\":{\"@id\":\"https:\/\/www.nomus.com.br\/blog-industrial\/reforma-tributaria\/\"},\"wordCount\":2809,\"commentCount\":6,\"image\":{\"@id\":\"https:\/\/www.nomus.com.br\/blog-industrial\/reforma-tributaria\/#primaryimage\"},\"thumbnailUrl\":\"https:\/\/www.nomus.com.br\/blog-industrial\/wp-content\/uploads\/2025\/10\/Reforma-Tributaria.jpg\",\"keywords\":[\"artigo\"],\"articleSection\":[\"Custos e Finan\u00e7as\",\"Fiscal\"],\"inLanguage\":\"pt-BR\",\"potentialAction\":[{\"@type\":\"CommentAction\",\"name\":\"Comment\",\"target\":[\"https:\/\/www.nomus.com.br\/blog-industrial\/reforma-tributaria\/#respond\"]}]},{\"@type\":\"WebPage\",\"@id\":\"https:\/\/www.nomus.com.br\/blog-industrial\/reforma-tributaria\/\",\"url\":\"https:\/\/www.nomus.com.br\/blog-industrial\/reforma-tributaria\/\",\"name\":\"Reforma Tribut\u00e1ria: o que muda, quando come\u00e7a a valer e como se adequar\",\"isPartOf\":{\"@id\":\"https:\/\/www.nomus.com.br\/blog-industrial\/#website\"},\"primaryImageOfPage\":{\"@id\":\"https:\/\/www.nomus.com.br\/blog-industrial\/reforma-tributaria\/#primaryimage\"},\"image\":{\"@id\":\"https:\/\/www.nomus.com.br\/blog-industrial\/reforma-tributaria\/#primaryimage\"},\"thumbnailUrl\":\"https:\/\/www.nomus.com.br\/blog-industrial\/wp-content\/uploads\/2025\/10\/Reforma-Tributaria.jpg\",\"datePublished\":\"2025-10-14T03:01:00+00:00\",\"dateModified\":\"2026-02-18T13:47:35+00:00\",\"author\":{\"@id\":\"https:\/\/www.nomus.com.br\/blog-industrial\/#\/schema\/person\/344527f3fe08f3b03451189c13eaa34d\"},\"description\":\"Entenda a Reforma Tribut\u00e1ria que est\u00e1 ocorrendo no Brasil em todos seus detalhes mais importantes, incluindo video-aula e exemplos pr\u00e1ticos.\",\"breadcrumb\":{\"@id\":\"https:\/\/www.nomus.com.br\/blog-industrial\/reforma-tributaria\/#breadcrumb\"},\"inLanguage\":\"pt-BR\",\"potentialAction\":[{\"@type\":\"ReadAction\",\"target\":[\"https:\/\/www.nomus.com.br\/blog-industrial\/reforma-tributaria\/\"]}]},{\"@type\":\"ImageObject\",\"inLanguage\":\"pt-BR\",\"@id\":\"https:\/\/www.nomus.com.br\/blog-industrial\/reforma-tributaria\/#primaryimage\",\"url\":\"https:\/\/www.nomus.com.br\/blog-industrial\/wp-content\/uploads\/2025\/10\/Reforma-Tributaria.jpg\",\"contentUrl\":\"https:\/\/www.nomus.com.br\/blog-industrial\/wp-content\/uploads\/2025\/10\/Reforma-Tributaria.jpg\",\"width\":620,\"height\":405,\"caption\":\"Reforma Tribut\u00e1ria: o que muda, quando come\u00e7a a valer e como se adequar\"},{\"@type\":\"BreadcrumbList\",\"@id\":\"https:\/\/www.nomus.com.br\/blog-industrial\/reforma-tributaria\/#breadcrumb\",\"itemListElement\":[{\"@type\":\"ListItem\",\"position\":1,\"name\":\"Blog Industrial Nomus\",\"item\":\"https:\/\/www.nomus.com.br\/blog-industrial\/\"},{\"@type\":\"ListItem\",\"position\":2,\"name\":\"Fiscal\",\"item\":\"https:\/\/www.nomus.com.br\/blog-industrial\/category\/fiscal\/\"},{\"@type\":\"ListItem\",\"position\":3,\"name\":\"Reforma Tribut\u00e1ria: o que muda, quando come\u00e7a a valer e como se adequar\"}]},{\"@type\":\"WebSite\",\"@id\":\"https:\/\/www.nomus.com.br\/blog-industrial\/#website\",\"url\":\"https:\/\/www.nomus.com.br\/blog-industrial\/\",\"name\":\"Blog Industrial Nomus\",\"description\":\"Artigos, planilhas, ebooks e ferramentas de engenharia de produ\u00e7\u00e3o e para aumentar o lucro da sua f\u00e1brica\",\"potentialAction\":[{\"@type\":\"SearchAction\",\"target\":{\"@type\":\"EntryPoint\",\"urlTemplate\":\"https:\/\/www.nomus.com.br\/blog-industrial\/?s={search_term_string}\"},\"query-input\":{\"@type\":\"PropertyValueSpecification\",\"valueRequired\":true,\"valueName\":\"search_term_string\"}}],\"inLanguage\":\"pt-BR\"},{\"@type\":\"Person\",\"@id\":\"https:\/\/www.nomus.com.br\/blog-industrial\/#\/schema\/person\/344527f3fe08f3b03451189c13eaa34d\",\"name\":\"Rafael Netto\",\"image\":{\"@type\":\"ImageObject\",\"inLanguage\":\"pt-BR\",\"@id\":\"https:\/\/www.nomus.com.br\/blog-industrial\/#\/schema\/person\/image\/\",\"url\":\"https:\/\/www.nomus.com.br\/blog-industrial\/wp-content\/uploads\/2025\/04\/1740677382271-96x96.jpg\",\"contentUrl\":\"https:\/\/www.nomus.com.br\/blog-industrial\/wp-content\/uploads\/2025\/04\/1740677382271-96x96.jpg\",\"caption\":\"Rafael Netto\"},\"description\":\"Engenheiro de Produ\u00e7\u00e3o formado na UFRJ com especializa\u00e7\u00f5es nas \u00e1reas de gest\u00e3o estrat\u00e9gica, custos, financeira, fiscal e de projetos de software. CEO e fundador da Nomus. Rafael tem mais de 20 anos de experi\u00eancia como gestor nas \u00e1reas de Estrat\u00e9gia, Desenvolvimento de software, Suporte, Implanta\u00e7\u00e3o, Financeiro, Recursos Humanos, e com implanta\u00e7\u00e3o de sistemas de PCP e ERP em f\u00e1bricas de diversos setores, como Alimentos, Metal\/mec\u00e2nico, Pl\u00e1stico, Qu\u00edmico, Farmac\u00eautico, Gr\u00e1fico, Equipamentos, N\u00e1utico, entre outros.\",\"sameAs\":[\"https:\/\/www.linkedin.com\/in\/rafaelnettonomus\/\"],\"url\":\"https:\/\/www.nomus.com.br\/blog-industrial\/author\/rafaelnetto\/\"}]}<\/script>\n","yoast_head_json":{"title":"Reforma Tribut\u00e1ria: o que muda, quando come\u00e7a a valer e como se adequar","description":"Entenda a Reforma Tribut\u00e1ria que est\u00e1 ocorrendo no Brasil em todos seus detalhes mais importantes, incluindo video-aula e exemplos pr\u00e1ticos.","robots":{"index":"index","follow":"follow","max-snippet":"max-snippet:-1","max-image-preview":"max-image-preview:large","max-video-preview":"max-video-preview:-1"},"canonical":"https:\/\/www.nomus.com.br\/blog-industrial\/reforma-tributaria\/","og_locale":"pt_BR","og_type":"article","og_title":"Reforma Tribut\u00e1ria: o que muda, quando come\u00e7a a valer e como se adequar","og_description":"Entenda a Reforma Tribut\u00e1ria que est\u00e1 ocorrendo no Brasil em todos seus detalhes mais importantes, incluindo video-aula e exemplos pr\u00e1ticos.","og_url":"https:\/\/www.nomus.com.br\/blog-industrial\/reforma-tributaria\/","og_site_name":"Blog Industrial Nomus","article_publisher":"https:\/\/www.facebook.com\/nomussoftwares","article_published_time":"2025-10-14T03:01:00+00:00","article_modified_time":"2026-02-18T13:47:35+00:00","og_image":[{"width":620,"height":405,"url":"https:\/\/www.nomus.com.br\/blog-industrial\/wp-content\/uploads\/2025\/10\/Reforma-Tributaria.jpg","type":"image\/jpeg"}],"author":"Rafael Netto","twitter_card":"summary_large_image","twitter_creator":"@nomusindustrial","twitter_site":"@nomusindustrial","twitter_misc":{"Escrito por":"Rafael Netto","Est. tempo de leitura":"16 minutos"},"schema":{"@context":"https:\/\/schema.org","@graph":[{"@type":"Article","@id":"https:\/\/www.nomus.com.br\/blog-industrial\/reforma-tributaria\/#article","isPartOf":{"@id":"https:\/\/www.nomus.com.br\/blog-industrial\/reforma-tributaria\/"},"author":{"name":"Rafael Netto","@id":"https:\/\/www.nomus.com.br\/blog-industrial\/#\/schema\/person\/344527f3fe08f3b03451189c13eaa34d"},"headline":"Reforma Tribut\u00e1ria: o que muda, quando come\u00e7a a valer e como se adequar","datePublished":"2025-10-14T03:01:00+00:00","dateModified":"2026-02-18T13:47:35+00:00","mainEntityOfPage":{"@id":"https:\/\/www.nomus.com.br\/blog-industrial\/reforma-tributaria\/"},"wordCount":2809,"commentCount":6,"image":{"@id":"https:\/\/www.nomus.com.br\/blog-industrial\/reforma-tributaria\/#primaryimage"},"thumbnailUrl":"https:\/\/www.nomus.com.br\/blog-industrial\/wp-content\/uploads\/2025\/10\/Reforma-Tributaria.jpg","keywords":["artigo"],"articleSection":["Custos e Finan\u00e7as","Fiscal"],"inLanguage":"pt-BR","potentialAction":[{"@type":"CommentAction","name":"Comment","target":["https:\/\/www.nomus.com.br\/blog-industrial\/reforma-tributaria\/#respond"]}]},{"@type":"WebPage","@id":"https:\/\/www.nomus.com.br\/blog-industrial\/reforma-tributaria\/","url":"https:\/\/www.nomus.com.br\/blog-industrial\/reforma-tributaria\/","name":"Reforma Tribut\u00e1ria: o que muda, quando come\u00e7a a valer e como se adequar","isPartOf":{"@id":"https:\/\/www.nomus.com.br\/blog-industrial\/#website"},"primaryImageOfPage":{"@id":"https:\/\/www.nomus.com.br\/blog-industrial\/reforma-tributaria\/#primaryimage"},"image":{"@id":"https:\/\/www.nomus.com.br\/blog-industrial\/reforma-tributaria\/#primaryimage"},"thumbnailUrl":"https:\/\/www.nomus.com.br\/blog-industrial\/wp-content\/uploads\/2025\/10\/Reforma-Tributaria.jpg","datePublished":"2025-10-14T03:01:00+00:00","dateModified":"2026-02-18T13:47:35+00:00","author":{"@id":"https:\/\/www.nomus.com.br\/blog-industrial\/#\/schema\/person\/344527f3fe08f3b03451189c13eaa34d"},"description":"Entenda a Reforma Tribut\u00e1ria que est\u00e1 ocorrendo no Brasil em todos seus detalhes mais importantes, incluindo video-aula e exemplos pr\u00e1ticos.","breadcrumb":{"@id":"https:\/\/www.nomus.com.br\/blog-industrial\/reforma-tributaria\/#breadcrumb"},"inLanguage":"pt-BR","potentialAction":[{"@type":"ReadAction","target":["https:\/\/www.nomus.com.br\/blog-industrial\/reforma-tributaria\/"]}]},{"@type":"ImageObject","inLanguage":"pt-BR","@id":"https:\/\/www.nomus.com.br\/blog-industrial\/reforma-tributaria\/#primaryimage","url":"https:\/\/www.nomus.com.br\/blog-industrial\/wp-content\/uploads\/2025\/10\/Reforma-Tributaria.jpg","contentUrl":"https:\/\/www.nomus.com.br\/blog-industrial\/wp-content\/uploads\/2025\/10\/Reforma-Tributaria.jpg","width":620,"height":405,"caption":"Reforma Tribut\u00e1ria: o que muda, quando come\u00e7a a valer e como se adequar"},{"@type":"BreadcrumbList","@id":"https:\/\/www.nomus.com.br\/blog-industrial\/reforma-tributaria\/#breadcrumb","itemListElement":[{"@type":"ListItem","position":1,"name":"Blog Industrial Nomus","item":"https:\/\/www.nomus.com.br\/blog-industrial\/"},{"@type":"ListItem","position":2,"name":"Fiscal","item":"https:\/\/www.nomus.com.br\/blog-industrial\/category\/fiscal\/"},{"@type":"ListItem","position":3,"name":"Reforma Tribut\u00e1ria: o que muda, quando come\u00e7a a valer e como se adequar"}]},{"@type":"WebSite","@id":"https:\/\/www.nomus.com.br\/blog-industrial\/#website","url":"https:\/\/www.nomus.com.br\/blog-industrial\/","name":"Blog Industrial Nomus","description":"Artigos, planilhas, ebooks e ferramentas de engenharia de produ\u00e7\u00e3o e para aumentar o lucro da sua f\u00e1brica","potentialAction":[{"@type":"SearchAction","target":{"@type":"EntryPoint","urlTemplate":"https:\/\/www.nomus.com.br\/blog-industrial\/?s={search_term_string}"},"query-input":{"@type":"PropertyValueSpecification","valueRequired":true,"valueName":"search_term_string"}}],"inLanguage":"pt-BR"},{"@type":"Person","@id":"https:\/\/www.nomus.com.br\/blog-industrial\/#\/schema\/person\/344527f3fe08f3b03451189c13eaa34d","name":"Rafael Netto","image":{"@type":"ImageObject","inLanguage":"pt-BR","@id":"https:\/\/www.nomus.com.br\/blog-industrial\/#\/schema\/person\/image\/","url":"https:\/\/www.nomus.com.br\/blog-industrial\/wp-content\/uploads\/2025\/04\/1740677382271-96x96.jpg","contentUrl":"https:\/\/www.nomus.com.br\/blog-industrial\/wp-content\/uploads\/2025\/04\/1740677382271-96x96.jpg","caption":"Rafael Netto"},"description":"Engenheiro de Produ\u00e7\u00e3o formado na UFRJ com especializa\u00e7\u00f5es nas \u00e1reas de gest\u00e3o estrat\u00e9gica, custos, financeira, fiscal e de projetos de software. CEO e fundador da Nomus. Rafael tem mais de 20 anos de experi\u00eancia como gestor nas \u00e1reas de Estrat\u00e9gia, Desenvolvimento de software, Suporte, Implanta\u00e7\u00e3o, Financeiro, Recursos Humanos, e com implanta\u00e7\u00e3o de sistemas de PCP e ERP em f\u00e1bricas de diversos setores, como Alimentos, Metal\/mec\u00e2nico, Pl\u00e1stico, Qu\u00edmico, Farmac\u00eautico, Gr\u00e1fico, Equipamentos, N\u00e1utico, entre outros.","sameAs":["https:\/\/www.linkedin.com\/in\/rafaelnettonomus\/"],"url":"https:\/\/www.nomus.com.br\/blog-industrial\/author\/rafaelnetto\/"}]}},"_links":{"self":[{"href":"https:\/\/www.nomus.com.br\/blog-industrial\/wp-json\/wp\/v2\/posts\/32791","targetHints":{"allow":["GET"]}}],"collection":[{"href":"https:\/\/www.nomus.com.br\/blog-industrial\/wp-json\/wp\/v2\/posts"}],"about":[{"href":"https:\/\/www.nomus.com.br\/blog-industrial\/wp-json\/wp\/v2\/types\/post"}],"author":[{"embeddable":true,"href":"https:\/\/www.nomus.com.br\/blog-industrial\/wp-json\/wp\/v2\/users\/23"}],"replies":[{"embeddable":true,"href":"https:\/\/www.nomus.com.br\/blog-industrial\/wp-json\/wp\/v2\/comments?post=32791"}],"version-history":[{"count":18,"href":"https:\/\/www.nomus.com.br\/blog-industrial\/wp-json\/wp\/v2\/posts\/32791\/revisions"}],"predecessor-version":[{"id":33713,"href":"https:\/\/www.nomus.com.br\/blog-industrial\/wp-json\/wp\/v2\/posts\/32791\/revisions\/33713"}],"wp:featuredmedia":[{"embeddable":true,"href":"https:\/\/www.nomus.com.br\/blog-industrial\/wp-json\/wp\/v2\/media\/32798"}],"wp:attachment":[{"href":"https:\/\/www.nomus.com.br\/blog-industrial\/wp-json\/wp\/v2\/media?parent=32791"}],"wp:term":[{"taxonomy":"category","embeddable":true,"href":"https:\/\/www.nomus.com.br\/blog-industrial\/wp-json\/wp\/v2\/categories?post=32791"},{"taxonomy":"post_tag","embeddable":true,"href":"https:\/\/www.nomus.com.br\/blog-industrial\/wp-json\/wp\/v2\/tags?post=32791"}],"curies":[{"name":"wp","href":"https:\/\/api.w.org\/{rel}","templated":true}]}}