{"id":31553,"date":"2025-08-21T00:01:00","date_gmt":"2025-08-21T03:01:00","guid":{"rendered":"https:\/\/www.nomus.com.br\/blog-industrial\/?p=31553"},"modified":"2025-08-29T15:20:46","modified_gmt":"2025-08-29T18:20:46","slug":"a-area-de-cobranca-como-centro-de-receita-desvendando-o-protesto-digital","status":"publish","type":"post","link":"https:\/\/www.nomus.com.br\/blog-industrial\/a-area-de-cobranca-como-centro-de-receita-desvendando-o-protesto-digital\/","title":{"rendered":"A \u00c1rea de Cobran\u00e7a como Centro de Receita: Desvendando o Protesto Digital"},"content":{"rendered":"\n<figure class=\"wp-block-image size-full\"><a href=\"https:\/\/academia.nomus.com.br\/courses\/2354\/minicurso-protesto-digital-sem-misterios\/a9097856-1f67-4135-b507-7ddc92a97d09\"><img decoding=\"async\" width=\"650\" height=\"260\" data-src=\"https:\/\/www.nomus.com.br\/blog-industrial\/wp-content\/uploads\/2025\/08\/banner-blog-curso-neofin-1.jpg\" alt=\"\" class=\"wp-image-31575 lazyload\" data-srcset=\"https:\/\/www.nomus.com.br\/blog-industrial\/wp-content\/uploads\/2025\/08\/banner-blog-curso-neofin-1.jpg 650w, https:\/\/www.nomus.com.br\/blog-industrial\/wp-content\/uploads\/2025\/08\/banner-blog-curso-neofin-1-345x138.jpg 345w, https:\/\/www.nomus.com.br\/blog-industrial\/wp-content\/uploads\/2025\/08\/banner-blog-curso-neofin-1-150x60.jpg 150w\" data-sizes=\"(max-width: 650px) 100vw, 650px\" src=\"data:image\/svg+xml;base64,PHN2ZyB3aWR0aD0iMSIgaGVpZ2h0PSIxIiB4bWxucz0iaHR0cDovL3d3dy53My5vcmcvMjAwMC9zdmciPjwvc3ZnPg==\" style=\"--smush-placeholder-width: 650px; --smush-placeholder-aspect-ratio: 650\/260;\" \/><\/a><\/figure>\n\n\n\n<p>Cobrar de forma eficiente \u00e9 essencial para garantir sa\u00fade financeira e competitividade. Por\u00e9m, muitos neg\u00f3cios ainda lidam com processos manuais e burocr\u00e1ticos que tornam a recupera\u00e7\u00e3o de cr\u00e9ditos lenta e cara. \u00c9 nesse cen\u00e1rio que o <strong>protesto digital<\/strong> se destaca: ele simplifica etapas, reduz custos e coloca a cobran\u00e7a em um novo patamar estrat\u00e9gico, de <a href=\"https:\/\/www.nomus.com.br\/blog-industrial\/centro-de-custo\/\">centro de custo<\/a> para <strong>centro de receita<\/strong>.<\/p>\n\n\n\n<p>Neste artigo, voc\u00ea vai entender o que \u00e9 o protesto de t\u00edtulos, como funciona no modelo tradicional e no digital, e quais vantagens essa evolu\u00e7\u00e3o traz para empresas que desejam profissionalizar a gest\u00e3o de cobran\u00e7as.<\/p>\n\n\n\n<p>O conte\u00fado faz parte do curso <em>\u201cProtesto Digital: sem mist\u00e9rios\u201d<\/em>, desenvolvido em parceria entre <strong><a href=\"https:\/\/www.neofin.com.br\/\">Neofin<\/a><\/strong> e <strong>Nomus<\/strong>. As inscri\u00e7\u00f5es j\u00e1 est\u00e3o abertas neste <a href=\"https:\/\/academia.nomus.com.br\/courses\/2354\/minicurso-protesto-digital-sem-misterios\/a9097856-1f67-4135-b507-7ddc92a97d09\">link<\/a>.<\/p>\n\n\n\n\n\n\n\n<figure class=\"wp-block-image size-full\"><img decoding=\"async\" width=\"620\" height=\"405\" data-src=\"https:\/\/www.nomus.com.br\/blog-industrial\/wp-content\/uploads\/2025\/08\/thumb-blog-curso-neofin.jpg\" alt=\"\" class=\"wp-image-31566 lazyload\" data-srcset=\"https:\/\/www.nomus.com.br\/blog-industrial\/wp-content\/uploads\/2025\/08\/thumb-blog-curso-neofin.jpg 620w, https:\/\/www.nomus.com.br\/blog-industrial\/wp-content\/uploads\/2025\/08\/thumb-blog-curso-neofin-345x225.jpg 345w, https:\/\/www.nomus.com.br\/blog-industrial\/wp-content\/uploads\/2025\/08\/thumb-blog-curso-neofin-150x98.jpg 150w\" data-sizes=\"(max-width: 620px) 100vw, 620px\" src=\"data:image\/svg+xml;base64,PHN2ZyB3aWR0aD0iMSIgaGVpZ2h0PSIxIiB4bWxucz0iaHR0cDovL3d3dy53My5vcmcvMjAwMC9zdmciPjwvc3ZnPg==\" style=\"--smush-placeholder-width: 620px; --smush-placeholder-aspect-ratio: 620\/405;\" \/><\/figure>\n\n\n\n<h2 class=\"wp-block-heading\">O que \u00e9 o protesto de t\u00edtulos?<\/h2>\n\n\n\n<p>O protesto \u00e9 um procedimento formal realizado em cart\u00f3rio que serve como prova da tentativa de cobran\u00e7a de um d\u00e9bito e da inadimpl\u00eancia do devedor. Ele cria um registro p\u00fablico da d\u00edvida, incentivando o devedor a pag\u00e1-la para evitar danos \u00e0 sua reputa\u00e7\u00e3o e cr\u00e9dito. Uma distin\u00e7\u00e3o importante \u00e9 que o protesto \u00e9 uma ferramenta extrajudicial. Enquanto a negativa\u00e7\u00e3o \u00e9 responsabilidade dos bir\u00f4s de cr\u00e9dito e tem acesso privado e pago, o protesto \u00e9 feito em cart\u00f3rio e a informa\u00e7\u00e3o \u00e9 p\u00fablica e gratuita. O protesto tamb\u00e9m pode ser usado em a\u00e7\u00f5es judiciais como prova de tentativas anteriores de cobran\u00e7a.<\/p>\n\n\n\n<p>Uma vez que estabelecemos o conceito de protesto e para que ele serve, resta entendermos outro ponto importante: <strong>qual a diferen\u00e7a entre o processo tradicional e o digital de protesto?<\/strong><\/p>\n\n\n\n<p>O processo tradicional de protesto \u00e9 caracterizado por v\u00e1rias etapas manuais e f\u00edsicas. No modelo tradicional, ap\u00f3s o atraso, o t\u00edtulo \u00e9 enviado manualmente para o cart\u00f3rio via banco. Se o devedor pagar a d\u00edvida principal ap\u00f3s o protesto, o credor precisa emitir uma carta de anu\u00eancia. O cliente, ent\u00e3o, deve levar essa carta pessoalmente ao cart\u00f3rio para pagar as custas e, s\u00f3 ent\u00e3o, o protesto \u00e9 quitado.<\/p>\n\n\n\n<p>Em contraste, o protesto digital e automatizado agiliza o processo, transformando etapas manuais em digitais. Ap\u00f3s o atraso, a cobran\u00e7a \u00e9 iniciada por uma <a href=\"https:\/\/www.nomus.com.br\/blog-industrial\/regua-de-cobranca\/\">r\u00e9gua de cobran\u00e7a<\/a> autom\u00e1tica e o t\u00edtulo \u00e9 enviado digitalmente. O cliente pode pagar a d\u00edvida principal e as custas online. A anu\u00eancia tamb\u00e9m \u00e9 enviada digitalmente, o que significa que o devedor n\u00e3o precisa ir ao cart\u00f3rio para quitar o protesto.<\/p>\n\n\n\n<p>Na pr\u00e1tica, podemos perguntar:<\/p>\n\n\n\n<h2 class=\"wp-block-heading\">Quais s\u00e3o suas reais vantagens? Mais ainda, como funcionam os bastidores da solu\u00e7\u00e3o digital?<\/h2>\n\n\n\n<p>As limita\u00e7\u00f5es de um processo manual incluem a falta de personaliza\u00e7\u00e3o das regras de cobran\u00e7a, a dificuldade de controle dos t\u00edtulos e a morosidade na emiss\u00e3o da anu\u00eancia. A solu\u00e7\u00e3o digital da Neofin aborda essas quest\u00f5es, oferecendo rapidez, efici\u00eancia e redu\u00e7\u00e3o de custos operacionais, j\u00e1 que elimina a necessidade de deslocamentos f\u00edsicos. A tecnologia tamb\u00e9m permite o acompanhamento em tempo real, a redu\u00e7\u00e3o de erros e o acesso a relat\u00f3rios e an\u00e1lises preditivas.<\/p>\n\n\n\n<p>Alguns detalhes importantes sobre a solu\u00e7\u00e3o de protesto digital da Neofin incluem:<\/p>\n\n\n\n<ul class=\"wp-block-list\">\n<li>Os documentos necess\u00e1rios para protestar um cliente s\u00e3o o boleto ou outro comprovante de d\u00edvida, idealmente acompanhado da nota fiscal em casos de venda de mercadoria.<\/li>\n\n\n\n<li>O protesto \u00e9 feito em nome da empresa credora, e a Neofin atua como intermedi\u00e1ria.<\/li>\n\n\n\n<li>O valor protestado \u00e9 o original da d\u00edvida, sem a inclus\u00e3o de juros e multas.<\/li>\n\n\n\n<li>As custas cartoriais variam de acordo com fatores como localiza\u00e7\u00e3o e valor do t\u00edtulo, e s\u00e3o cobradas diretamente pelo cart\u00f3rio.<\/li>\n<\/ul>\n\n\n\n<p>O cart\u00f3rio envia uma intima\u00e7\u00e3o ao devedor com um boleto para pagamento da d\u00edvida principal e das custas, que \u00e9 v\u00e1lido por 3 dias \u00fateis. Se o pagamento for feito diretamente ao cart\u00f3rio, este repassa o valor da d\u00edvida para a Neofin, que o disponibiliza na plataforma da empresa credora. Caso o cliente pague a empresa diretamente, a empresa deve informar o recebimento na plataforma da Neofin para que a anu\u00eancia digital seja enviada.<\/p>\n\n\n\n<h2 class=\"wp-block-heading\">Conclus\u00e3o<\/h2>\n\n\n\n<p>A <a href=\"https:\/\/www.neofin.com.br\/\">Neofin<\/a> acredita que a tecnologia e a intelig\u00eancia artificial est\u00e3o transformando a forma como as empresas gerenciam suas cobran\u00e7as, utilizando automa\u00e7\u00e3o para criar processos eficientes e estrat\u00e9gicos. O protesto digital \u00e9 uma excelente ferramenta para que as empresas mudem a percep\u00e7\u00e3o da \u00e1rea de cobran\u00e7a de um &#8220;centro de custo e dor de cabe\u00e7a (necess\u00e1ria)&#8221; para um &#8220;centro de receita&#8221; &#8211; afinal, uma venda realmente s\u00f3 acontece com o recebimento.\u00a0<\/p>\n\n\n\n<p>Em um contexto onde &#8220;quem n\u00e3o cobra, n\u00e3o recebe&#8221;, a maneira de cobrar faz toda a diferen\u00e7a, e a digitaliza\u00e7\u00e3o oferece uma solu\u00e7\u00e3o mais eficiente e eficaz para a recupera\u00e7\u00e3o de cr\u00e9ditos.<\/p>\n\n\n\n<figure class=\"wp-block-image size-full\"><a href=\"https:\/\/academia.nomus.com.br\/courses\/2354\/minicurso-protesto-digital-sem-misterios\/a9097856-1f67-4135-b507-7ddc92a97d09\"><img decoding=\"async\" width=\"650\" height=\"260\" data-src=\"https:\/\/www.nomus.com.br\/blog-industrial\/wp-content\/uploads\/2025\/08\/banner-blog-curso-neofin-1.jpg\" alt=\"\" class=\"wp-image-31575 lazyload\" data-srcset=\"https:\/\/www.nomus.com.br\/blog-industrial\/wp-content\/uploads\/2025\/08\/banner-blog-curso-neofin-1.jpg 650w, https:\/\/www.nomus.com.br\/blog-industrial\/wp-content\/uploads\/2025\/08\/banner-blog-curso-neofin-1-345x138.jpg 345w, https:\/\/www.nomus.com.br\/blog-industrial\/wp-content\/uploads\/2025\/08\/banner-blog-curso-neofin-1-150x60.jpg 150w\" data-sizes=\"(max-width: 650px) 100vw, 650px\" src=\"data:image\/svg+xml;base64,PHN2ZyB3aWR0aD0iMSIgaGVpZ2h0PSIxIiB4bWxucz0iaHR0cDovL3d3dy53My5vcmcvMjAwMC9zdmciPjwvc3ZnPg==\" style=\"--smush-placeholder-width: 650px; --smush-placeholder-aspect-ratio: 650\/260;\" \/><\/a><\/figure>\n","protected":false},"excerpt":{"rendered":"<p>Cobrar de forma eficiente \u00e9 essencial para garantir sa\u00fade financeira e competitividade. Por\u00e9m, muitos neg\u00f3cios ainda lidam com processos manuais e burocr\u00e1ticos que tornam a recupera\u00e7\u00e3o de cr\u00e9ditos lenta e cara. \u00c9 nesse cen\u00e1rio que o protesto digital se destaca: ele simplifica etapas, reduz custos e coloca a cobran\u00e7a em um novo patamar estrat\u00e9gico, de [&hellip;]<\/p>\n","protected":false},"author":22,"featured_media":31566,"comment_status":"open","ping_status":"open","sticky":false,"template":"","format":"standard","meta":{"_acf_changed":false,"footnotes":""},"categories":[4],"tags":[48],"class_list":["post-31553","post","type-post","status-publish","format-standard","has-post-thumbnail","hentry","category-custos-e-financas","tag-artigo"],"acf":[],"yoast_head":"\n<title>A \u00c1rea de Cobran\u00e7a como Centro de Receita: o Protesto Digital<\/title>\n<meta name=\"robots\" content=\"index, follow, max-snippet:-1, max-image-preview:large, max-video-preview:-1\" \/>\n<link rel=\"canonical\" href=\"https:\/\/www.nomus.com.br\/blog-industrial\/a-area-de-cobranca-como-centro-de-receita-desvendando-o-protesto-digital\/\" \/>\n<meta property=\"og:locale\" content=\"pt_BR\" \/>\n<meta property=\"og:type\" content=\"article\" \/>\n<meta property=\"og:title\" content=\"A \u00c1rea de Cobran\u00e7a como Centro de Receita: Desvendando o Protesto Digital\" \/>\n<meta property=\"og:description\" content=\"Cobrar de forma eficiente \u00e9 essencial para garantir sa\u00fade financeira e competitividade. Por\u00e9m, muitos neg\u00f3cios ainda lidam com processos manuais e burocr\u00e1ticos que tornam a recupera\u00e7\u00e3o de cr\u00e9ditos lenta e cara. \u00c9 nesse cen\u00e1rio que o protesto digital se destaca: ele simplifica etapas, reduz custos e coloca a cobran\u00e7a em um novo patamar estrat\u00e9gico, de [&hellip;]\" \/>\n<meta property=\"og:url\" content=\"https:\/\/www.nomus.com.br\/blog-industrial\/a-area-de-cobranca-como-centro-de-receita-desvendando-o-protesto-digital\/\" \/>\n<meta property=\"og:site_name\" content=\"Blog Industrial Nomus\" \/>\n<meta property=\"article:publisher\" content=\"https:\/\/www.facebook.com\/nomussoftwares\" \/>\n<meta property=\"article:published_time\" content=\"2025-08-21T03:01:00+00:00\" \/>\n<meta property=\"article:modified_time\" content=\"2025-08-29T18:20:46+00:00\" \/>\n<meta property=\"og:image\" content=\"https:\/\/www.nomus.com.br\/blog-industrial\/wp-content\/uploads\/2025\/08\/thumb-blog-curso-neofin.jpg\" \/>\n\t<meta property=\"og:image:width\" content=\"620\" \/>\n\t<meta property=\"og:image:height\" content=\"405\" \/>\n\t<meta property=\"og:image:type\" content=\"image\/jpeg\" \/>\n<meta name=\"author\" content=\"Autor Convidado\" \/>\n<meta name=\"twitter:card\" content=\"summary_large_image\" \/>\n<meta name=\"twitter:creator\" content=\"@nomusindustrial\" \/>\n<meta name=\"twitter:site\" content=\"@nomusindustrial\" \/>\n<meta name=\"twitter:label1\" content=\"Escrito por\" \/>\n\t<meta name=\"twitter:data1\" content=\"Autor Convidado\" \/>\n\t<meta name=\"twitter:label2\" content=\"Est. tempo de leitura\" \/>\n\t<meta name=\"twitter:data2\" content=\"5 minutos\" \/>\n<script type=\"application\/ld+json\" class=\"yoast-schema-graph\">{\"@context\":\"https:\/\/schema.org\",\"@graph\":[{\"@type\":\"Article\",\"@id\":\"https:\/\/www.nomus.com.br\/blog-industrial\/a-area-de-cobranca-como-centro-de-receita-desvendando-o-protesto-digital\/#article\",\"isPartOf\":{\"@id\":\"https:\/\/www.nomus.com.br\/blog-industrial\/a-area-de-cobranca-como-centro-de-receita-desvendando-o-protesto-digital\/\"},\"author\":{\"name\":\"Autor Convidado\",\"@id\":\"https:\/\/www.nomus.com.br\/blog-industrial\/#\/schema\/person\/bf545f7906b60ab197e44d8b9d0861b7\"},\"headline\":\"A \u00c1rea de Cobran\u00e7a como Centro de Receita: Desvendando o Protesto Digital\",\"datePublished\":\"2025-08-21T03:01:00+00:00\",\"dateModified\":\"2025-08-29T18:20:46+00:00\",\"mainEntityOfPage\":{\"@id\":\"https:\/\/www.nomus.com.br\/blog-industrial\/a-area-de-cobranca-como-centro-de-receita-desvendando-o-protesto-digital\/\"},\"wordCount\":854,\"commentCount\":0,\"image\":{\"@id\":\"https:\/\/www.nomus.com.br\/blog-industrial\/a-area-de-cobranca-como-centro-de-receita-desvendando-o-protesto-digital\/#primaryimage\"},\"thumbnailUrl\":\"https:\/\/www.nomus.com.br\/blog-industrial\/wp-content\/uploads\/2025\/08\/thumb-blog-curso-neofin.jpg\",\"keywords\":[\"artigo\"],\"articleSection\":[\"Custos e Finan\u00e7as\"],\"inLanguage\":\"pt-BR\",\"potentialAction\":[{\"@type\":\"CommentAction\",\"name\":\"Comment\",\"target\":[\"https:\/\/www.nomus.com.br\/blog-industrial\/a-area-de-cobranca-como-centro-de-receita-desvendando-o-protesto-digital\/#respond\"]}]},{\"@type\":\"WebPage\",\"@id\":\"https:\/\/www.nomus.com.br\/blog-industrial\/a-area-de-cobranca-como-centro-de-receita-desvendando-o-protesto-digital\/\",\"url\":\"https:\/\/www.nomus.com.br\/blog-industrial\/a-area-de-cobranca-como-centro-de-receita-desvendando-o-protesto-digital\/\",\"name\":\"A \u00c1rea de Cobran\u00e7a como Centro de Receita: o Protesto Digital\",\"isPartOf\":{\"@id\":\"https:\/\/www.nomus.com.br\/blog-industrial\/#website\"},\"primaryImageOfPage\":{\"@id\":\"https:\/\/www.nomus.com.br\/blog-industrial\/a-area-de-cobranca-como-centro-de-receita-desvendando-o-protesto-digital\/#primaryimage\"},\"image\":{\"@id\":\"https:\/\/www.nomus.com.br\/blog-industrial\/a-area-de-cobranca-como-centro-de-receita-desvendando-o-protesto-digital\/#primaryimage\"},\"thumbnailUrl\":\"https:\/\/www.nomus.com.br\/blog-industrial\/wp-content\/uploads\/2025\/08\/thumb-blog-curso-neofin.jpg\",\"datePublished\":\"2025-08-21T03:01:00+00:00\",\"dateModified\":\"2025-08-29T18:20:46+00:00\",\"author\":{\"@id\":\"https:\/\/www.nomus.com.br\/blog-industrial\/#\/schema\/person\/bf545f7906b60ab197e44d8b9d0861b7\"},\"breadcrumb\":{\"@id\":\"https:\/\/www.nomus.com.br\/blog-industrial\/a-area-de-cobranca-como-centro-de-receita-desvendando-o-protesto-digital\/#breadcrumb\"},\"inLanguage\":\"pt-BR\",\"potentialAction\":[{\"@type\":\"ReadAction\",\"target\":[\"https:\/\/www.nomus.com.br\/blog-industrial\/a-area-de-cobranca-como-centro-de-receita-desvendando-o-protesto-digital\/\"]}]},{\"@type\":\"ImageObject\",\"inLanguage\":\"pt-BR\",\"@id\":\"https:\/\/www.nomus.com.br\/blog-industrial\/a-area-de-cobranca-como-centro-de-receita-desvendando-o-protesto-digital\/#primaryimage\",\"url\":\"https:\/\/www.nomus.com.br\/blog-industrial\/wp-content\/uploads\/2025\/08\/thumb-blog-curso-neofin.jpg\",\"contentUrl\":\"https:\/\/www.nomus.com.br\/blog-industrial\/wp-content\/uploads\/2025\/08\/thumb-blog-curso-neofin.jpg\",\"width\":620,\"height\":405},{\"@type\":\"BreadcrumbList\",\"@id\":\"https:\/\/www.nomus.com.br\/blog-industrial\/a-area-de-cobranca-como-centro-de-receita-desvendando-o-protesto-digital\/#breadcrumb\",\"itemListElement\":[{\"@type\":\"ListItem\",\"position\":1,\"name\":\"Blog Industrial Nomus\",\"item\":\"https:\/\/www.nomus.com.br\/blog-industrial\/\"},{\"@type\":\"ListItem\",\"position\":2,\"name\":\"Custos e Finan\u00e7as\",\"item\":\"https:\/\/www.nomus.com.br\/blog-industrial\/category\/custos-e-financas\/\"},{\"@type\":\"ListItem\",\"position\":3,\"name\":\"A \u00c1rea de Cobran\u00e7a como Centro de Receita: Desvendando o Protesto Digital\"}]},{\"@type\":\"WebSite\",\"@id\":\"https:\/\/www.nomus.com.br\/blog-industrial\/#website\",\"url\":\"https:\/\/www.nomus.com.br\/blog-industrial\/\",\"name\":\"Blog Industrial Nomus\",\"description\":\"Artigos, planilhas, ebooks e ferramentas de engenharia de produ\u00e7\u00e3o e para aumentar o lucro da sua f\u00e1brica\",\"potentialAction\":[{\"@type\":\"SearchAction\",\"target\":{\"@type\":\"EntryPoint\",\"urlTemplate\":\"https:\/\/www.nomus.com.br\/blog-industrial\/?s={search_term_string}\"},\"query-input\":{\"@type\":\"PropertyValueSpecification\",\"valueRequired\":true,\"valueName\":\"search_term_string\"}}],\"inLanguage\":\"pt-BR\"},{\"@type\":\"Person\",\"@id\":\"https:\/\/www.nomus.com.br\/blog-industrial\/#\/schema\/person\/bf545f7906b60ab197e44d8b9d0861b7\",\"name\":\"Autor Convidado\",\"image\":{\"@type\":\"ImageObject\",\"inLanguage\":\"pt-BR\",\"@id\":\"https:\/\/www.nomus.com.br\/blog-industrial\/#\/schema\/person\/image\/\",\"url\":\"https:\/\/www.nomus.com.br\/blog-industrial\/wp-content\/uploads\/2023\/06\/cropped-logo-nomus.png\",\"contentUrl\":\"https:\/\/www.nomus.com.br\/blog-industrial\/wp-content\/uploads\/2023\/06\/cropped-logo-nomus.png\",\"caption\":\"Autor Convidado\"},\"description\":\"Autores convidados diversos que auxiliam o Blog da Nomus a alcan\u00e7ar assuntos ainda mais amplos da gest\u00e3o.\",\"url\":\"https:\/\/www.nomus.com.br\/blog-industrial\/author\/revisornomus\/\"}]}<\/script>\n","yoast_head_json":{"title":"A \u00c1rea de Cobran\u00e7a como Centro de Receita: o Protesto Digital","robots":{"index":"index","follow":"follow","max-snippet":"max-snippet:-1","max-image-preview":"max-image-preview:large","max-video-preview":"max-video-preview:-1"},"canonical":"https:\/\/www.nomus.com.br\/blog-industrial\/a-area-de-cobranca-como-centro-de-receita-desvendando-o-protesto-digital\/","og_locale":"pt_BR","og_type":"article","og_title":"A \u00c1rea de Cobran\u00e7a como Centro de Receita: Desvendando o Protesto Digital","og_description":"Cobrar de forma eficiente \u00e9 essencial para garantir sa\u00fade financeira e competitividade. Por\u00e9m, muitos neg\u00f3cios ainda lidam com processos manuais e burocr\u00e1ticos que tornam a recupera\u00e7\u00e3o de cr\u00e9ditos lenta e cara. \u00c9 nesse cen\u00e1rio que o protesto digital se destaca: ele simplifica etapas, reduz custos e coloca a cobran\u00e7a em um novo patamar estrat\u00e9gico, de [&hellip;]","og_url":"https:\/\/www.nomus.com.br\/blog-industrial\/a-area-de-cobranca-como-centro-de-receita-desvendando-o-protesto-digital\/","og_site_name":"Blog Industrial Nomus","article_publisher":"https:\/\/www.facebook.com\/nomussoftwares","article_published_time":"2025-08-21T03:01:00+00:00","article_modified_time":"2025-08-29T18:20:46+00:00","og_image":[{"width":620,"height":405,"url":"https:\/\/www.nomus.com.br\/blog-industrial\/wp-content\/uploads\/2025\/08\/thumb-blog-curso-neofin.jpg","type":"image\/jpeg"}],"author":"Autor Convidado","twitter_card":"summary_large_image","twitter_creator":"@nomusindustrial","twitter_site":"@nomusindustrial","twitter_misc":{"Escrito por":"Autor Convidado","Est. tempo de leitura":"5 minutos"},"schema":{"@context":"https:\/\/schema.org","@graph":[{"@type":"Article","@id":"https:\/\/www.nomus.com.br\/blog-industrial\/a-area-de-cobranca-como-centro-de-receita-desvendando-o-protesto-digital\/#article","isPartOf":{"@id":"https:\/\/www.nomus.com.br\/blog-industrial\/a-area-de-cobranca-como-centro-de-receita-desvendando-o-protesto-digital\/"},"author":{"name":"Autor Convidado","@id":"https:\/\/www.nomus.com.br\/blog-industrial\/#\/schema\/person\/bf545f7906b60ab197e44d8b9d0861b7"},"headline":"A \u00c1rea de Cobran\u00e7a como Centro de Receita: Desvendando o Protesto Digital","datePublished":"2025-08-21T03:01:00+00:00","dateModified":"2025-08-29T18:20:46+00:00","mainEntityOfPage":{"@id":"https:\/\/www.nomus.com.br\/blog-industrial\/a-area-de-cobranca-como-centro-de-receita-desvendando-o-protesto-digital\/"},"wordCount":854,"commentCount":0,"image":{"@id":"https:\/\/www.nomus.com.br\/blog-industrial\/a-area-de-cobranca-como-centro-de-receita-desvendando-o-protesto-digital\/#primaryimage"},"thumbnailUrl":"https:\/\/www.nomus.com.br\/blog-industrial\/wp-content\/uploads\/2025\/08\/thumb-blog-curso-neofin.jpg","keywords":["artigo"],"articleSection":["Custos e Finan\u00e7as"],"inLanguage":"pt-BR","potentialAction":[{"@type":"CommentAction","name":"Comment","target":["https:\/\/www.nomus.com.br\/blog-industrial\/a-area-de-cobranca-como-centro-de-receita-desvendando-o-protesto-digital\/#respond"]}]},{"@type":"WebPage","@id":"https:\/\/www.nomus.com.br\/blog-industrial\/a-area-de-cobranca-como-centro-de-receita-desvendando-o-protesto-digital\/","url":"https:\/\/www.nomus.com.br\/blog-industrial\/a-area-de-cobranca-como-centro-de-receita-desvendando-o-protesto-digital\/","name":"A \u00c1rea de Cobran\u00e7a como Centro de Receita: o Protesto Digital","isPartOf":{"@id":"https:\/\/www.nomus.com.br\/blog-industrial\/#website"},"primaryImageOfPage":{"@id":"https:\/\/www.nomus.com.br\/blog-industrial\/a-area-de-cobranca-como-centro-de-receita-desvendando-o-protesto-digital\/#primaryimage"},"image":{"@id":"https:\/\/www.nomus.com.br\/blog-industrial\/a-area-de-cobranca-como-centro-de-receita-desvendando-o-protesto-digital\/#primaryimage"},"thumbnailUrl":"https:\/\/www.nomus.com.br\/blog-industrial\/wp-content\/uploads\/2025\/08\/thumb-blog-curso-neofin.jpg","datePublished":"2025-08-21T03:01:00+00:00","dateModified":"2025-08-29T18:20:46+00:00","author":{"@id":"https:\/\/www.nomus.com.br\/blog-industrial\/#\/schema\/person\/bf545f7906b60ab197e44d8b9d0861b7"},"breadcrumb":{"@id":"https:\/\/www.nomus.com.br\/blog-industrial\/a-area-de-cobranca-como-centro-de-receita-desvendando-o-protesto-digital\/#breadcrumb"},"inLanguage":"pt-BR","potentialAction":[{"@type":"ReadAction","target":["https:\/\/www.nomus.com.br\/blog-industrial\/a-area-de-cobranca-como-centro-de-receita-desvendando-o-protesto-digital\/"]}]},{"@type":"ImageObject","inLanguage":"pt-BR","@id":"https:\/\/www.nomus.com.br\/blog-industrial\/a-area-de-cobranca-como-centro-de-receita-desvendando-o-protesto-digital\/#primaryimage","url":"https:\/\/www.nomus.com.br\/blog-industrial\/wp-content\/uploads\/2025\/08\/thumb-blog-curso-neofin.jpg","contentUrl":"https:\/\/www.nomus.com.br\/blog-industrial\/wp-content\/uploads\/2025\/08\/thumb-blog-curso-neofin.jpg","width":620,"height":405},{"@type":"BreadcrumbList","@id":"https:\/\/www.nomus.com.br\/blog-industrial\/a-area-de-cobranca-como-centro-de-receita-desvendando-o-protesto-digital\/#breadcrumb","itemListElement":[{"@type":"ListItem","position":1,"name":"Blog Industrial Nomus","item":"https:\/\/www.nomus.com.br\/blog-industrial\/"},{"@type":"ListItem","position":2,"name":"Custos e Finan\u00e7as","item":"https:\/\/www.nomus.com.br\/blog-industrial\/category\/custos-e-financas\/"},{"@type":"ListItem","position":3,"name":"A \u00c1rea de Cobran\u00e7a como Centro de Receita: Desvendando o Protesto Digital"}]},{"@type":"WebSite","@id":"https:\/\/www.nomus.com.br\/blog-industrial\/#website","url":"https:\/\/www.nomus.com.br\/blog-industrial\/","name":"Blog Industrial Nomus","description":"Artigos, planilhas, ebooks e ferramentas de engenharia de produ\u00e7\u00e3o e para aumentar o lucro da sua f\u00e1brica","potentialAction":[{"@type":"SearchAction","target":{"@type":"EntryPoint","urlTemplate":"https:\/\/www.nomus.com.br\/blog-industrial\/?s={search_term_string}"},"query-input":{"@type":"PropertyValueSpecification","valueRequired":true,"valueName":"search_term_string"}}],"inLanguage":"pt-BR"},{"@type":"Person","@id":"https:\/\/www.nomus.com.br\/blog-industrial\/#\/schema\/person\/bf545f7906b60ab197e44d8b9d0861b7","name":"Autor Convidado","image":{"@type":"ImageObject","inLanguage":"pt-BR","@id":"https:\/\/www.nomus.com.br\/blog-industrial\/#\/schema\/person\/image\/","url":"https:\/\/www.nomus.com.br\/blog-industrial\/wp-content\/uploads\/2023\/06\/cropped-logo-nomus.png","contentUrl":"https:\/\/www.nomus.com.br\/blog-industrial\/wp-content\/uploads\/2023\/06\/cropped-logo-nomus.png","caption":"Autor Convidado"},"description":"Autores convidados diversos que auxiliam o Blog da Nomus a alcan\u00e7ar assuntos ainda mais amplos da gest\u00e3o.","url":"https:\/\/www.nomus.com.br\/blog-industrial\/author\/revisornomus\/"}]}},"_links":{"self":[{"href":"https:\/\/www.nomus.com.br\/blog-industrial\/wp-json\/wp\/v2\/posts\/31553","targetHints":{"allow":["GET"]}}],"collection":[{"href":"https:\/\/www.nomus.com.br\/blog-industrial\/wp-json\/wp\/v2\/posts"}],"about":[{"href":"https:\/\/www.nomus.com.br\/blog-industrial\/wp-json\/wp\/v2\/types\/post"}],"author":[{"embeddable":true,"href":"https:\/\/www.nomus.com.br\/blog-industrial\/wp-json\/wp\/v2\/users\/22"}],"replies":[{"embeddable":true,"href":"https:\/\/www.nomus.com.br\/blog-industrial\/wp-json\/wp\/v2\/comments?post=31553"}],"version-history":[{"count":6,"href":"https:\/\/www.nomus.com.br\/blog-industrial\/wp-json\/wp\/v2\/posts\/31553\/revisions"}],"predecessor-version":[{"id":31650,"href":"https:\/\/www.nomus.com.br\/blog-industrial\/wp-json\/wp\/v2\/posts\/31553\/revisions\/31650"}],"wp:featuredmedia":[{"embeddable":true,"href":"https:\/\/www.nomus.com.br\/blog-industrial\/wp-json\/wp\/v2\/media\/31566"}],"wp:attachment":[{"href":"https:\/\/www.nomus.com.br\/blog-industrial\/wp-json\/wp\/v2\/media?parent=31553"}],"wp:term":[{"taxonomy":"category","embeddable":true,"href":"https:\/\/www.nomus.com.br\/blog-industrial\/wp-json\/wp\/v2\/categories?post=31553"},{"taxonomy":"post_tag","embeddable":true,"href":"https:\/\/www.nomus.com.br\/blog-industrial\/wp-json\/wp\/v2\/tags?post=31553"}],"curies":[{"name":"wp","href":"https:\/\/api.w.org\/{rel}","templated":true}]}}