{"id":30405,"date":"2025-06-03T00:01:00","date_gmt":"2025-06-03T03:01:00","guid":{"rendered":"https:\/\/www.nomus.com.br\/blog-industrial\/?p=30405"},"modified":"2026-04-02T10:36:08","modified_gmt":"2026-04-02T13:36:08","slug":"tempo-de-ciclo","status":"publish","type":"post","link":"https:\/\/www.nomus.com.br\/blog-industrial\/tempo-de-ciclo\/","title":{"rendered":"Tempo de ciclo: o que \u00e9 e como calcular na sua empresa"},"content":{"rendered":"\n<div class=\"text-center\"><a href=\"https:\/\/material.nomus.com.br\/ebook-kpis-para-industrias\" class=\"bannergerado\" target=\"_blank\"><img decoding=\"async\" id=\"BannerManual\" data-src=\"https:\/\/www.nomus.com.br\/blog-industrial\/wp-content\/uploads\/2023\/01\/ebook-kpi-para-industrias.jpg\" class=\"size-full bannerpadrao lazyload\" alt=\"Guia do KPI para ind\u00fastrias\" src=\"data:image\/svg+xml;base64,PHN2ZyB3aWR0aD0iMSIgaGVpZ2h0PSIxIiB4bWxucz0iaHR0cDovL3d3dy53My5vcmcvMjAwMC9zdmciPjwvc3ZnPg==\" style=\"--smush-placeholder-width: 650px; --smush-placeholder-aspect-ratio: 650\/260;\"><\/a><\/div>\n\n\n\n<p><strong>Tempo de ciclo<\/strong> \u00e9 o tempo necess\u00e1rio para a execu\u00e7\u00e3o de uma tarefa. Em uma ind\u00fastria, considera-se o que envolve a fabrica\u00e7\u00e3o de uma pe\u00e7a, incluindo prepara\u00e7\u00e3o, de carregamento, de agrega\u00e7\u00e3o de valor, de refinamento, e de descarregamento at\u00e9 onde o item deve ficar.<\/p>\n\n\n\n<p>Logo, trata-se de um <a href=\"https:\/\/www.nomus.com.br\/blog-industrial\/kpi\">KPI<\/a> extremamente importante para medir tempo e efici\u00eancia na produ\u00e7\u00e3o. \u00c9 com ela que voc\u00ea consegue planejar suas entregas, encontrar gargalos produtivos, entender momentos de substituir ou capacitar pe\u00e7as do processo etc.<\/p>\n\n\n\n<p>Conhecer o tempo de ciclo, logo, \u00e9 bem importante. Inclusive, cabe destacar que n\u00e3o \u00e9 o mesmo do que <a href=\"https:\/\/www.nomus.com.br\/blog-industrial\/takt-time\/\">takt time<\/a>, apesar de ter rela\u00e7\u00e3o com ele e com o <a href=\"https:\/\/www.nomus.com.br\/blog-industrial\/lead-time\/\">lead time<\/a>. Ficar\u00e1 mais f\u00e1cil de entender sobre tudo isso no artigo abaixo, onde eu trouxe a explica\u00e7\u00e3o detalhada do tema.<\/p>\n\n\n\n<p>Fa\u00e7a uma boa leitura!<\/p>\n\n\n\n\n\n\n<div class=\"wp-block-image\">\n<figure class=\"aligncenter size-full\"><img decoding=\"async\" width=\"620\" height=\"405\" data-src=\"https:\/\/www.nomus.com.br\/blog-industrial\/wp-content\/uploads\/2025\/05\/Tempo-de-ciclo.jpg\" alt=\"\" class=\"wp-image-30406 lazyload\" data-srcset=\"https:\/\/www.nomus.com.br\/blog-industrial\/wp-content\/uploads\/2025\/05\/Tempo-de-ciclo.jpg 620w, https:\/\/www.nomus.com.br\/blog-industrial\/wp-content\/uploads\/2025\/05\/Tempo-de-ciclo-345x225.jpg 345w, https:\/\/www.nomus.com.br\/blog-industrial\/wp-content\/uploads\/2025\/05\/Tempo-de-ciclo-150x98.jpg 150w\" data-sizes=\"(max-width: 620px) 100vw, 620px\" src=\"data:image\/svg+xml;base64,PHN2ZyB3aWR0aD0iMSIgaGVpZ2h0PSIxIiB4bWxucz0iaHR0cDovL3d3dy53My5vcmcvMjAwMC9zdmciPjwvc3ZnPg==\" style=\"--smush-placeholder-width: 620px; --smush-placeholder-aspect-ratio: 620\/405;\" \/><\/figure>\n<\/div>\n\n\n<h2 class=\"wp-block-heading\">O que \u00e9 tempo de ciclo? Por que \u00e9 importante calcular?<\/h2>\n\n\n\n<p>O tempo de ciclo se refere \u00e0 dura\u00e7\u00e3o de um processo ou de uma etapa de um <a href=\"https:\/\/www.nomus.com.br\/blog-industrial\/processo-produtivo\/\">processo produtivo<\/a>. Pode ser aplicado em v\u00e1rios segmentos, mas normalmente utiliza-se na ind\u00fastria e considera tudo que envolve a obten\u00e7\u00e3o de uma \u00fanica pe\u00e7a.<\/p>\n\n\n\n<p>Dessa forma, inclu\u00edmos todas as etapas de fabrica\u00e7\u00e3o, o que inclui prepara\u00e7\u00e3o, carregamento, processamento, agrega\u00e7\u00e3o de valor, descarregamento e transporte at\u00e9 o destino que marca o fim do processo.<\/p>\n\n\n\n<p>No caso de f\u00e1bricas que n\u00e3o conseguem processar um \u00fanico produto, mas grupos, utiliza-se o Tempo Efetivo de Ciclo de M\u00e1quina e se faz uma divis\u00e3o por item. Por exemplo, uma f\u00e1brica de queijos que esteja calculando a <a href=\"https:\/\/www.nomus.com.br\/blog-industrial\/fermentacao\/\">fermenta\u00e7\u00e3o<\/a> do leite.<\/p>\n\n\n\n<p>Se essa f\u00e1brica fermenta 5 litros por hora, mas precisa de 1 litro para cada produto (pe\u00e7a de queijo), ent\u00e3o esse processo representa 12 minutos no tempo de ciclo. Parece &#8220;contra-intuitivo&#8221;, mas isso serve para que se consiga ver a n\u00edvel de produto na hora do balanceamento para conseguir mexer no processo todo.<\/p>\n\n\n\n<p>A soma dos tempos de ciclo nos leva ao <a href=\"https:\/\/www.nomus.com.br\/blog-industrial\/lead-time\/\">lead time<\/a> quando somamos aos tempos de ciclo na gest\u00e3o e opera\u00e7\u00e3o das etapas que v\u00e3o do pedido do cliente \u00e0 entrega do produto. Ou seja, aquelas que est\u00e3o fora do processo produtivo.<\/p>\n\n\n\n<p>Conforme voc\u00ea organiza seus processos, seu layout de f\u00e1brica, etc, o tempo de ciclo jamais pode ser superior ao <a href=\"https:\/\/www.nomus.com.br\/blog-industrial\/takt-time\/\">takt time<\/a> (que \u00e9 o ritmo de produ\u00e7\u00e3o). O correto \u00e9 buscar que o tempo de ciclo fique entre 75% e 90% do takt time. Valores inferiores levam \u00e0 inefici\u00eancia e valores superiores podem levar a paradas de linha caso aconte\u00e7a algo.<\/p>\n\n\n\n<h2 class=\"wp-block-heading\">Rela\u00e7\u00e3o entre tempo de ciclo, lead time e takt time<\/h2>\n\n\n\n<p>A rela\u00e7\u00e3o entre o tempo de ciclo, lead time e takt time \u00e9 f\u00e1cil de ser compreendida quando lemos a defini\u00e7\u00e3o de cada um, pr\u00f3ximos um ao outro:<\/p>\n\n\n\n<ul class=\"wp-block-list\">\n<li><strong>Tempo de ciclo:<\/strong> dura\u00e7\u00e3o de um processo ou etapa de processo e, dentro do contexto comum, de f\u00e1brica, estamos falando de processos produtivos para a fabrica\u00e7\u00e3o de uma \u00fanica pe\u00e7a, subproduto ou produto;<\/li>\n\n\n\n<li><strong>Lead time:<\/strong> soma de todos os tempos de ciclo, incluindo da gest\u00e3o e da log\u00edstica, assim como tempos de fila, transporte e tudo que envolve desde o pedido de venda at\u00e9 a entrega ao cliente;<\/li>\n\n\n\n<li><strong>Takt time:<\/strong> ciclo de tempo realmente necess\u00e1rio para atender \u00e0 demanda de produ\u00e7\u00e3o de uma mercadoria na sua ind\u00fastria. O Takt Time \u00e9 utilizado para equilibrar a produ\u00e7\u00e3o e garantir que a f\u00e1brica atenda \u00e0 demanda sem sobrecarregar ou subutilizar seus recursos.<\/li>\n<\/ul>\n\n\n\n<figure class=\"wp-block-embed is-type-video is-provider-youtube wp-block-embed-youtube wp-embed-aspect-16-9 wp-has-aspect-ratio\"><div class=\"wp-block-embed__wrapper\">\n<iframe title=\"TEMPO TAKT, TEMPO DE CICLO E LEAD TIME\" width=\"500\" height=\"281\" data-src=\"https:\/\/www.youtube.com\/embed\/z5GQmVV-5sI?feature=oembed\" frameborder=\"0\" allow=\"accelerometer; autoplay; clipboard-write; encrypted-media; gyroscope; picture-in-picture; web-share\" referrerpolicy=\"strict-origin-when-cross-origin\" allowfullscreen src=\"data:image\/svg+xml;base64,PHN2ZyB3aWR0aD0iMSIgaGVpZ2h0PSIxIiB4bWxucz0iaHR0cDovL3d3dy53My5vcmcvMjAwMC9zdmciPjwvc3ZnPg==\" class=\"lazyload\" data-load-mode=\"1\"><\/iframe>\n<\/div><\/figure>\n\n\n\n<h2 class=\"wp-block-heading\">Como calcular o tempo de ciclo?<\/h2>\n\n\n\n<p>Calcular o tempo de ciclo \u00e9 f\u00e1cil, apesar de que pode ser trabalhoso se feito \u00e0 m\u00e3o ou com planilhas em vez de um <a href=\"https:\/\/www.nomus.com.br\/erpindustrial\">ERP Industrial<\/a>. Voc\u00ea s\u00f3 precisa cronometrar o tempo das etapas do processo e dividir pelo n\u00famero de&nbsp; pe\u00e7as produzidas naquele lote.<\/p>\n\n\n\n<p>A f\u00f3rmula \u00e9:<\/p>\n\n\n\n<p><strong>Tempo de Ciclo = Tempo de Produ\u00e7\u00e3o \/ N\u00ba de Unidades Produzidas&nbsp;<\/strong><\/p>\n\n\n\n<p>Claro, se a etapa ou o processo fabricar apenas uma unidade, voc\u00ea j\u00e1 sabe o tempo de ciclo &#8211; \u00e9 a dura\u00e7\u00e3o da tarefa em si. Cabe dizer tamb\u00e9m que algumas m\u00e1quinas j\u00e1 apresentam seu tempo de ciclo, mas \u00e9 sempre bom calcular igual, pois descompassos podem levar a altera\u00e7\u00f5es.<\/p>\n\n\n\n<p><strong>Importante: <\/strong>etapas como o transporte da mat\u00e9ria-prima at\u00e9 o setor ou o envio do produto ao estoque podem ou n\u00e3o entrar nesse c\u00e1lculo, depende da forma como a empresa define seu tempo de ciclo. Em defini\u00e7\u00f5es mais enxutas e t\u00e9cnicas, esses deslocamentos s\u00e3o considerados parte do lead time, e n\u00e3o do tempo de ciclo.<\/p>\n\n\n\n<h2 class=\"wp-block-heading\">Como fazer an\u00e1lise de tempo de ciclo<\/h2>\n\n\n\n<p>Calcular o tempo de ciclo \u00e9 saber o valor do mesmo, diferente de uma opera\u00e7\u00e3o de an\u00e1lise, que \u00e9 outra etapa de um <a href=\"https:\/\/www.nomus.com.br\/blog-industrial\/podc\/\">PODC<\/a>. Planejar, organizar, dirigir e controlar. Quando queremos analisar, pegamos esses n\u00fameros para identificar gargalos e oportunidades de melhoria.<\/p>\n\n\n\n<p>Conhecendo seus tempos de ciclo, a primeira coisa a se fazer \u00e9 bater os valores com o <a href=\"https:\/\/www.nomus.com.br\/blog-industrial\/ppcp\/\">planejamento<\/a> que voc\u00ea tinha para eles. Se houver descompasso, cabe investigar se o problema foram nos planos ou na execu\u00e7\u00e3o.<\/p>\n\n\n\n<p>O segundo passo \u00e9 comparar ao takt time. O ciclo deve estar dentro do ritmo planejado. O \u00edndice chave de desempenho deve fechar entre 75% e 90%. Se o tempo do ciclo estiver abaixo disso em compara\u00e7\u00e3o ao takt, voc\u00ea est\u00e1 ineficiente, acima, corre o risco de paradas.<\/p>\n\n\n\n<p>Depois, \u00e9 importante comparar ao que se sabe do benchmarking. Se voc\u00ea est\u00e1 longe ou dentro do padr\u00e3o do mercado. \u00c9 assim que se encontra oportunidades de diferenciais tamb\u00e9m em ritmo de produ\u00e7\u00e3o.<\/p>\n\n\n\n<p>Por fim, com todas essas informa\u00e7\u00f5es, vamos olhar para dentro da f\u00e1brica. Mesmo com valores dentro do esperado no tempo de ciclo, uma an\u00e1lise pr\u00f3xima, gastando sola de sapato com os operadores, permitir\u00e1 conferir in loco formas de melhorar seus tempos de produ\u00e7\u00e3o.<\/p>\n\n\n\n<h2 class=\"wp-block-heading\">5 Dicas de como reduzir o tempo de ciclo da sua empresa<\/h2>\n\n\n\n<p>Estas 5 dicas s\u00e3o r\u00e1pidas, pr\u00e1ticas e de alta aplicabilidade na sua empresa:<\/p>\n\n\n\n<ul class=\"wp-block-list\">\n<li><strong>Mapeamento dos processos produtivos: <\/strong>\u00e9 assim que voc\u00ea identifica gargalos e lacunas que precisem ser resolvidas. Quando se pensa em tempo de ciclo e em <a href=\"https:\/\/www.nomus.com.br\/blog-industrial\/cadeia-de-valor\/\">cadeia de valor<\/a>, essa etapa (mapeamento) \u00e9 essencial. Com o mapa, voc\u00ea consegue perceber coisas como processos que n\u00e3o est\u00e3o padronizados (<a href=\"https:\/\/www.nomus.com.br\/blog-industrial\/mapeamento-de-processos\/\">aprenda a fazer o mapeamento de processos)<\/a>;<\/li>\n\n\n\n<li><strong>Padroniza\u00e7\u00e3o dos processos: <\/strong>\u00e9 essencial padronizar processos para identificar oportunidades de melhoria cont\u00ednua;<\/li>\n\n\n\n<li><strong>Treinamento de equipe: <\/strong>sempre h\u00e1 colaboradores com desvios no trabalho, ent\u00e3o \u00e9 necess\u00e1rio manter todos capacitados, principalmente quando se mudam as opera\u00e7\u00f5es, seja por mudan\u00e7as no layout, inova\u00e7\u00f5es ou outras raz\u00f5es;<\/li>\n\n\n\n<li><strong>Automa\u00e7\u00e3o dos processos: <\/strong>usar tecnologia para colocar seu mapa em a\u00e7\u00e3o \u00e9 importante para alcan\u00e7ar a maior efici\u00eancia poss\u00edvel, at\u00e9 para identificar os gargalos (um <a href=\"https:\/\/www.nomus.com.br\/blog-industrial\/erp\/\">ERP<\/a> industrial \u00e9 o ideal para essa automa\u00e7\u00e3o);<\/li>\n\n\n\n<li><strong>Plano de manuten\u00e7\u00e3o: <\/strong>ter planejamento para manuten\u00e7\u00f5es preventivas e preditivas \u00e9 o ideal para reduzir ou eliminar paradas e desperd\u00edcios.<\/li>\n<\/ul>\n\n\n\n<p>Por fim, todas essas dicas podem ser encontradas dentro da filosofia <a href=\"https:\/\/www.nomus.com.br\/blog-industrial\/kaizen\/\">Kaizen<\/a>: a ideia de investir sempre em melhoria cont\u00ednua.<\/p>\n\n\n\n<p>Veja tamb\u00e9m: <a href=\"https:\/\/www.nomus.com.br\/blog-industrial\/calendario-de-plano-de-manutencao\/\">Calend\u00e1rio de Plano de Manuten\u00e7\u00e3o [Modelo]<\/a><\/p>\n\n\n\n<h2 class=\"wp-block-heading\">Como controlar o tempo de ciclo de forma integrada ao resto da empresa<\/h2>\n\n\n\n<p>Voc\u00ea consegue controlar todos os tempos de ciclo da sua ind\u00fastria a partir de apenas uma tela. E esse painel estar\u00e1 integrado com o takt time, lead time, e todos os processos de produ\u00e7\u00e3o, gest\u00e3o, log\u00edstica e com\u00e9rcio. Ainda, todos os dados aparecem em tempo real &#8211; voc\u00ea sabe exatamente o que est\u00e1 acontecendo no <a href=\"https:\/\/www.nomus.com.br\/blog-industrial\/chao-de-fabrica\/\">ch\u00e3o de f\u00e1brica<\/a>.<\/p>\n\n\n\n<p>A forma de obter esse controle todo est\u00e1 no Nomus ERP Industrial, um sistema de <a href=\"https:\/\/www.nomus.com.br\/blog-industrial\/gestao-integrada\/\">gest\u00e3o integrada<\/a> desenvolvida para atender todas as necessidades de uma f\u00e1brica. Conectado com m\u00e1quinas, ch\u00e3o de f\u00e1brica, gestores e colaboradores no geral, sua administra\u00e7\u00e3o chega em outra escala.<\/p>\n\n\n\n<p>Por exemplo, veja como \u00e9 f\u00e1cil fazer o reporte de produ\u00e7\u00e3o de um produto:<\/p>\n\n\n\n<figure class=\"wp-block-embed is-type-video is-provider-youtube wp-block-embed-youtube wp-embed-aspect-16-9 wp-has-aspect-ratio\"><div class=\"wp-block-embed__wrapper\">\n<iframe title=\"(Guia r\u00e1pido) Reporte da produ\u00e7\u00e3o\" width=\"500\" height=\"281\" data-src=\"https:\/\/www.youtube.com\/embed\/zJJfsKdkgCM?feature=oembed\" frameborder=\"0\" allow=\"accelerometer; autoplay; clipboard-write; encrypted-media; gyroscope; picture-in-picture; web-share\" referrerpolicy=\"strict-origin-when-cross-origin\" allowfullscreen src=\"data:image\/svg+xml;base64,PHN2ZyB3aWR0aD0iMSIgaGVpZ2h0PSIxIiB4bWxucz0iaHR0cDovL3d3dy53My5vcmcvMjAwMC9zdmciPjwvc3ZnPg==\" class=\"lazyload\" data-load-mode=\"1\"><\/iframe>\n<\/div><\/figure>\n\n\n\n<p>Assista \u00e0 demonstra\u00e7\u00e3o gr\u00e1tis do Nomus ERP Industrial:<\/p>\n\n\n\n<div class=\"wp-block-image\"><figure class=\"aligncenter size-full\"><a href=\"https:\/\/material.nomus.com.br\/apresentacao-erp-industrial-nomus\" target=\"_blank\" rel=\"noreferrer noopener\"><img loading=\"lazy\" decoding=\"async\" width=\"620\" height=\"405\" data-src=\"https:\/\/www.nomus.com.br\/blog-industrial\/wp-content\/uploads\/2024\/06\/banner-sistema2-erp-para-industria.jpg\" alt=\"\" class=\"wp-image-19282 ls-is-cached lazyloaded\" src=\"https:\/\/www.nomus.com.br\/blog-industrial\/wp-content\/uploads\/2024\/06\/banner-sistema2-erp-para-industria.jpg\" style=\"--smush-placeholder-width: 620px; --smush-placeholder-aspect-ratio: 620\/405;\"><noscript><img loading=\"lazy\" decoding=\"async\" width=\"620\" height=\"405\" src=\"https:\/\/www.nomus.com.br\/blog-industrial\/wp-content\/uploads\/2024\/06\/banner-sistema2-erp-para-industria.jpg\" alt=\"\" class=\"wp-image-19282\"\/><\/noscript><\/a><\/figure><\/div><hr class=\"wp-block-separator has-alpha-channel-opacity\"><div class=\"wp-block-buttons is-content-justification-center is-layout-flex wp-container-core-buttons-is-layout-2 wp-block-buttons-is-layout-flex\"><div class=\"wp-block-button\"><a class=\"wp-block-button__link has-vivid-cyan-blue-background-color has-background wp-element-button\" href=\"https:\/\/material.nomus.com.br\/apresentacao-erp-industrial-nomus\" target=\"_blank\" rel=\"noreferrer noopener\">Veja uma demonstra\u00e7\u00e3o do Nomus ERP Industrial<\/a><\/div><\/div><hr class=\"wp-block-separator has-alpha-channel-opacity\">\n\n\n\n<h2 class=\"wp-block-heading\">Saiba mais sobre produtividade industrial<\/h2>\n\n\n\n<p>Tempo de ciclo, takt time, lead time, <a href=\"https:\/\/www.nomus.com.br\/blog-industrial\/lean\/\">lean<\/a> e outros s\u00e3o termos absurdamente importantes para quem quer estudar como melhorar a <a href=\"https:\/\/www.nomus.com.br\/blog-industrial\/capacidade-produtiva\/\">capacidade produtiva<\/a> da empresa. Por isso, acessar boas fontes de informa\u00e7\u00e3o \u00e9 essencial para os resultados da sua manufatura.<\/p>\n\n\n\n<p>Neste blog, eu, meus colegas e convidados, publicamos recorrentemente artigos sobre diferentes assuntos ligados \u00e0 gest\u00e3o fabril. S\u00e3o mat\u00e9rias que abordam produ\u00e7\u00e3o, manuten\u00e7\u00e3o, contabilidade, comercial, marketing, entre outros.<\/p>\n\n\n\n<p>Por isso, <a href=\"https:\/\/material.nomus.com.br\/inscricao-blog-industrial\">inscreva-se no blog<\/a> para receber notifica\u00e7\u00f5es sempre que um novo artigo for ao ar e, tamb\u00e9m, confira nossas redes sociais:<\/p>\n\n\n\n<ul class=\"wp-block-list\">\n<li><a href=\"https:\/\/www.youtube.com\/@NomusIndustrial\">Canal do Youtube<\/a><\/li>\n\n\n\n<li><a href=\"https:\/\/www.linkedin.com\/company\/nomus\">Linkedin<\/a><\/li>\n\n\n\n<li><a href=\"https:\/\/material.nomus.com.br\/inscricao-blog-industrial\">Inscreva-se no Blog Industrial<\/a><\/li>\n\n\n\n<li><a href=\"https:\/\/www.instagram.com\/nomusindustrial\/\">Instagram<\/a><\/li>\n\n\n\n<li><a href=\"https:\/\/www.nomus.com.br\/podcast\/\">Podcast Nomus<\/a><\/li>\n<\/ul>\n\n\n\n<div class=\"text-center\"><a href=\"http:\/\/material.nomus.com.br\/ebook-programacao-producao-guia\" target=\"_blank\" class=\"bannergerado\"><img decoding=\"async\" id=\"BannerManual\" data-src=\"https:\/\/www.nomus.com.br\/blog-industrial\/wp-content\/uploads\/2019\/04\/banner-programacao-da-producao.jpg\" alt=\"Programa\u00e7\u00e3o da produ\u00e7\u00e3o\" class=\"size-full bannerpadrao lazyload\" src=\"data:image\/svg+xml;base64,PHN2ZyB3aWR0aD0iMSIgaGVpZ2h0PSIxIiB4bWxucz0iaHR0cDovL3d3dy53My5vcmcvMjAwMC9zdmciPjwvc3ZnPg==\" style=\"--smush-placeholder-width: 650px; --smush-placeholder-aspect-ratio: 650\/260;\"><\/a><\/div>\n","protected":false},"excerpt":{"rendered":"<p>Tempo de ciclo \u00e9 o tempo necess\u00e1rio para a execu\u00e7\u00e3o de uma tarefa. Em uma ind\u00fastria, considera-se o que envolve a fabrica\u00e7\u00e3o de uma pe\u00e7a, incluindo prepara\u00e7\u00e3o, de carregamento, de agrega\u00e7\u00e3o de valor, de refinamento, e de descarregamento at\u00e9 onde o item deve ficar. Logo, trata-se de um KPI extremamente importante para medir tempo e [&hellip;]<\/p>\n","protected":false},"author":65,"featured_media":30406,"comment_status":"open","ping_status":"open","sticky":false,"template":"","format":"standard","meta":{"_acf_changed":false,"footnotes":""},"categories":[5],"tags":[48,49],"class_list":["post-30405","post","type-post","status-publish","format-standard","has-post-thumbnail","hentry","category-producao","tag-artigo","tag-video"],"acf":[],"yoast_head":"\n<title>Tempo de ciclo: o que \u00e9 e como calcular na sua empresa<\/title>\n<meta name=\"description\" content=\"Descubra o que \u00e9 tempo de ciclo, como calcular corretamente, impactos na produ\u00e7\u00e3o e sua rela\u00e7\u00e3o com takt time e lead time.\" \/>\n<meta name=\"robots\" content=\"index, follow, max-snippet:-1, max-image-preview:large, max-video-preview:-1\" \/>\n<link rel=\"canonical\" href=\"https:\/\/www.nomus.com.br\/blog-industrial\/tempo-de-ciclo\/\" \/>\n<meta property=\"og:locale\" content=\"pt_BR\" \/>\n<meta property=\"og:type\" content=\"article\" \/>\n<meta property=\"og:title\" content=\"Tempo de ciclo: o que \u00e9 e como calcular na sua empresa\" \/>\n<meta property=\"og:description\" content=\"Descubra o que \u00e9 tempo de ciclo, como calcular corretamente, impactos na produ\u00e7\u00e3o e sua rela\u00e7\u00e3o com takt time e lead time.\" \/>\n<meta property=\"og:url\" content=\"https:\/\/www.nomus.com.br\/blog-industrial\/tempo-de-ciclo\/\" \/>\n<meta property=\"og:site_name\" content=\"Blog Industrial Nomus\" \/>\n<meta property=\"article:publisher\" content=\"https:\/\/www.facebook.com\/nomussoftwares\" \/>\n<meta property=\"article:published_time\" content=\"2025-06-03T03:01:00+00:00\" \/>\n<meta property=\"article:modified_time\" content=\"2026-04-02T13:36:08+00:00\" \/>\n<meta property=\"og:image\" content=\"https:\/\/www.nomus.com.br\/blog-industrial\/wp-content\/uploads\/2025\/05\/Tempo-de-ciclo.jpg\" \/>\n\t<meta property=\"og:image:width\" content=\"620\" \/>\n\t<meta property=\"og:image:height\" content=\"405\" \/>\n\t<meta property=\"og:image:type\" content=\"image\/jpeg\" \/>\n<meta name=\"author\" content=\"Jo\u00e3o Pedro\" \/>\n<meta name=\"twitter:card\" content=\"summary_large_image\" \/>\n<meta name=\"twitter:creator\" content=\"@nomusindustrial\" \/>\n<meta name=\"twitter:site\" content=\"@nomusindustrial\" \/>\n<meta name=\"twitter:label1\" content=\"Escrito por\" \/>\n\t<meta name=\"twitter:data1\" content=\"Jo\u00e3o Pedro\" \/>\n\t<meta name=\"twitter:label2\" content=\"Est. tempo de leitura\" \/>\n\t<meta name=\"twitter:data2\" content=\"9 minutos\" \/>\n<script type=\"application\/ld+json\" class=\"yoast-schema-graph\">{\"@context\":\"https:\/\/schema.org\",\"@graph\":[{\"@type\":\"Article\",\"@id\":\"https:\/\/www.nomus.com.br\/blog-industrial\/tempo-de-ciclo\/#article\",\"isPartOf\":{\"@id\":\"https:\/\/www.nomus.com.br\/blog-industrial\/tempo-de-ciclo\/\"},\"author\":{\"name\":\"Jo\u00e3o Pedro\",\"@id\":\"https:\/\/www.nomus.com.br\/blog-industrial\/#\/schema\/person\/a7c9d92c57f9e33398d1080e16c1b4e4\"},\"headline\":\"Tempo de ciclo: o que \u00e9 e como calcular na sua empresa\",\"datePublished\":\"2025-06-03T03:01:00+00:00\",\"dateModified\":\"2026-04-02T13:36:08+00:00\",\"mainEntityOfPage\":{\"@id\":\"https:\/\/www.nomus.com.br\/blog-industrial\/tempo-de-ciclo\/\"},\"wordCount\":1515,\"commentCount\":0,\"image\":{\"@id\":\"https:\/\/www.nomus.com.br\/blog-industrial\/tempo-de-ciclo\/#primaryimage\"},\"thumbnailUrl\":\"https:\/\/www.nomus.com.br\/blog-industrial\/wp-content\/uploads\/2025\/05\/Tempo-de-ciclo.jpg\",\"keywords\":[\"artigo\",\"video\"],\"articleSection\":[\"Produ\u00e7\u00e3o\"],\"inLanguage\":\"pt-BR\",\"potentialAction\":[{\"@type\":\"CommentAction\",\"name\":\"Comment\",\"target\":[\"https:\/\/www.nomus.com.br\/blog-industrial\/tempo-de-ciclo\/#respond\"]}]},{\"@type\":\"WebPage\",\"@id\":\"https:\/\/www.nomus.com.br\/blog-industrial\/tempo-de-ciclo\/\",\"url\":\"https:\/\/www.nomus.com.br\/blog-industrial\/tempo-de-ciclo\/\",\"name\":\"Tempo de ciclo: o que \u00e9 e como calcular na sua empresa\",\"isPartOf\":{\"@id\":\"https:\/\/www.nomus.com.br\/blog-industrial\/#website\"},\"primaryImageOfPage\":{\"@id\":\"https:\/\/www.nomus.com.br\/blog-industrial\/tempo-de-ciclo\/#primaryimage\"},\"image\":{\"@id\":\"https:\/\/www.nomus.com.br\/blog-industrial\/tempo-de-ciclo\/#primaryimage\"},\"thumbnailUrl\":\"https:\/\/www.nomus.com.br\/blog-industrial\/wp-content\/uploads\/2025\/05\/Tempo-de-ciclo.jpg\",\"datePublished\":\"2025-06-03T03:01:00+00:00\",\"dateModified\":\"2026-04-02T13:36:08+00:00\",\"author\":{\"@id\":\"https:\/\/www.nomus.com.br\/blog-industrial\/#\/schema\/person\/a7c9d92c57f9e33398d1080e16c1b4e4\"},\"description\":\"Descubra o que \u00e9 tempo de ciclo, como calcular corretamente, impactos na produ\u00e7\u00e3o e sua rela\u00e7\u00e3o com takt time e lead time.\",\"breadcrumb\":{\"@id\":\"https:\/\/www.nomus.com.br\/blog-industrial\/tempo-de-ciclo\/#breadcrumb\"},\"inLanguage\":\"pt-BR\",\"potentialAction\":[{\"@type\":\"ReadAction\",\"target\":[\"https:\/\/www.nomus.com.br\/blog-industrial\/tempo-de-ciclo\/\"]}]},{\"@type\":\"ImageObject\",\"inLanguage\":\"pt-BR\",\"@id\":\"https:\/\/www.nomus.com.br\/blog-industrial\/tempo-de-ciclo\/#primaryimage\",\"url\":\"https:\/\/www.nomus.com.br\/blog-industrial\/wp-content\/uploads\/2025\/05\/Tempo-de-ciclo.jpg\",\"contentUrl\":\"https:\/\/www.nomus.com.br\/blog-industrial\/wp-content\/uploads\/2025\/05\/Tempo-de-ciclo.jpg\",\"width\":620,\"height\":405,\"caption\":\"Tempo de ciclo: o que \u00e9 e como calcular na sua empresa\"},{\"@type\":\"BreadcrumbList\",\"@id\":\"https:\/\/www.nomus.com.br\/blog-industrial\/tempo-de-ciclo\/#breadcrumb\",\"itemListElement\":[{\"@type\":\"ListItem\",\"position\":1,\"name\":\"Blog Industrial Nomus\",\"item\":\"https:\/\/www.nomus.com.br\/blog-industrial\/\"},{\"@type\":\"ListItem\",\"position\":2,\"name\":\"Produ\u00e7\u00e3o\",\"item\":\"https:\/\/www.nomus.com.br\/blog-industrial\/category\/producao\/\"},{\"@type\":\"ListItem\",\"position\":3,\"name\":\"Tempo de ciclo: o que \u00e9 e como calcular na sua empresa\"}]},{\"@type\":\"WebSite\",\"@id\":\"https:\/\/www.nomus.com.br\/blog-industrial\/#website\",\"url\":\"https:\/\/www.nomus.com.br\/blog-industrial\/\",\"name\":\"Blog Industrial Nomus\",\"description\":\"Artigos, planilhas, ebooks e ferramentas de engenharia de produ\u00e7\u00e3o e para aumentar o lucro da sua f\u00e1brica\",\"potentialAction\":[{\"@type\":\"SearchAction\",\"target\":{\"@type\":\"EntryPoint\",\"urlTemplate\":\"https:\/\/www.nomus.com.br\/blog-industrial\/?s={search_term_string}\"},\"query-input\":{\"@type\":\"PropertyValueSpecification\",\"valueRequired\":true,\"valueName\":\"search_term_string\"}}],\"inLanguage\":\"pt-BR\"},{\"@type\":\"Person\",\"@id\":\"https:\/\/www.nomus.com.br\/blog-industrial\/#\/schema\/person\/a7c9d92c57f9e33398d1080e16c1b4e4\",\"name\":\"Jo\u00e3o Pedro\",\"image\":{\"@type\":\"ImageObject\",\"inLanguage\":\"pt-BR\",\"@id\":\"https:\/\/www.nomus.com.br\/blog-industrial\/#\/schema\/person\/image\/\",\"url\":\"https:\/\/www.nomus.com.br\/blog-industrial\/wp-content\/uploads\/2025\/04\/T015FBQU002-U05GFE64LKT-8ada946a3f23-512-96x96.png\",\"contentUrl\":\"https:\/\/www.nomus.com.br\/blog-industrial\/wp-content\/uploads\/2025\/04\/T015FBQU002-U05GFE64LKT-8ada946a3f23-512-96x96.png\",\"caption\":\"Jo\u00e3o Pedro\"},\"description\":\"Redator Industrial e Copywriter. Bacharel em Tradu\u00e7\u00e3o do Ingl\u00eas pela UFRGS. 10+ anos de reda\u00e7\u00e3o, storytelling, tradu\u00e7\u00e3o e cria\u00e7\u00e3o de nomes de empresas.\",\"url\":\"https:\/\/www.nomus.com.br\/blog-industrial\/author\/joaopedro\/\"}]}<\/script>\n","yoast_head_json":{"title":"Tempo de ciclo: o que \u00e9 e como calcular na sua empresa","description":"Descubra o que \u00e9 tempo de ciclo, como calcular corretamente, impactos na produ\u00e7\u00e3o e sua rela\u00e7\u00e3o com takt time e lead time.","robots":{"index":"index","follow":"follow","max-snippet":"max-snippet:-1","max-image-preview":"max-image-preview:large","max-video-preview":"max-video-preview:-1"},"canonical":"https:\/\/www.nomus.com.br\/blog-industrial\/tempo-de-ciclo\/","og_locale":"pt_BR","og_type":"article","og_title":"Tempo de ciclo: o que \u00e9 e como calcular na sua empresa","og_description":"Descubra o que \u00e9 tempo de ciclo, como calcular corretamente, impactos na produ\u00e7\u00e3o e sua rela\u00e7\u00e3o com takt time e lead time.","og_url":"https:\/\/www.nomus.com.br\/blog-industrial\/tempo-de-ciclo\/","og_site_name":"Blog Industrial Nomus","article_publisher":"https:\/\/www.facebook.com\/nomussoftwares","article_published_time":"2025-06-03T03:01:00+00:00","article_modified_time":"2026-04-02T13:36:08+00:00","og_image":[{"width":620,"height":405,"url":"https:\/\/www.nomus.com.br\/blog-industrial\/wp-content\/uploads\/2025\/05\/Tempo-de-ciclo.jpg","type":"image\/jpeg"}],"author":"Jo\u00e3o Pedro","twitter_card":"summary_large_image","twitter_creator":"@nomusindustrial","twitter_site":"@nomusindustrial","twitter_misc":{"Escrito por":"Jo\u00e3o Pedro","Est. tempo de leitura":"9 minutos"},"schema":{"@context":"https:\/\/schema.org","@graph":[{"@type":"Article","@id":"https:\/\/www.nomus.com.br\/blog-industrial\/tempo-de-ciclo\/#article","isPartOf":{"@id":"https:\/\/www.nomus.com.br\/blog-industrial\/tempo-de-ciclo\/"},"author":{"name":"Jo\u00e3o Pedro","@id":"https:\/\/www.nomus.com.br\/blog-industrial\/#\/schema\/person\/a7c9d92c57f9e33398d1080e16c1b4e4"},"headline":"Tempo de ciclo: o que \u00e9 e como calcular na sua empresa","datePublished":"2025-06-03T03:01:00+00:00","dateModified":"2026-04-02T13:36:08+00:00","mainEntityOfPage":{"@id":"https:\/\/www.nomus.com.br\/blog-industrial\/tempo-de-ciclo\/"},"wordCount":1515,"commentCount":0,"image":{"@id":"https:\/\/www.nomus.com.br\/blog-industrial\/tempo-de-ciclo\/#primaryimage"},"thumbnailUrl":"https:\/\/www.nomus.com.br\/blog-industrial\/wp-content\/uploads\/2025\/05\/Tempo-de-ciclo.jpg","keywords":["artigo","video"],"articleSection":["Produ\u00e7\u00e3o"],"inLanguage":"pt-BR","potentialAction":[{"@type":"CommentAction","name":"Comment","target":["https:\/\/www.nomus.com.br\/blog-industrial\/tempo-de-ciclo\/#respond"]}]},{"@type":"WebPage","@id":"https:\/\/www.nomus.com.br\/blog-industrial\/tempo-de-ciclo\/","url":"https:\/\/www.nomus.com.br\/blog-industrial\/tempo-de-ciclo\/","name":"Tempo de ciclo: o que \u00e9 e como calcular na sua empresa","isPartOf":{"@id":"https:\/\/www.nomus.com.br\/blog-industrial\/#website"},"primaryImageOfPage":{"@id":"https:\/\/www.nomus.com.br\/blog-industrial\/tempo-de-ciclo\/#primaryimage"},"image":{"@id":"https:\/\/www.nomus.com.br\/blog-industrial\/tempo-de-ciclo\/#primaryimage"},"thumbnailUrl":"https:\/\/www.nomus.com.br\/blog-industrial\/wp-content\/uploads\/2025\/05\/Tempo-de-ciclo.jpg","datePublished":"2025-06-03T03:01:00+00:00","dateModified":"2026-04-02T13:36:08+00:00","author":{"@id":"https:\/\/www.nomus.com.br\/blog-industrial\/#\/schema\/person\/a7c9d92c57f9e33398d1080e16c1b4e4"},"description":"Descubra o que \u00e9 tempo de ciclo, como calcular corretamente, impactos na produ\u00e7\u00e3o e sua rela\u00e7\u00e3o com takt time e lead time.","breadcrumb":{"@id":"https:\/\/www.nomus.com.br\/blog-industrial\/tempo-de-ciclo\/#breadcrumb"},"inLanguage":"pt-BR","potentialAction":[{"@type":"ReadAction","target":["https:\/\/www.nomus.com.br\/blog-industrial\/tempo-de-ciclo\/"]}]},{"@type":"ImageObject","inLanguage":"pt-BR","@id":"https:\/\/www.nomus.com.br\/blog-industrial\/tempo-de-ciclo\/#primaryimage","url":"https:\/\/www.nomus.com.br\/blog-industrial\/wp-content\/uploads\/2025\/05\/Tempo-de-ciclo.jpg","contentUrl":"https:\/\/www.nomus.com.br\/blog-industrial\/wp-content\/uploads\/2025\/05\/Tempo-de-ciclo.jpg","width":620,"height":405,"caption":"Tempo de ciclo: o que \u00e9 e como calcular na sua empresa"},{"@type":"BreadcrumbList","@id":"https:\/\/www.nomus.com.br\/blog-industrial\/tempo-de-ciclo\/#breadcrumb","itemListElement":[{"@type":"ListItem","position":1,"name":"Blog Industrial Nomus","item":"https:\/\/www.nomus.com.br\/blog-industrial\/"},{"@type":"ListItem","position":2,"name":"Produ\u00e7\u00e3o","item":"https:\/\/www.nomus.com.br\/blog-industrial\/category\/producao\/"},{"@type":"ListItem","position":3,"name":"Tempo de ciclo: o que \u00e9 e como calcular na sua empresa"}]},{"@type":"WebSite","@id":"https:\/\/www.nomus.com.br\/blog-industrial\/#website","url":"https:\/\/www.nomus.com.br\/blog-industrial\/","name":"Blog Industrial Nomus","description":"Artigos, planilhas, ebooks e ferramentas de engenharia de produ\u00e7\u00e3o e para aumentar o lucro da sua f\u00e1brica","potentialAction":[{"@type":"SearchAction","target":{"@type":"EntryPoint","urlTemplate":"https:\/\/www.nomus.com.br\/blog-industrial\/?s={search_term_string}"},"query-input":{"@type":"PropertyValueSpecification","valueRequired":true,"valueName":"search_term_string"}}],"inLanguage":"pt-BR"},{"@type":"Person","@id":"https:\/\/www.nomus.com.br\/blog-industrial\/#\/schema\/person\/a7c9d92c57f9e33398d1080e16c1b4e4","name":"Jo\u00e3o Pedro","image":{"@type":"ImageObject","inLanguage":"pt-BR","@id":"https:\/\/www.nomus.com.br\/blog-industrial\/#\/schema\/person\/image\/","url":"https:\/\/www.nomus.com.br\/blog-industrial\/wp-content\/uploads\/2025\/04\/T015FBQU002-U05GFE64LKT-8ada946a3f23-512-96x96.png","contentUrl":"https:\/\/www.nomus.com.br\/blog-industrial\/wp-content\/uploads\/2025\/04\/T015FBQU002-U05GFE64LKT-8ada946a3f23-512-96x96.png","caption":"Jo\u00e3o Pedro"},"description":"Redator Industrial e Copywriter. Bacharel em Tradu\u00e7\u00e3o do Ingl\u00eas pela UFRGS. 10+ anos de reda\u00e7\u00e3o, storytelling, tradu\u00e7\u00e3o e cria\u00e7\u00e3o de nomes de empresas.","url":"https:\/\/www.nomus.com.br\/blog-industrial\/author\/joaopedro\/"}]}},"_links":{"self":[{"href":"https:\/\/www.nomus.com.br\/blog-industrial\/wp-json\/wp\/v2\/posts\/30405","targetHints":{"allow":["GET"]}}],"collection":[{"href":"https:\/\/www.nomus.com.br\/blog-industrial\/wp-json\/wp\/v2\/posts"}],"about":[{"href":"https:\/\/www.nomus.com.br\/blog-industrial\/wp-json\/wp\/v2\/types\/post"}],"author":[{"embeddable":true,"href":"https:\/\/www.nomus.com.br\/blog-industrial\/wp-json\/wp\/v2\/users\/65"}],"replies":[{"embeddable":true,"href":"https:\/\/www.nomus.com.br\/blog-industrial\/wp-json\/wp\/v2\/comments?post=30405"}],"version-history":[{"count":12,"href":"https:\/\/www.nomus.com.br\/blog-industrial\/wp-json\/wp\/v2\/posts\/30405\/revisions"}],"predecessor-version":[{"id":33726,"href":"https:\/\/www.nomus.com.br\/blog-industrial\/wp-json\/wp\/v2\/posts\/30405\/revisions\/33726"}],"wp:featuredmedia":[{"embeddable":true,"href":"https:\/\/www.nomus.com.br\/blog-industrial\/wp-json\/wp\/v2\/media\/30406"}],"wp:attachment":[{"href":"https:\/\/www.nomus.com.br\/blog-industrial\/wp-json\/wp\/v2\/media?parent=30405"}],"wp:term":[{"taxonomy":"category","embeddable":true,"href":"https:\/\/www.nomus.com.br\/blog-industrial\/wp-json\/wp\/v2\/categories?post=30405"},{"taxonomy":"post_tag","embeddable":true,"href":"https:\/\/www.nomus.com.br\/blog-industrial\/wp-json\/wp\/v2\/tags?post=30405"}],"curies":[{"name":"wp","href":"https:\/\/api.w.org\/{rel}","templated":true}]}}