{"id":2882,"date":"2016-03-10T11:36:17","date_gmt":"2016-03-10T11:36:17","guid":{"rendered":"http:\/\/www.nomus.com.br\/blog-industrial\/?p=2882"},"modified":"2021-06-25T13:04:39","modified_gmt":"2021-06-25T16:04:39","slug":"como-gerar-um-bom-relatorio-de-analise-de-utilizacao-de-capacidade","status":"publish","type":"post","link":"https:\/\/www.nomus.com.br\/blog-industrial\/como-gerar-um-bom-relatorio-de-analise-de-utilizacao-de-capacidade\/","title":{"rendered":"Como gerar um bom relat\u00f3rio de an\u00e1lise de utiliza\u00e7\u00e3o de capacidade"},"content":{"rendered":"<div class=\"text-center\"><a href=\"http:\/\/material.nomus.com.br\/o-que-e-seis-sigma\" target=\"_blank\" class=\"bannergerado\"><img decoding=\"async\" id=\"BannerManual\" data-src=\"https:\/\/www.nomus.com.br\/blog-industrial\/wp-content\/uploads\/2023\/09\/como-funciona-seis-sigma2.jpg\" border=\"0\" alt=\"Seis Sigma\" class=\"size-full bannerpadrao lazyload\" src=\"data:image\/svg+xml;base64,PHN2ZyB3aWR0aD0iMSIgaGVpZ2h0PSIxIiB4bWxucz0iaHR0cDovL3d3dy53My5vcmcvMjAwMC9zdmciPjwvc3ZnPg==\" style=\"--smush-placeholder-width: 650px; --smush-placeholder-aspect-ratio: 650\/260;\" \/><\/a><\/div>\n\n\n\n<p><span style=\"font-weight: 400;\">Para todas as empresas que buscam os servi\u00e7os da Nomus com o intuito de controlar o seu <a href=\"https:\/\/www.nomus.com.br\/blog-industrial\/chao-de-fabrica\/\">ch\u00e3o de f\u00e1brica<\/a>, um relat\u00f3rio que demonstre a <\/span><b>utiliza\u00e7\u00e3o da <a href=\"https:\/\/www.nomus.com.br\/blog-industrial\/capacidade-produtiva\/\">capacidade produtiva<\/a> da sua f\u00e1brica<\/b><span style=\"font-weight: 400;\"> \u00e9 um pedido quase que&nbsp;un\u00e2nime. <\/span><\/p>\n\n\n\n<p><span style=\"font-weight: 400;\">Analisado por m\u00e1quina ou por centro de trabalho,<\/span><b> a informa\u00e7\u00e3o de quanto tempo produtivo foi consumido em rela\u00e7\u00e3o \u00e0 capacidade dispon\u00edvel \u00e9 uma das informa\u00e7\u00f5es mais poderosas que um gestor industrial pode ter<\/b><span style=\"font-weight: 400;\">. <\/span><\/p>\n\n\n\n<p><span style=\"font-weight: 400;\">Com tal informa\u00e7\u00e3o, a empresa pode alocar melhor seus recursos, identificando os que s\u00e3o ociosos, gargalos e at\u00e9 mesmo extrair dados de quais s\u00e3o as principais causas de parada de m\u00e1quina e agir preventivamente sobre eles.<\/span><\/p>\n\n\n\n<p><span style=\"font-weight: 400;\">Para auxiliar empresas que buscam obter tais controles em sua ind\u00fastria, eu apresento neste artigo&nbsp;alguns passos que ser\u00e3o de grande valia se aplicados corretamente.<\/span><\/p>\n\n\n\n<figure class=\"wp-block-image size-large\"><img decoding=\"async\" width=\"620\" height=\"405\" data-src=\"https:\/\/www.nomus.com.br\/blog-industrial\/wp-content\/uploads\/2021\/06\/relatorio-de-utilizacao-da-capacidade.jpg\" alt=\"\" class=\"wp-image-12938 lazyload\" data-srcset=\"https:\/\/www.nomus.com.br\/blog-industrial\/wp-content\/uploads\/2021\/06\/relatorio-de-utilizacao-da-capacidade.jpg 620w, https:\/\/www.nomus.com.br\/blog-industrial\/wp-content\/uploads\/2021\/06\/relatorio-de-utilizacao-da-capacidade-345x225.jpg 345w\" data-sizes=\"(max-width: 620px) 100vw, 620px\" src=\"data:image\/svg+xml;base64,PHN2ZyB3aWR0aD0iMSIgaGVpZ2h0PSIxIiB4bWxucz0iaHR0cDovL3d3dy53My5vcmcvMjAwMC9zdmciPjwvc3ZnPg==\" style=\"--smush-placeholder-width: 620px; --smush-placeholder-aspect-ratio: 620\/405;\" \/><\/figure>\n\n\n\n<h2 class=\"wp-block-heading\">1. Cadastre todos os centros de trabalho<\/h2>\n\n\n\n<p><span style=\"font-weight: 400;\">O cadastro de centros de trabalho \u00e9 o primeiro passo a ser dado. Com ele, conseguimos identificar todos os grupos de m\u00e1quinas que est\u00e3o dispon\u00edveis na f\u00e1brica, o que tamb\u00e9m facilitar\u00e1 a an\u00e1lise de disponibilidade de cada um deles.<\/span><\/p>\n\n\n\n<p><span style=\"font-weight: 400;\">Para te ajudar nesta etapa, sugiro que leiam os <\/span><a href=\"http:\/\/www.nomus.com.br\/blog-industrial\/2015\/05\/4-passos-fundamentais-para-identificar-os-centros-de-trabalho-da-sua-fabrica\"><span style=\"font-weight: 400;\">4 passos fundamentais pra identificar os centros de trabalho da sua f\u00e1brica<\/span><\/a><span style=\"font-weight: 400;\">. Acompanhe os seguintes centros de trabalho:<\/span><\/p>\n\n\n\n<figure class=\"wp-block-table table table-striped\"><table><tbody><tr><td><b>Centro de trabalho<\/b><\/td><\/tr><tr><td><span style=\"font-weight: 400;\">Corte<\/span><\/td><\/tr><tr><td><span style=\"font-weight: 400;\">Furadeira<\/span><\/td><\/tr><tr><td><span style=\"font-weight: 400;\">Torno<\/span><\/td><\/tr><\/tbody><\/table><\/figure>\n\n\n\n<h2 class=\"wp-block-heading\">2. Cadastre todos os recursos<\/h2>\n\n\n\n<p><span style=\"font-weight: 400;\">Para <\/span><b>cadastrar os centros de trabalho<\/b><span style=\"font-weight: 400;\">, obrigatoriamente, voc\u00ea dever\u00e1 analisar todas as m\u00e1quinas dispon\u00edveis em sua f\u00e1brica. Ap\u00f3s concluir essa etapa, o segundo passo j\u00e1 est\u00e1 praticamente encaminhado, restando apenas relacionar as m\u00e1quinas com os centros de trabalho identificados. Seguindo o exemplo dado para o centro de trabalho, vamos imaginar os seguintes recursos :<\/span><\/p>\n\n\n\n<figure class=\"wp-block-table table table-striped\"><table><tbody><tr><td><b>Centro de trabalho<\/b><\/td><td><b>Recursos<\/b><\/td><\/tr><tr><td><span style=\"font-weight: 400;\">Corte<\/span><\/td><td><span style=\"font-weight: 400;\">Corte 01<\/span><\/td><\/tr><tr><td><span style=\"font-weight: 400;\">Corte 02<\/span><\/td><\/tr><tr><td><span style=\"font-weight: 400;\">Furadeira<\/span><\/td><td><span style=\"font-weight: 400;\">FUR 01<\/span><\/td><\/tr><tr><td><span style=\"font-weight: 400;\">FUR 02<\/span><\/td><\/tr><tr><td><span style=\"font-weight: 400;\">FUR 03<\/span><\/td><\/tr><tr><td><span style=\"font-weight: 400;\">Torno<\/span><\/td><td><span style=\"font-weight: 400;\">Torno 01<\/span><\/td><\/tr><tr><td><span style=\"font-weight: 400;\">Torno 02<\/span><\/td><\/tr><\/tbody><\/table><\/figure>\n\n\n\n<h2 class=\"wp-block-heading\">3. Cadastre calend\u00e1rios e os relacione aos recursos<\/h2>\n\n\n\n<p><span style=\"font-weight: 400;\">O terceiro passo para construir um bom relat\u00f3rio de an\u00e1lise de utiliza\u00e7\u00e3o da capacidade \u00e9 identificar os per\u00edodos de disponibilidade das m\u00e1quinas atrav\u00e9s do seu calend\u00e1rio. Em algumas empresas, nem sempre temos um calend\u00e1rio padr\u00e3o para todos os recursos. \u00c0s vezes, um determinado grupo de m\u00e1quinas (centro de trabalho) trabalha em mais turnos ou em regime de hora extra, por isso \u00e9 importante caracterizar cada m\u00e1quina com seu devido calend\u00e1rio, o que determina que o relat\u00f3rio de an\u00e1lise de utiliza\u00e7\u00e3o de capacidade seja calculado com bastante realismo.<\/span><\/p>\n\n\n\n<p><span style=\"font-weight: 400;\">Para facilitar o exemplo, vamos assumir que todas as m\u00e1quinas possuem o mesmo calend\u00e1rio padr\u00e3o de 8h di\u00e1rias e com 1h para o almo\u00e7o entre 12h e 13h:<\/span><\/p>\n\n\n\n<figure class=\"wp-block-table table table-striped\"><table><tbody><tr><td><b>Dia<\/b><\/td><td><b>Evento<\/b><\/td><td><b>Hora fim<\/b><\/td><td><b>Hora in\u00edcio<\/b><\/td><\/tr><tr><td><span style=\"font-weight: 400;\">Segunda<\/span><\/td><td><span style=\"font-weight: 400;\">Turno \u00fanico<\/span><\/td><td><span style=\"font-weight: 400;\">08:00<\/span><\/td><td><span style=\"font-weight: 400;\">12:00<\/span><\/td><\/tr><tr><td><span style=\"font-weight: 400;\">Segunda<\/span><\/td><td><span style=\"font-weight: 400;\">Turno \u00fanico<\/span><\/td><td><span style=\"font-weight: 400;\">13:00<\/span><\/td><td><span style=\"font-weight: 400;\">17:00<\/span><\/td><\/tr><tr><td><span style=\"font-weight: 400;\">Ter\u00e7a<\/span><\/td><td><span style=\"font-weight: 400;\">Turno \u00fanico<\/span><\/td><td><span style=\"font-weight: 400;\">08:00<\/span><\/td><td><span style=\"font-weight: 400;\">12:00<\/span><\/td><\/tr><tr><td><span style=\"font-weight: 400;\">Ter\u00e7a<\/span><\/td><td><span style=\"font-weight: 400;\">Turno \u00fanico<\/span><\/td><td><span style=\"font-weight: 400;\">13:00<\/span><\/td><td><span style=\"font-weight: 400;\">17:00<\/span><\/td><\/tr><tr><td><span style=\"font-weight: 400;\">Quarta<\/span><\/td><td><span style=\"font-weight: 400;\">Turno \u00fanico<\/span><\/td><td><span style=\"font-weight: 400;\">08:00<\/span><\/td><td><span style=\"font-weight: 400;\">12:00<\/span><\/td><\/tr><tr><td><span style=\"font-weight: 400;\">Quarta<\/span><\/td><td><span style=\"font-weight: 400;\">Turno \u00fanico<\/span><\/td><td><span style=\"font-weight: 400;\">13:00<\/span><\/td><td><span style=\"font-weight: 400;\">17:00<\/span><\/td><\/tr><tr><td><span style=\"font-weight: 400;\">Quinta<\/span><\/td><td><span style=\"font-weight: 400;\">Turno \u00fanico<\/span><\/td><td><span style=\"font-weight: 400;\">08:00<\/span><\/td><td><span style=\"font-weight: 400;\">12:00<\/span><\/td><\/tr><tr><td><span style=\"font-weight: 400;\">Quinta<\/span><\/td><td><span style=\"font-weight: 400;\">Turno \u00fanico<\/span><\/td><td><span style=\"font-weight: 400;\">13:00<\/span><\/td><td><span style=\"font-weight: 400;\">17:00<\/span><\/td><\/tr><tr><td><span style=\"font-weight: 400;\">Sexta<\/span><\/td><td><span style=\"font-weight: 400;\">Turno \u00fanico<\/span><\/td><td><span style=\"font-weight: 400;\">08:00<\/span><\/td><td><span style=\"font-weight: 400;\">12:00<\/span><\/td><\/tr><tr><td><span style=\"font-weight: 400;\">Sexta<\/span><\/td><td><span style=\"font-weight: 400;\">Turno \u00fanico<\/span><\/td><td><span style=\"font-weight: 400;\">13:00<\/span><\/td><td><span style=\"font-weight: 400;\">17:00<\/span><\/td><\/tr><\/tbody><\/table><\/figure>\n\n\n\n<h2 class=\"wp-block-heading\">4. Identifique as exce\u00e7\u00f5es de calend\u00e1rio<\/h2>\n\n\n\n<p><span style=\"font-weight: 400;\">Assim como tivemos a caracteriza\u00e7\u00e3o calend\u00e1rio padr\u00e3o, para que tamb\u00e9m geremos a nossa an\u00e1lise de utiliza\u00e7\u00e3o de capacidade, precisamos relacionar as suas exce\u00e7\u00f5es. Ao falar em exce\u00e7\u00f5es de calend\u00e1rio eu me refiro a feriados, manuten\u00e7\u00f5es programadas, ser\u00f5es e qualquer evento que altere a disposi\u00e7\u00e3o do calend\u00e1rio relacionado a cada recurso.<\/span><\/p>\n\n\n\n<p><span style=\"font-weight: 400;\">Este passo \u00e9 realizado com o intuito de garantir que n\u00e3o consideremos uma capacidade dispon\u00edvel maior no relat\u00f3rio do que a observada na pr\u00e1tica no ch\u00e3o de f\u00e1brica.<\/span><\/p>\n\n\n\n<h2 class=\"wp-block-heading\">5. Configure um roteiro de produ\u00e7\u00e3o para todos os produtos (opcional)<\/h2>\n\n\n\n<p><span style=\"font-weight: 400;\">Este passo n\u00e3o \u00e9 obrigat\u00f3rio para o relat\u00f3rio de an\u00e1lise de utiliza\u00e7\u00e3o de capacidade, por\u00e9m, traz um \u201cplus\u201d em v\u00e1rios outros resultados relativos aos controles no ch\u00e3o de f\u00e1brica, como mostro em <\/span><a href=\"http:\/\/www.nomus.com.br\/blog-industrial\/2015\/12\/beneficios-roteiro-de-producao\"><span style=\"font-weight: 400;\">6 benef\u00edcios de configurar um bom roteiro de produ\u00e7\u00e3o<\/span><\/a><span style=\"font-weight: 400;\">, &nbsp;dentre eles:<\/span><\/p>\n\n\n\n<ul class=\"wp-block-list\"><li style=\"font-weight: 400;\"><span style=\"font-weight: 400;\">Compara\u00e7\u00e3o entre tempo previsto x tempo realizado para cada etapa do roteiro de produto<\/span><\/li><\/ul>\n\n\n\n<ul class=\"wp-block-list\"><li style=\"font-weight: 400;\"><span style=\"font-weight: 400;\">Custo de produ\u00e7\u00e3o previsto x real<\/span><\/li><li style=\"font-weight: 400;\"><span style=\"font-weight: 400;\">Controle de localiza\u00e7\u00e3o de ordens e pedidos na produ\u00e7\u00e3o<\/span><\/li><\/ul>\n\n\n\n<p><span style=\"font-weight: 400;\">Para a An\u00e1lise de utiliza\u00e7\u00e3o de capacidade, o roteiro n\u00e3o \u00e9 necess\u00e1rio. Para este relat\u00f3rio, n\u00e3o \u00e9 necess\u00e1rio saber qual produto foi produzido, quais etapas foram apontadas nem o conhecimento de qual opera\u00e7\u00e3o foi realizada em um tempo maior ou menor que o previsto. Somente a informa\u00e7\u00e3o do tempo que a m\u00e1quina esteve alocada em atividades produtivas versus os per\u00edodos de inatividade s\u00e3o levados em considera\u00e7\u00e3o. Por\u00e9m, acredito que seja interessante identificar neste post que a especifica\u00e7\u00e3o do roteiro \u00e9 importante para outras rotinas e que pode auxiliar em an\u00e1lises mais detalhadas do ch\u00e3o de f\u00e1brica.<\/span><\/p>\n\n\n\n<p><span style=\"font-weight: 400;\">Veja mais: <\/span><a href=\"http:\/\/www.nomus.com.br\/blog-industrial\/2015\/12\/como-configurar-um-roteiro-de-producao-perfeito-para-a-sua-industria\/\"><span style=\"font-weight: 400;\">Como configurar um roteiro de produ\u00e7\u00e3o perfeito para a sua ind\u00fastria<\/span><\/a><\/p>\n\n\n\n<h2 class=\"wp-block-heading\">6. Cadastre atividades<\/h2>\n\n\n\n<p><span style=\"font-weight: 400;\">O cadastro de atividades nada mais \u00e9 do que a caracteriza\u00e7\u00e3o do que cada m\u00e1quina pode realizar, tanto de forma produtiva quanto improdutiva. Nesta etapa, temos que analisar m\u00e1quina a m\u00e1quina, todas as atividades de produ\u00e7\u00e3o e de paradas que podem ser relacionadas a cada recurso.<\/span><\/p>\n\n\n\n<p><span style=\"font-weight: 400;\">Para facilitar a compreens\u00e3o, imagine os seguintes relacionamentos entre atividades x recursos.<\/span><\/p>\n\n\n\n<figure class=\"wp-block-table table table-striped\"><table><tbody><tr><td><b>Centro de trabalho<\/b><\/td><td><b>Recursos<\/b><\/td><td><b>Atividades<\/b><\/td><td><b>Classifica\u00e7\u00e3o<\/b><\/td><\/tr><tr><td><span style=\"font-weight: 400;\">Corte<\/span><\/td><td><span style=\"font-weight: 400;\">Corte 01<br>Corte 02<\/span><\/td><td><span style=\"font-weight: 400;\">Produ\u00e7\u00e3o<\/span><\/td><td><span style=\"font-weight: 400;\">Produtiva<\/span><\/td><\/tr><tr><td><span style=\"font-weight: 400;\">Setup<\/span><\/td><td><span style=\"font-weight: 400;\">Produtiva<\/span><\/td><\/tr><tr><td><span style=\"font-weight: 400;\">Manuten\u00e7\u00e3o el\u00e9trica<\/span><\/td><td><span style=\"font-weight: 400;\">Parada n\u00e3o planejada<\/span><\/td><\/tr><tr><td><span style=\"font-weight: 400;\">Espera por ferramenta de corte<\/span><\/td><td><span style=\"font-weight: 400;\">Parada n\u00e3o planejada<\/span><\/td><\/tr><tr><td><span style=\"font-weight: 400;\">Falta de servi\u00e7o<\/span><\/td><td><span style=\"font-weight: 400;\">Parada n\u00e3o planejada<\/span><\/td><\/tr><tr><td><span style=\"font-weight: 400;\">Espera de desenho<\/span><\/td><td><span style=\"font-weight: 400;\">Parada n\u00e3o planejada<\/span><\/td><\/tr><tr><td><span style=\"font-weight: 400;\">Falta de energia<\/span><\/td><td><span style=\"font-weight: 400;\">Parada n\u00e3o planejada<\/span><\/td><\/tr><tr><td><span style=\"font-weight: 400;\">Sem operador<\/span><\/td><td><span style=\"font-weight: 400;\">Parada n\u00e3o planejada<\/span><\/td><\/tr><tr><td><span style=\"font-weight: 400;\">Furadeira<\/span><\/td><td><span style=\"font-weight: 400;\">FUR 01<br>FUR 02<br>FUR 03<\/span><\/td><td><span style=\"font-weight: 400;\">Produ\u00e7\u00e3o<\/span><\/td><td><span style=\"font-weight: 400;\">Produtiva<\/span><\/td><\/tr><tr><td><span style=\"font-weight: 400;\">Espera por ferramenta de corte<\/span><\/td><td><span style=\"font-weight: 400;\">Parada n\u00e3o planejada<\/span><\/td><\/tr><tr><td><span style=\"font-weight: 400;\">Falta de servi\u00e7o<\/span><\/td><td><span style=\"font-weight: 400;\">Parada n\u00e3o planejada<\/span><\/td><\/tr><tr><td><span style=\"font-weight: 400;\">Falta de energia<\/span><\/td><td><span style=\"font-weight: 400;\">Parada n\u00e3o planejada<\/span><\/td><\/tr><tr><td><span style=\"font-weight: 400;\">Sem operador<\/span><\/td><td><span style=\"font-weight: 400;\">Parada n\u00e3o planejada<\/span><\/td><\/tr><tr><td><span style=\"font-weight: 400;\">Broca quebrada<\/span><\/td><td><span style=\"font-weight: 400;\">Parada n\u00e3o planejada<\/span><\/td><\/tr><tr><td><span style=\"font-weight: 400;\">Torno<\/span><\/td><td><span style=\"font-weight: 400;\">Torno 01<br>Torno 02<\/span><\/td><td><span style=\"font-weight: 400;\">Produ\u00e7\u00e3o<\/span><\/td><td><span style=\"font-weight: 400;\">Produtiva<\/span><\/td><\/tr><tr><td><span style=\"font-weight: 400;\">Setup<\/span><\/td><td><span style=\"font-weight: 400;\">Produtiva<\/span><\/td><\/tr><tr><td><span style=\"font-weight: 400;\">Falta de servi\u00e7o<\/span><\/td><td><span style=\"font-weight: 400;\">Parada n\u00e3o planejada<\/span><\/td><\/tr><tr><td><span style=\"font-weight: 400;\">Falta de energia<\/span><\/td><td><span style=\"font-weight: 400;\">Parada n\u00e3o planejada<\/span><\/td><\/tr><tr><td><span style=\"font-weight: 400;\">Sem operador<\/span><\/td><td><span style=\"font-weight: 400;\">Parada n\u00e3o planejada<\/span><\/td><\/tr><tr><td><span style=\"font-weight: 400;\">M\u00e1quina sem programa<\/span><\/td><td><span style=\"font-weight: 400;\">Parada n\u00e3o planejada<\/span><\/td><\/tr><tr><td><span style=\"font-weight: 400;\">Manuten\u00e7\u00e3o el\u00e9trica<\/span><\/td><td><span style=\"font-weight: 400;\">Parada n\u00e3o planejada<\/span><\/td><\/tr><\/tbody><\/table><\/figure>\n\n\n\n<h2 class=\"wp-block-heading\">7. Realize apontamentos<\/h2>\n\n\n\n<p><span style=\"font-weight: 400;\">Sem os apontamentos, nada do que foi configurado anteriormente ser\u00e1 \u00fatil. O registro de toda e qualquer atividade da m\u00e1quina, seja ela produtiva ou n\u00e3o, \u00e9 de suma import\u00e2ncia para o <\/span><b>controle de ch\u00e3o de f\u00e1brica de uma ind\u00fastria<\/b><span style=\"font-weight: 400;\">, e , particularmente neste post, para a <\/span><b>obten\u00e7\u00e3o do relat\u00f3rio de an\u00e1lise de utiliza\u00e7\u00e3o de capacidade<\/b><span style=\"font-weight: 400;\">.<\/span><\/p>\n\n\n\n<p><span style=\"font-weight: 400;\">A implanta\u00e7\u00e3o dos apontamentos no ch\u00e3o de f\u00e1brica pode ser feito tanto de <\/span><a href=\"http:\/\/www.nomus.com.br\/blog-industrial\/2015\/09\/5-diferencas-entre-o-apontamento-de-chao-de-fabrica-em-tempo-real-e-o-retroativo\/\"><span style=\"font-weight: 400;\">forma retroativa quanto em tempo real<\/span><\/a><span style=\"font-weight: 400;\">. Temos alguns posts no blog que tratam sobre os apontamentos:<\/span><\/p>\n\n\n\n<ul class=\"wp-block-list\"><li style=\"font-weight: 400;\"><a href=\"http:\/\/www.nomus.com.br\/blog-industrial\/2015\/07\/6-dicas-para-implantar-o-apontamento-no-chao-de-fabrica\/\"><span style=\"font-weight: 400;\">6 Dicas para implantar o apontamento no ch\u00e3o de f\u00e1brica<\/span><\/a><\/li><li style=\"font-weight: 400;\"><a href=\"http:\/\/www.nomus.com.br\/blog-industrial\/2015\/09\/5-diferencas-entre-o-apontamento-de-chao-de-fabrica-em-tempo-real-e-o-retroativo\/\"><span style=\"font-weight: 400;\">5 Diferen\u00e7as entre o apontamento de ch\u00e3o de f\u00e1brixa em tempo real e retroativo<\/span><\/a><\/li><\/ul>\n\n\n\n<p><span style=\"font-weight: 400;\">Para chegarmos a um resultado final, vamos considerar a seguinte rela\u00e7\u00e3o de apontamentos para a m\u00e1quina <\/span><i><span style=\"font-weight: 400;\">Corte 01<\/span><\/i><span style=\"font-weight: 400;\"> na semana de 01\/02\/16 a 05\/02\/16 :<\/span><\/p>\n\n\n\n<figure class=\"wp-block-table table table-striped\"><table><tbody><tr><td><b>Centro de trabalho<\/b><\/td><td><b>Recurso<\/b><\/td><td><b>Atividade<\/b><\/td><td><b>Data in\u00edcio<\/b><\/td><td><b>Hora in\u00edcio<\/b><\/td><td><b>Data fim<\/b><\/td><td><b>Hora fim<\/b><\/td><td><b>Dura\u00e7\u00e3o<\/b><\/td><\/tr><tr><td><span style=\"font-weight: 400;\">Corte<\/span><\/td><td><span style=\"font-weight: 400;\">Corte 01<\/span><\/td><td><span style=\"font-weight: 400;\">Setup<\/span><\/td><td><span style=\"font-weight: 400;\">01\/02\/2016<\/span><\/td><td><span style=\"font-weight: 400;\">08:00<\/span><\/td><td><span style=\"font-weight: 400;\">01\/02\/2016<\/span><\/td><td><span style=\"font-weight: 400;\">09:00<\/span><\/td><td><span style=\"font-weight: 400;\">01:00<\/span><\/td><\/tr><tr><td><span style=\"font-weight: 400;\">Corte<\/span><\/td><td><span style=\"font-weight: 400;\">Corte 01<\/span><\/td><td><span style=\"font-weight: 400;\">Produ\u00e7\u00e3o<\/span><\/td><td><span style=\"font-weight: 400;\">01\/02\/2016<\/span><\/td><td><span style=\"font-weight: 400;\">09:00<\/span><\/td><td><span style=\"font-weight: 400;\">01\/02\/2016<\/span><\/td><td><span style=\"font-weight: 400;\">12:00<\/span><\/td><td><span style=\"font-weight: 400;\">03:00<\/span><\/td><\/tr><tr><td><span style=\"font-weight: 400;\">Corte<\/span><\/td><td><span style=\"font-weight: 400;\">Corte 01<\/span><\/td><td><span style=\"font-weight: 400;\">Falta de servi\u00e7o<\/span><\/td><td><span style=\"font-weight: 400;\">01\/02\/2016<\/span><\/td><td><span style=\"font-weight: 400;\">13:00<\/span><\/td><td><span style=\"font-weight: 400;\">01\/02\/2016<\/span><\/td><td><span style=\"font-weight: 400;\">15:00<\/span><\/td><td><span style=\"font-weight: 400;\">02:00<\/span><\/td><\/tr><tr><td><span style=\"font-weight: 400;\">Corte<\/span><\/td><td><span style=\"font-weight: 400;\">Corte 01<\/span><\/td><td><span style=\"font-weight: 400;\">Produ\u00e7\u00e3o<\/span><\/td><td><span style=\"font-weight: 400;\">01\/02\/2016<\/span><\/td><td><span style=\"font-weight: 400;\">15:00<\/span><\/td><td><span style=\"font-weight: 400;\">01\/02\/2016<\/span><\/td><td><span style=\"font-weight: 400;\">17:00<\/span><\/td><td><span style=\"font-weight: 400;\">02:00<\/span><\/td><\/tr><tr><td><span style=\"font-weight: 400;\">Corte<\/span><\/td><td><span style=\"font-weight: 400;\">Corte 01<\/span><\/td><td><span style=\"font-weight: 400;\">Setup<\/span><\/td><td><span style=\"font-weight: 400;\">02\/02\/2016<\/span><\/td><td><span style=\"font-weight: 400;\">08:00<\/span><\/td><td><span style=\"font-weight: 400;\">02\/02\/2016<\/span><\/td><td><span style=\"font-weight: 400;\">08:40<\/span><\/td><td><span style=\"font-weight: 400;\">00:40<\/span><\/td><\/tr><tr><td><span style=\"font-weight: 400;\">Corte<\/span><\/td><td><span style=\"font-weight: 400;\">Corte 01<\/span><\/td><td><span style=\"font-weight: 400;\">Produ\u00e7\u00e3o<\/span><\/td><td><span style=\"font-weight: 400;\">02\/02\/2016<\/span><\/td><td><span style=\"font-weight: 400;\">08:40<\/span><\/td><td><span style=\"font-weight: 400;\">02\/02\/2016<\/span><\/td><td><span style=\"font-weight: 400;\">12:00<\/span><\/td><td><span style=\"font-weight: 400;\">03:20<\/span><\/td><\/tr><tr><td><span style=\"font-weight: 400;\">Corte<\/span><\/td><td><span style=\"font-weight: 400;\">Corte 01<\/span><\/td><td><span style=\"font-weight: 400;\">Produ\u00e7\u00e3o<\/span><\/td><td><span style=\"font-weight: 400;\">02\/02\/2016<\/span><\/td><td><span style=\"font-weight: 400;\">13:00<\/span><\/td><td><span style=\"font-weight: 400;\">02\/02\/2016<\/span><\/td><td><span style=\"font-weight: 400;\">16:00<\/span><\/td><td><span style=\"font-weight: 400;\">03:00<\/span><\/td><\/tr><tr><td><span style=\"font-weight: 400;\">Corte<\/span><\/td><td><span style=\"font-weight: 400;\">Corte 01<\/span><\/td><td><span style=\"font-weight: 400;\">Espera de desenho<\/span><\/td><td><span style=\"font-weight: 400;\">02\/02\/2016<\/span><\/td><td><span style=\"font-weight: 400;\">16:00<\/span><\/td><td><span style=\"font-weight: 400;\">02\/02\/2016<\/span><\/td><td><span style=\"font-weight: 400;\">16:30<\/span><\/td><td><span style=\"font-weight: 400;\">00:30<\/span><\/td><\/tr><tr><td><span style=\"font-weight: 400;\">Corte<\/span><\/td><td><span style=\"font-weight: 400;\">Corte 01<\/span><\/td><td><span style=\"font-weight: 400;\">Produ\u00e7\u00e3o<\/span><\/td><td><span style=\"font-weight: 400;\">02\/02\/2016<\/span><\/td><td><span style=\"font-weight: 400;\">16:30<\/span><\/td><td><span style=\"font-weight: 400;\">02\/02\/2016<\/span><\/td><td><span style=\"font-weight: 400;\">17:00<\/span><\/td><td><span style=\"font-weight: 400;\">00:30<\/span><\/td><\/tr><tr><td><span style=\"font-weight: 400;\">Corte<\/span><\/td><td><span style=\"font-weight: 400;\">Corte 01<\/span><\/td><td><span style=\"font-weight: 400;\">Produ\u00e7\u00e3o<\/span><\/td><td><span style=\"font-weight: 400;\">03\/02\/2016<\/span><\/td><td><span style=\"font-weight: 400;\">08:00<\/span><\/td><td><span style=\"font-weight: 400;\">03\/02\/2016<\/span><\/td><td><span style=\"font-weight: 400;\">10:00<\/span><\/td><td><span style=\"font-weight: 400;\">02:00<\/span><\/td><\/tr><tr><td><span style=\"font-weight: 400;\">Corte<\/span><\/td><td><span style=\"font-weight: 400;\">Corte 01<\/span><\/td><td><span style=\"font-weight: 400;\">Setup<\/span><\/td><td><span style=\"font-weight: 400;\">03\/02\/2016<\/span><\/td><td><span style=\"font-weight: 400;\">10:00<\/span><\/td><td><span style=\"font-weight: 400;\">03\/02\/2016<\/span><\/td><td><span style=\"font-weight: 400;\">10:30<\/span><\/td><td><span style=\"font-weight: 400;\">00:30<\/span><\/td><\/tr><tr><td><span style=\"font-weight: 400;\">Corte<\/span><\/td><td><span style=\"font-weight: 400;\">Corte 01<\/span><\/td><td><span style=\"font-weight: 400;\">Produ\u00e7\u00e3o<\/span><\/td><td><span style=\"font-weight: 400;\">03\/02\/2016<\/span><\/td><td><span style=\"font-weight: 400;\">10:30<\/span><\/td><td><span style=\"font-weight: 400;\">03\/02\/2016<\/span><\/td><td><span style=\"font-weight: 400;\">12:00<\/span><\/td><td><span style=\"font-weight: 400;\">01:30<\/span><\/td><\/tr><tr><td><span style=\"font-weight: 400;\">Corte<\/span><\/td><td><span style=\"font-weight: 400;\">Corte 01<\/span><\/td><td><span style=\"font-weight: 400;\">Falta de energia<\/span><\/td><td><span style=\"font-weight: 400;\">03\/02\/2016<\/span><\/td><td><span style=\"font-weight: 400;\">13:00<\/span><\/td><td><span style=\"font-weight: 400;\">03\/02\/2016<\/span><\/td><td><span style=\"font-weight: 400;\">15:00<\/span><\/td><td><span style=\"font-weight: 400;\">02:00<\/span><\/td><\/tr><tr><td><span style=\"font-weight: 400;\">Corte<\/span><\/td><td><span style=\"font-weight: 400;\">Corte 01<\/span><\/td><td><span style=\"font-weight: 400;\">Falta de servi\u00e7o<\/span><\/td><td><span style=\"font-weight: 400;\">03\/02\/2016<\/span><\/td><td><span style=\"font-weight: 400;\">15:00<\/span><\/td><td><span style=\"font-weight: 400;\">03\/02\/2016<\/span><\/td><td><span style=\"font-weight: 400;\">16:00<\/span><\/td><td><span style=\"font-weight: 400;\">01:00<\/span><\/td><\/tr><tr><td><span style=\"font-weight: 400;\">Corte<\/span><\/td><td><span style=\"font-weight: 400;\">Corte 01<\/span><\/td><td><span style=\"font-weight: 400;\">Produ\u00e7\u00e3o<\/span><\/td><td><span style=\"font-weight: 400;\">03\/02\/2016<\/span><\/td><td><span style=\"font-weight: 400;\">16:00<\/span><\/td><td><span style=\"font-weight: 400;\">03\/02\/2016<\/span><\/td><td><span style=\"font-weight: 400;\">16:40<\/span><\/td><td><span style=\"font-weight: 400;\">00:40<\/span><\/td><\/tr><tr><td><span style=\"font-weight: 400;\">Corte<\/span><\/td><td><span style=\"font-weight: 400;\">Corte 01<\/span><\/td><td><span style=\"font-weight: 400;\">Falta de servi\u00e7o<\/span><\/td><td><span style=\"font-weight: 400;\">03\/02\/2016<\/span><\/td><td><span style=\"font-weight: 400;\">16:40<\/span><\/td><td><span style=\"font-weight: 400;\">03\/02\/2016<\/span><\/td><td><span style=\"font-weight: 400;\">17:00<\/span><\/td><td><span style=\"font-weight: 400;\">00:20<\/span><\/td><\/tr><tr><td><span style=\"font-weight: 400;\">Corte<\/span><\/td><td><span style=\"font-weight: 400;\">Corte 01<\/span><\/td><td><span style=\"font-weight: 400;\">Sem operador<\/span><\/td><td><span style=\"font-weight: 400;\">04\/02\/2016<\/span><\/td><td><span style=\"font-weight: 400;\">08:00<\/span><\/td><td><span style=\"font-weight: 400;\">04\/02\/2016<\/span><\/td><td><span style=\"font-weight: 400;\">08:30<\/span><\/td><td><span style=\"font-weight: 400;\">00:30<\/span><\/td><\/tr><tr><td><span style=\"font-weight: 400;\">Corte<\/span><\/td><td><span style=\"font-weight: 400;\">Corte 01<\/span><\/td><td><span style=\"font-weight: 400;\">Produ\u00e7\u00e3o<\/span><\/td><td><span style=\"font-weight: 400;\">04\/02\/2016<\/span><\/td><td><span style=\"font-weight: 400;\">08:30<\/span><\/td><td><span style=\"font-weight: 400;\">04\/02\/2016<\/span><\/td><td><span style=\"font-weight: 400;\">11:00<\/span><\/td><td><span style=\"font-weight: 400;\">02:30<\/span><\/td><\/tr><tr><td><span style=\"font-weight: 400;\">Corte<\/span><\/td><td><span style=\"font-weight: 400;\">Corte 01<\/span><\/td><td><span style=\"font-weight: 400;\">Setup<\/span><\/td><td><span style=\"font-weight: 400;\">04\/02\/2016<\/span><\/td><td><span style=\"font-weight: 400;\">11:00<\/span><\/td><td><span style=\"font-weight: 400;\">04\/02\/2016<\/span><\/td><td><span style=\"font-weight: 400;\">12:00<\/span><\/td><td><span style=\"font-weight: 400;\">01:00<\/span><\/td><\/tr><tr><td><span style=\"font-weight: 400;\">Corte<\/span><\/td><td><span style=\"font-weight: 400;\">Corte 01<\/span><\/td><td><span style=\"font-weight: 400;\">Espera de desenho<\/span><\/td><td><span style=\"font-weight: 400;\">04\/02\/2016<\/span><\/td><td><span style=\"font-weight: 400;\">13:00<\/span><\/td><td><span style=\"font-weight: 400;\">04\/02\/2016<\/span><\/td><td><span style=\"font-weight: 400;\">13:20<\/span><\/td><td><span style=\"font-weight: 400;\">00:20<\/span><\/td><\/tr><tr><td><span style=\"font-weight: 400;\">Corte<\/span><\/td><td><span style=\"font-weight: 400;\">Corte 01<\/span><\/td><td><span style=\"font-weight: 400;\">espera por ferramenta de corte<\/span><\/td><td><span style=\"font-weight: 400;\">04\/02\/2016<\/span><\/td><td><span style=\"font-weight: 400;\">13:20<\/span><\/td><td><span style=\"font-weight: 400;\">04\/02\/2016<\/span><\/td><td><span style=\"font-weight: 400;\">14:20<\/span><\/td><td><span style=\"font-weight: 400;\">01:00<\/span><\/td><\/tr><tr><td><span style=\"font-weight: 400;\">Corte<\/span><\/td><td><span style=\"font-weight: 400;\">Corte 01<\/span><\/td><td><span style=\"font-weight: 400;\">Produ\u00e7\u00e3o<\/span><\/td><td><span style=\"font-weight: 400;\">04\/02\/2016<\/span><\/td><td><span style=\"font-weight: 400;\">14:20<\/span><\/td><td><span style=\"font-weight: 400;\">04\/02\/2016<\/span><\/td><td><span style=\"font-weight: 400;\">17:00<\/span><\/td><td><span style=\"font-weight: 400;\">02:40<\/span><\/td><\/tr><tr><td><span style=\"font-weight: 400;\">Corte<\/span><\/td><td><span style=\"font-weight: 400;\">Corte 01<\/span><\/td><td><span style=\"font-weight: 400;\">Setup<\/span><\/td><td><span style=\"font-weight: 400;\">05\/02\/2016<\/span><\/td><td><span style=\"font-weight: 400;\">08:00<\/span><\/td><td><span style=\"font-weight: 400;\">05\/02\/2016<\/span><\/td><td><span style=\"font-weight: 400;\">09:00<\/span><\/td><td><span style=\"font-weight: 400;\">01:00<\/span><\/td><\/tr><tr><td><span style=\"font-weight: 400;\">Corte<\/span><\/td><td><span style=\"font-weight: 400;\">Corte 01<\/span><\/td><td><span style=\"font-weight: 400;\">Produ\u00e7\u00e3o<\/span><\/td><td><span style=\"font-weight: 400;\">05\/02\/2016<\/span><\/td><td><span style=\"font-weight: 400;\">09:00<\/span><\/td><td><span style=\"font-weight: 400;\">05\/02\/2016<\/span><\/td><td><span style=\"font-weight: 400;\">12:00<\/span><\/td><td><span style=\"font-weight: 400;\">03:00<\/span><\/td><\/tr><tr><td><span style=\"font-weight: 400;\">Corte<\/span><\/td><td><span style=\"font-weight: 400;\">Corte 01<\/span><\/td><td><span style=\"font-weight: 400;\">Produ\u00e7\u00e3o<\/span><\/td><td><span style=\"font-weight: 400;\">05\/02\/2016<\/span><\/td><td><span style=\"font-weight: 400;\">13:00<\/span><\/td><td><span style=\"font-weight: 400;\">05\/02\/2016<\/span><\/td><td><span style=\"font-weight: 400;\">14:00<\/span><\/td><td><span style=\"font-weight: 400;\">01:00<\/span><\/td><\/tr><tr><td><span style=\"font-weight: 400;\">Corte<\/span><\/td><td><span style=\"font-weight: 400;\">Corte 01<\/span><\/td><td><span style=\"font-weight: 400;\">Manuten\u00e7\u00e3o el\u00e9trica<\/span><\/td><td><span style=\"font-weight: 400;\">05\/02\/2016<\/span><\/td><td><span style=\"font-weight: 400;\">14:00<\/span><\/td><td><span style=\"font-weight: 400;\">05\/02\/2016<\/span><\/td><td><span style=\"font-weight: 400;\">17:00<\/span><\/td><td><span style=\"font-weight: 400;\">03:00<\/span><\/td><\/tr><\/tbody><\/table><\/figure>\n\n\n\n<h2 class=\"wp-block-heading\">8. Analise os resultados<\/h2>\n\n\n\n<p><span style=\"font-weight: 400;\">Com os apontamentos j\u00e1 lan\u00e7ados, basta agora analisar os resultados.<\/span><\/p>\n\n\n\n<figure class=\"wp-block-table table table-striped\"><table><tbody><tr><td><b>Atividade<\/b><\/td><td><b> Dura\u00e7\u00e3o<\/b><\/td><td><b>%<\/b><\/td><\/tr><tr><td><span style=\"font-weight: 400;\">Espera de desenho<\/span><\/td><td><span style=\"font-weight: 400;\">0:50:00<\/span><\/td><td><span style=\"font-weight: 400;\">2,08%<\/span><\/td><\/tr><tr><td><span style=\"font-weight: 400;\">Espera por ferramenta de corte<\/span><\/td><td><span style=\"font-weight: 400;\">1:00:00<\/span><\/td><td><span style=\"font-weight: 400;\">2,50%<\/span><\/td><\/tr><tr><td><span style=\"font-weight: 400;\">Falta de energia<\/span><\/td><td><span style=\"font-weight: 400;\">2:00:00<\/span><\/td><td><span style=\"font-weight: 400;\">5,00%<\/span><\/td><\/tr><tr><td><span style=\"font-weight: 400;\">Falta de servi\u00e7o<\/span><\/td><td><span style=\"font-weight: 400;\">3:20:00<\/span><\/td><td><span style=\"font-weight: 400;\">8,33%<\/span><\/td><\/tr><tr><td><span style=\"font-weight: 400;\">Manuten\u00e7\u00e3o el\u00e9trica<\/span><\/td><td><span style=\"font-weight: 400;\">3:00:00<\/span><\/td><td><span style=\"font-weight: 400;\">7,50%<\/span><\/td><\/tr><tr><td><span style=\"font-weight: 400;\">Produ\u00e7\u00e3o<\/span><\/td><td><span style=\"font-weight: 400;\">25:10:00<\/span><\/td><td><span style=\"font-weight: 400;\">62,92%<\/span><\/td><\/tr><tr><td><span style=\"font-weight: 400;\">Sem operador<\/span><\/td><td><span style=\"font-weight: 400;\">0:30:00<\/span><\/td><td><span style=\"font-weight: 400;\">1,25%<\/span><\/td><\/tr><tr><td><span style=\"font-weight: 400;\">Setup<\/span><\/td><td><span style=\"font-weight: 400;\">4:10:00<\/span><\/td><td><span style=\"font-weight: 400;\">10,42%<\/span><\/td><\/tr><tr><td><b>Total<\/b><\/td><td><b>40:00:00<\/b><\/td><td><b>100%<\/b><\/td><\/tr><\/tbody><\/table><\/figure>\n\n\n\n<p><span style=\"font-weight: 400;\">Na semana de 01\/02\/16 a 05\/02\/16, a m\u00e1quina <\/span><i><span style=\"font-weight: 400;\">Corte 01<\/span><\/i> <span style=\"font-weight: 400;\">ficou alocada em Produ\u00e7\u00e3o a por 62,92% do tempo. &nbsp;Em atividades produtivas (Produ\u00e7\u00e3o + Setup) foram contabilizadas 29:20h , representando 73,34% do tempo total dispon\u00edvel.<\/span><\/p>\n\n\n\n<p><span style=\"font-weight: 400;\">Em rela\u00e7\u00e3o \u00e0s paradas, temos o seguinte ranking:<\/span><\/p>\n\n\n\n<figure class=\"wp-block-table table table-striped\"><table><tbody><tr><td><b>Atividade<\/b><\/td><td><b> Dura\u00e7\u00e3o<\/b><\/td><td><b>%<\/b><\/td><\/tr><tr><td><span style=\"font-weight: 400;\">Falta de servi\u00e7o<\/span><\/td><td><span style=\"font-weight: 400;\">3:20:00<\/span><\/td><td><span style=\"font-weight: 400;\">8,33%<\/span><\/td><\/tr><tr><td><span style=\"font-weight: 400;\">Manuten\u00e7\u00e3o el\u00e9trica<\/span><\/td><td><span style=\"font-weight: 400;\">3:00:00<\/span><\/td><td><span style=\"font-weight: 400;\">7,50%<\/span><\/td><\/tr><tr><td><span style=\"font-weight: 400;\">Falta de energia<\/span><\/td><td><span style=\"font-weight: 400;\">2:00:00<\/span><\/td><td><span style=\"font-weight: 400;\">5,00%<\/span><\/td><\/tr><tr><td><span style=\"font-weight: 400;\">espera por ferramenta de corte<\/span><\/td><td><span style=\"font-weight: 400;\">1:00:00<\/span><\/td><td><span style=\"font-weight: 400;\">2,50%<\/span><\/td><\/tr><tr><td><span style=\"font-weight: 400;\">Espera de desenho<\/span><\/td><td><span style=\"font-weight: 400;\">0:50:00<\/span><\/td><td><span style=\"font-weight: 400;\">2,08%<\/span><\/td><\/tr><tr><td><span style=\"font-weight: 400;\">Sem operador<\/span><\/td><td><span style=\"font-weight: 400;\">0:30:00<\/span><\/td><td><span style=\"font-weight: 400;\">1,25%<\/span><\/td><\/tr><tr><td><b>Total<\/b><\/td><td><b>10:40:00<\/b><\/td><td><b>26,66%<\/b><\/td><\/tr><\/tbody><\/table><\/figure>\n\n\n\n<h2 class=\"wp-block-heading\">Dica Extra<\/h2>\n\n\n\n<p><span style=\"font-weight: 400;\">A escolha de um bom software industrial tamb\u00e9m \u00e9 crucial para a gera\u00e7\u00e3o do relat\u00f3rio de An\u00e1lise de Utiliza\u00e7\u00e3o de capacidade. J\u00e1 acompanhei a tentativa de realizar apontamentos atrav\u00e9s de planilhas, por\u00e9m, sempre ocorrem os mesmos problemas na sincroniza\u00e7\u00e3o dos apontamentos com o banco de dados geral de todas as m\u00e1quinas. Com um sistema informatizado, este problema \u00e9 naturalmente mitigado. veja como um \u00f3timo Sistema de PCP pode lhe ajudar a controlar seu ch\u00e3o de f\u00e1brica. <\/span><a href=\"http:\/\/material.nomus.com.br\/apresentacao-erp-industrial-nomus\"><span style=\"font-weight: 400;\">Assista&nbsp;uma demonstra\u00e7\u00e3o<\/span><\/a><span style=\"font-weight: 400;\">&nbsp;do software Nomus <a href=\"https:\/\/www.nomus.com.br\/blog-industrial\/erp\/\">ERP<\/a> Industrial.<\/span><\/p>\n\n\n<div class=\"text-center\"><a href=\"http:\/\/material.nomus.com.br\/o-que-e-seis-sigma\" target=\"_blank\" class=\"bannergerado\"><img decoding=\"async\" id=\"BannerManual\" data-src=\"https:\/\/www.nomus.com.br\/blog-industrial\/wp-content\/uploads\/2023\/09\/como-funciona-seis-sigma2.jpg\" border=\"0\" alt=\"Seis Sigma\" class=\"size-full bannerpadrao lazyload\" src=\"data:image\/svg+xml;base64,PHN2ZyB3aWR0aD0iMSIgaGVpZ2h0PSIxIiB4bWxucz0iaHR0cDovL3d3dy53My5vcmcvMjAwMC9zdmciPjwvc3ZnPg==\" style=\"--smush-placeholder-width: 650px; --smush-placeholder-aspect-ratio: 650\/260;\" \/><\/a><\/div>\n","protected":false},"excerpt":{"rendered":"<p>Para todas as empresas que buscam os servi\u00e7os da Nomus com o intuito de controlar o seu ch\u00e3o de f\u00e1brica, um relat\u00f3rio que demonstre a utiliza\u00e7\u00e3o da capacidade produtiva da sua f\u00e1brica \u00e9 um pedido quase que&nbsp;un\u00e2nime. Analisado por m\u00e1quina ou por centro de trabalho, a informa\u00e7\u00e3o de quanto tempo produtivo foi consumido em rela\u00e7\u00e3o [&hellip;]<\/p>\n","protected":false},"author":5,"featured_media":12938,"comment_status":"open","ping_status":"closed","sticky":false,"template":"","format":"standard","meta":{"_acf_changed":false,"footnotes":""},"categories":[18,5],"tags":[48],"class_list":["post-2882","post","type-post","status-publish","format-standard","has-post-thumbnail","hentry","category-gestao-de-capacidade-produtiva","category-producao","tag-artigo"],"acf":[],"yoast_head":"\n<title>Gerando um bom relat\u00f3rio de an\u00e1lise de utiliza\u00e7\u00e3o de capacidade<\/title>\n<meta name=\"description\" content=\"Uma das informa\u00e7\u00f5es mais poderosas que uma boa gest\u00e3o possui \u00e9 sobre o tempo produtivo. Veja como ger\u00e1-la com o relat\u00f3rio de utiliza\u00e7\u00e3o de capacidade\" \/>\n<meta name=\"robots\" content=\"index, follow, max-snippet:-1, max-image-preview:large, max-video-preview:-1\" \/>\n<link rel=\"canonical\" href=\"https:\/\/www.nomus.com.br\/blog-industrial\/como-gerar-um-bom-relatorio-de-analise-de-utilizacao-de-capacidade\/\" \/>\n<meta property=\"og:locale\" content=\"pt_BR\" \/>\n<meta property=\"og:type\" content=\"article\" \/>\n<meta property=\"og:title\" content=\"Gerando um bom relat\u00f3rio de an\u00e1lise de utiliza\u00e7\u00e3o de capacidade\" \/>\n<meta property=\"og:description\" content=\"Uma das informa\u00e7\u00f5es mais poderosas que uma boa gest\u00e3o possui \u00e9 sobre o tempo produtivo. Veja como ger\u00e1-la com o relat\u00f3rio de utiliza\u00e7\u00e3o de capacidade\" \/>\n<meta property=\"og:url\" content=\"https:\/\/www.nomus.com.br\/blog-industrial\/como-gerar-um-bom-relatorio-de-analise-de-utilizacao-de-capacidade\/\" \/>\n<meta property=\"og:site_name\" content=\"Blog Industrial Nomus\" \/>\n<meta property=\"article:publisher\" content=\"https:\/\/www.facebook.com\/nomussoftwares\" \/>\n<meta property=\"article:published_time\" content=\"2016-03-10T11:36:17+00:00\" \/>\n<meta property=\"article:modified_time\" content=\"2021-06-25T16:04:39+00:00\" \/>\n<meta property=\"og:image\" content=\"https:\/\/www.nomus.com.br\/blog-industrial\/wp-content\/uploads\/2021\/06\/relatorio-de-utilizacao-da-capacidade.jpg\" \/>\n\t<meta property=\"og:image:width\" content=\"620\" \/>\n\t<meta property=\"og:image:height\" content=\"405\" \/>\n\t<meta property=\"og:image:type\" content=\"image\/jpeg\" \/>\n<meta name=\"author\" content=\"Celso Monteiro\" \/>\n<meta name=\"twitter:card\" content=\"summary_large_image\" \/>\n<meta name=\"twitter:image\" content=\"https:\/\/www.nomus.com.br\/blog-industrial\/wp-content\/uploads\/2021\/06\/relatorio-de-utilizacao-da-capacidade.jpg\" \/>\n<meta name=\"twitter:creator\" content=\"@nomusindustrial\" \/>\n<meta name=\"twitter:site\" content=\"@nomusindustrial\" \/>\n<meta name=\"twitter:label1\" content=\"Escrito por\" \/>\n\t<meta name=\"twitter:data1\" content=\"Celso Monteiro\" \/>\n\t<meta name=\"twitter:label2\" content=\"Est. tempo de leitura\" \/>\n\t<meta name=\"twitter:data2\" content=\"8 minutos\" \/>\n<script type=\"application\/ld+json\" class=\"yoast-schema-graph\">{\"@context\":\"https:\/\/schema.org\",\"@graph\":[{\"@type\":\"Article\",\"@id\":\"https:\/\/www.nomus.com.br\/blog-industrial\/como-gerar-um-bom-relatorio-de-analise-de-utilizacao-de-capacidade\/#article\",\"isPartOf\":{\"@id\":\"https:\/\/www.nomus.com.br\/blog-industrial\/como-gerar-um-bom-relatorio-de-analise-de-utilizacao-de-capacidade\/\"},\"author\":{\"name\":\"Celso Monteiro\",\"@id\":\"https:\/\/www.nomus.com.br\/blog-industrial\/#\/schema\/person\/a0578064f1f316d289d3a729941dbb35\"},\"headline\":\"Como gerar um bom relat\u00f3rio de an\u00e1lise de utiliza\u00e7\u00e3o de capacidade\",\"datePublished\":\"2016-03-10T11:36:17+00:00\",\"dateModified\":\"2021-06-25T16:04:39+00:00\",\"mainEntityOfPage\":{\"@id\":\"https:\/\/www.nomus.com.br\/blog-industrial\/como-gerar-um-bom-relatorio-de-analise-de-utilizacao-de-capacidade\/\"},\"wordCount\":1529,\"commentCount\":0,\"image\":{\"@id\":\"https:\/\/www.nomus.com.br\/blog-industrial\/como-gerar-um-bom-relatorio-de-analise-de-utilizacao-de-capacidade\/#primaryimage\"},\"thumbnailUrl\":\"https:\/\/www.nomus.com.br\/blog-industrial\/wp-content\/uploads\/2021\/06\/relatorio-de-utilizacao-da-capacidade.jpg\",\"keywords\":[\"artigo\"],\"articleSection\":[\"Gest\u00e3o de capacidade produtiva\",\"Produ\u00e7\u00e3o\"],\"inLanguage\":\"pt-BR\",\"potentialAction\":[{\"@type\":\"CommentAction\",\"name\":\"Comment\",\"target\":[\"https:\/\/www.nomus.com.br\/blog-industrial\/como-gerar-um-bom-relatorio-de-analise-de-utilizacao-de-capacidade\/#respond\"]}]},{\"@type\":\"WebPage\",\"@id\":\"https:\/\/www.nomus.com.br\/blog-industrial\/como-gerar-um-bom-relatorio-de-analise-de-utilizacao-de-capacidade\/\",\"url\":\"https:\/\/www.nomus.com.br\/blog-industrial\/como-gerar-um-bom-relatorio-de-analise-de-utilizacao-de-capacidade\/\",\"name\":\"Gerando um bom relat\u00f3rio de an\u00e1lise de utiliza\u00e7\u00e3o de capacidade\",\"isPartOf\":{\"@id\":\"https:\/\/www.nomus.com.br\/blog-industrial\/#website\"},\"primaryImageOfPage\":{\"@id\":\"https:\/\/www.nomus.com.br\/blog-industrial\/como-gerar-um-bom-relatorio-de-analise-de-utilizacao-de-capacidade\/#primaryimage\"},\"image\":{\"@id\":\"https:\/\/www.nomus.com.br\/blog-industrial\/como-gerar-um-bom-relatorio-de-analise-de-utilizacao-de-capacidade\/#primaryimage\"},\"thumbnailUrl\":\"https:\/\/www.nomus.com.br\/blog-industrial\/wp-content\/uploads\/2021\/06\/relatorio-de-utilizacao-da-capacidade.jpg\",\"datePublished\":\"2016-03-10T11:36:17+00:00\",\"dateModified\":\"2021-06-25T16:04:39+00:00\",\"author\":{\"@id\":\"https:\/\/www.nomus.com.br\/blog-industrial\/#\/schema\/person\/a0578064f1f316d289d3a729941dbb35\"},\"description\":\"Uma das informa\u00e7\u00f5es mais poderosas que uma boa gest\u00e3o possui \u00e9 sobre o tempo produtivo. Veja como ger\u00e1-la com o relat\u00f3rio de utiliza\u00e7\u00e3o de capacidade\",\"breadcrumb\":{\"@id\":\"https:\/\/www.nomus.com.br\/blog-industrial\/como-gerar-um-bom-relatorio-de-analise-de-utilizacao-de-capacidade\/#breadcrumb\"},\"inLanguage\":\"pt-BR\",\"potentialAction\":[{\"@type\":\"ReadAction\",\"target\":[\"https:\/\/www.nomus.com.br\/blog-industrial\/como-gerar-um-bom-relatorio-de-analise-de-utilizacao-de-capacidade\/\"]}]},{\"@type\":\"ImageObject\",\"inLanguage\":\"pt-BR\",\"@id\":\"https:\/\/www.nomus.com.br\/blog-industrial\/como-gerar-um-bom-relatorio-de-analise-de-utilizacao-de-capacidade\/#primaryimage\",\"url\":\"https:\/\/www.nomus.com.br\/blog-industrial\/wp-content\/uploads\/2021\/06\/relatorio-de-utilizacao-da-capacidade.jpg\",\"contentUrl\":\"https:\/\/www.nomus.com.br\/blog-industrial\/wp-content\/uploads\/2021\/06\/relatorio-de-utilizacao-da-capacidade.jpg\",\"width\":620,\"height\":405},{\"@type\":\"BreadcrumbList\",\"@id\":\"https:\/\/www.nomus.com.br\/blog-industrial\/como-gerar-um-bom-relatorio-de-analise-de-utilizacao-de-capacidade\/#breadcrumb\",\"itemListElement\":[{\"@type\":\"ListItem\",\"position\":1,\"name\":\"Blog Industrial Nomus\",\"item\":\"https:\/\/www.nomus.com.br\/blog-industrial\/\"},{\"@type\":\"ListItem\",\"position\":2,\"name\":\"Produ\u00e7\u00e3o\",\"item\":\"https:\/\/www.nomus.com.br\/blog-industrial\/category\/producao\/\"},{\"@type\":\"ListItem\",\"position\":3,\"name\":\"Como gerar um bom relat\u00f3rio de an\u00e1lise de utiliza\u00e7\u00e3o de capacidade\"}]},{\"@type\":\"WebSite\",\"@id\":\"https:\/\/www.nomus.com.br\/blog-industrial\/#website\",\"url\":\"https:\/\/www.nomus.com.br\/blog-industrial\/\",\"name\":\"Blog Industrial Nomus\",\"description\":\"Artigos, planilhas, ebooks e ferramentas de engenharia de produ\u00e7\u00e3o e para aumentar o lucro da sua f\u00e1brica\",\"potentialAction\":[{\"@type\":\"SearchAction\",\"target\":{\"@type\":\"EntryPoint\",\"urlTemplate\":\"https:\/\/www.nomus.com.br\/blog-industrial\/?s={search_term_string}\"},\"query-input\":{\"@type\":\"PropertyValueSpecification\",\"valueRequired\":true,\"valueName\":\"search_term_string\"}}],\"inLanguage\":\"pt-BR\"},{\"@type\":\"Person\",\"@id\":\"https:\/\/www.nomus.com.br\/blog-industrial\/#\/schema\/person\/a0578064f1f316d289d3a729941dbb35\",\"name\":\"Celso Monteiro\",\"image\":{\"@type\":\"ImageObject\",\"inLanguage\":\"pt-BR\",\"@id\":\"https:\/\/www.nomus.com.br\/blog-industrial\/#\/schema\/person\/image\/\",\"url\":\"https:\/\/www.nomus.com.br\/blog-industrial\/wp-content\/uploads\/2025\/04\/cropped-1672944373994-96x96.jpg\",\"contentUrl\":\"https:\/\/www.nomus.com.br\/blog-industrial\/wp-content\/uploads\/2025\/04\/cropped-1672944373994-96x96.jpg\",\"caption\":\"Celso Monteiro\"},\"description\":\"Engenheiro de Produ\u00e7\u00e3o formado pelo CEFET, S\u00f3cio e L\u00edder de implanta\u00e7\u00e3o e sucesso do cliente na Nomus. Celso j\u00e1 atuou em f\u00e1bricas de diversos setores, como: metal mec\u00e2nica, materiais de escrit\u00f3rio, artefatos de concreto, perfura\u00e7\u00e3o, cabos e cordas navais, t\u00eaxtil (confec\u00e7\u00e3o e tinturaria), reciclagem de metal, dentre outros segmentos.\",\"sameAs\":[\"https:\/\/www.linkedin.com\/in\/celso-monteiro-aa730184\/\"],\"url\":\"https:\/\/www.nomus.com.br\/blog-industrial\/author\/celsomonteiro\/\"}]}<\/script>\n","yoast_head_json":{"title":"Gerando um bom relat\u00f3rio de an\u00e1lise de utiliza\u00e7\u00e3o de capacidade","description":"Uma das informa\u00e7\u00f5es mais poderosas que uma boa gest\u00e3o possui \u00e9 sobre o tempo produtivo. Veja como ger\u00e1-la com o relat\u00f3rio de utiliza\u00e7\u00e3o de capacidade","robots":{"index":"index","follow":"follow","max-snippet":"max-snippet:-1","max-image-preview":"max-image-preview:large","max-video-preview":"max-video-preview:-1"},"canonical":"https:\/\/www.nomus.com.br\/blog-industrial\/como-gerar-um-bom-relatorio-de-analise-de-utilizacao-de-capacidade\/","og_locale":"pt_BR","og_type":"article","og_title":"Gerando um bom relat\u00f3rio de an\u00e1lise de utiliza\u00e7\u00e3o de capacidade","og_description":"Uma das informa\u00e7\u00f5es mais poderosas que uma boa gest\u00e3o possui \u00e9 sobre o tempo produtivo. Veja como ger\u00e1-la com o relat\u00f3rio de utiliza\u00e7\u00e3o de capacidade","og_url":"https:\/\/www.nomus.com.br\/blog-industrial\/como-gerar-um-bom-relatorio-de-analise-de-utilizacao-de-capacidade\/","og_site_name":"Blog Industrial Nomus","article_publisher":"https:\/\/www.facebook.com\/nomussoftwares","article_published_time":"2016-03-10T11:36:17+00:00","article_modified_time":"2021-06-25T16:04:39+00:00","og_image":[{"width":620,"height":405,"url":"https:\/\/www.nomus.com.br\/blog-industrial\/wp-content\/uploads\/2021\/06\/relatorio-de-utilizacao-da-capacidade.jpg","type":"image\/jpeg"}],"author":"Celso Monteiro","twitter_card":"summary_large_image","twitter_image":"https:\/\/www.nomus.com.br\/blog-industrial\/wp-content\/uploads\/2021\/06\/relatorio-de-utilizacao-da-capacidade.jpg","twitter_creator":"@nomusindustrial","twitter_site":"@nomusindustrial","twitter_misc":{"Escrito por":"Celso Monteiro","Est. tempo de leitura":"8 minutos"},"schema":{"@context":"https:\/\/schema.org","@graph":[{"@type":"Article","@id":"https:\/\/www.nomus.com.br\/blog-industrial\/como-gerar-um-bom-relatorio-de-analise-de-utilizacao-de-capacidade\/#article","isPartOf":{"@id":"https:\/\/www.nomus.com.br\/blog-industrial\/como-gerar-um-bom-relatorio-de-analise-de-utilizacao-de-capacidade\/"},"author":{"name":"Celso Monteiro","@id":"https:\/\/www.nomus.com.br\/blog-industrial\/#\/schema\/person\/a0578064f1f316d289d3a729941dbb35"},"headline":"Como gerar um bom relat\u00f3rio de an\u00e1lise de utiliza\u00e7\u00e3o de capacidade","datePublished":"2016-03-10T11:36:17+00:00","dateModified":"2021-06-25T16:04:39+00:00","mainEntityOfPage":{"@id":"https:\/\/www.nomus.com.br\/blog-industrial\/como-gerar-um-bom-relatorio-de-analise-de-utilizacao-de-capacidade\/"},"wordCount":1529,"commentCount":0,"image":{"@id":"https:\/\/www.nomus.com.br\/blog-industrial\/como-gerar-um-bom-relatorio-de-analise-de-utilizacao-de-capacidade\/#primaryimage"},"thumbnailUrl":"https:\/\/www.nomus.com.br\/blog-industrial\/wp-content\/uploads\/2021\/06\/relatorio-de-utilizacao-da-capacidade.jpg","keywords":["artigo"],"articleSection":["Gest\u00e3o de capacidade produtiva","Produ\u00e7\u00e3o"],"inLanguage":"pt-BR","potentialAction":[{"@type":"CommentAction","name":"Comment","target":["https:\/\/www.nomus.com.br\/blog-industrial\/como-gerar-um-bom-relatorio-de-analise-de-utilizacao-de-capacidade\/#respond"]}]},{"@type":"WebPage","@id":"https:\/\/www.nomus.com.br\/blog-industrial\/como-gerar-um-bom-relatorio-de-analise-de-utilizacao-de-capacidade\/","url":"https:\/\/www.nomus.com.br\/blog-industrial\/como-gerar-um-bom-relatorio-de-analise-de-utilizacao-de-capacidade\/","name":"Gerando um bom relat\u00f3rio de an\u00e1lise de utiliza\u00e7\u00e3o de capacidade","isPartOf":{"@id":"https:\/\/www.nomus.com.br\/blog-industrial\/#website"},"primaryImageOfPage":{"@id":"https:\/\/www.nomus.com.br\/blog-industrial\/como-gerar-um-bom-relatorio-de-analise-de-utilizacao-de-capacidade\/#primaryimage"},"image":{"@id":"https:\/\/www.nomus.com.br\/blog-industrial\/como-gerar-um-bom-relatorio-de-analise-de-utilizacao-de-capacidade\/#primaryimage"},"thumbnailUrl":"https:\/\/www.nomus.com.br\/blog-industrial\/wp-content\/uploads\/2021\/06\/relatorio-de-utilizacao-da-capacidade.jpg","datePublished":"2016-03-10T11:36:17+00:00","dateModified":"2021-06-25T16:04:39+00:00","author":{"@id":"https:\/\/www.nomus.com.br\/blog-industrial\/#\/schema\/person\/a0578064f1f316d289d3a729941dbb35"},"description":"Uma das informa\u00e7\u00f5es mais poderosas que uma boa gest\u00e3o possui \u00e9 sobre o tempo produtivo. Veja como ger\u00e1-la com o relat\u00f3rio de utiliza\u00e7\u00e3o de capacidade","breadcrumb":{"@id":"https:\/\/www.nomus.com.br\/blog-industrial\/como-gerar-um-bom-relatorio-de-analise-de-utilizacao-de-capacidade\/#breadcrumb"},"inLanguage":"pt-BR","potentialAction":[{"@type":"ReadAction","target":["https:\/\/www.nomus.com.br\/blog-industrial\/como-gerar-um-bom-relatorio-de-analise-de-utilizacao-de-capacidade\/"]}]},{"@type":"ImageObject","inLanguage":"pt-BR","@id":"https:\/\/www.nomus.com.br\/blog-industrial\/como-gerar-um-bom-relatorio-de-analise-de-utilizacao-de-capacidade\/#primaryimage","url":"https:\/\/www.nomus.com.br\/blog-industrial\/wp-content\/uploads\/2021\/06\/relatorio-de-utilizacao-da-capacidade.jpg","contentUrl":"https:\/\/www.nomus.com.br\/blog-industrial\/wp-content\/uploads\/2021\/06\/relatorio-de-utilizacao-da-capacidade.jpg","width":620,"height":405},{"@type":"BreadcrumbList","@id":"https:\/\/www.nomus.com.br\/blog-industrial\/como-gerar-um-bom-relatorio-de-analise-de-utilizacao-de-capacidade\/#breadcrumb","itemListElement":[{"@type":"ListItem","position":1,"name":"Blog Industrial Nomus","item":"https:\/\/www.nomus.com.br\/blog-industrial\/"},{"@type":"ListItem","position":2,"name":"Produ\u00e7\u00e3o","item":"https:\/\/www.nomus.com.br\/blog-industrial\/category\/producao\/"},{"@type":"ListItem","position":3,"name":"Como gerar um bom relat\u00f3rio de an\u00e1lise de utiliza\u00e7\u00e3o de capacidade"}]},{"@type":"WebSite","@id":"https:\/\/www.nomus.com.br\/blog-industrial\/#website","url":"https:\/\/www.nomus.com.br\/blog-industrial\/","name":"Blog Industrial Nomus","description":"Artigos, planilhas, ebooks e ferramentas de engenharia de produ\u00e7\u00e3o e para aumentar o lucro da sua f\u00e1brica","potentialAction":[{"@type":"SearchAction","target":{"@type":"EntryPoint","urlTemplate":"https:\/\/www.nomus.com.br\/blog-industrial\/?s={search_term_string}"},"query-input":{"@type":"PropertyValueSpecification","valueRequired":true,"valueName":"search_term_string"}}],"inLanguage":"pt-BR"},{"@type":"Person","@id":"https:\/\/www.nomus.com.br\/blog-industrial\/#\/schema\/person\/a0578064f1f316d289d3a729941dbb35","name":"Celso Monteiro","image":{"@type":"ImageObject","inLanguage":"pt-BR","@id":"https:\/\/www.nomus.com.br\/blog-industrial\/#\/schema\/person\/image\/","url":"https:\/\/www.nomus.com.br\/blog-industrial\/wp-content\/uploads\/2025\/04\/cropped-1672944373994-96x96.jpg","contentUrl":"https:\/\/www.nomus.com.br\/blog-industrial\/wp-content\/uploads\/2025\/04\/cropped-1672944373994-96x96.jpg","caption":"Celso Monteiro"},"description":"Engenheiro de Produ\u00e7\u00e3o formado pelo CEFET, S\u00f3cio e L\u00edder de implanta\u00e7\u00e3o e sucesso do cliente na Nomus. Celso j\u00e1 atuou em f\u00e1bricas de diversos setores, como: metal mec\u00e2nica, materiais de escrit\u00f3rio, artefatos de concreto, perfura\u00e7\u00e3o, cabos e cordas navais, t\u00eaxtil (confec\u00e7\u00e3o e tinturaria), reciclagem de metal, dentre outros segmentos.","sameAs":["https:\/\/www.linkedin.com\/in\/celso-monteiro-aa730184\/"],"url":"https:\/\/www.nomus.com.br\/blog-industrial\/author\/celsomonteiro\/"}]}},"_links":{"self":[{"href":"https:\/\/www.nomus.com.br\/blog-industrial\/wp-json\/wp\/v2\/posts\/2882","targetHints":{"allow":["GET"]}}],"collection":[{"href":"https:\/\/www.nomus.com.br\/blog-industrial\/wp-json\/wp\/v2\/posts"}],"about":[{"href":"https:\/\/www.nomus.com.br\/blog-industrial\/wp-json\/wp\/v2\/types\/post"}],"author":[{"embeddable":true,"href":"https:\/\/www.nomus.com.br\/blog-industrial\/wp-json\/wp\/v2\/users\/5"}],"replies":[{"embeddable":true,"href":"https:\/\/www.nomus.com.br\/blog-industrial\/wp-json\/wp\/v2\/comments?post=2882"}],"version-history":[{"count":14,"href":"https:\/\/www.nomus.com.br\/blog-industrial\/wp-json\/wp\/v2\/posts\/2882\/revisions"}],"predecessor-version":[{"id":12940,"href":"https:\/\/www.nomus.com.br\/blog-industrial\/wp-json\/wp\/v2\/posts\/2882\/revisions\/12940"}],"wp:featuredmedia":[{"embeddable":true,"href":"https:\/\/www.nomus.com.br\/blog-industrial\/wp-json\/wp\/v2\/media\/12938"}],"wp:attachment":[{"href":"https:\/\/www.nomus.com.br\/blog-industrial\/wp-json\/wp\/v2\/media?parent=2882"}],"wp:term":[{"taxonomy":"category","embeddable":true,"href":"https:\/\/www.nomus.com.br\/blog-industrial\/wp-json\/wp\/v2\/categories?post=2882"},{"taxonomy":"post_tag","embeddable":true,"href":"https:\/\/www.nomus.com.br\/blog-industrial\/wp-json\/wp\/v2\/tags?post=2882"}],"curies":[{"name":"wp","href":"https:\/\/api.w.org\/{rel}","templated":true}]}}