{"id":28176,"date":"2025-01-09T00:01:00","date_gmt":"2025-01-09T03:01:00","guid":{"rendered":"https:\/\/www.nomus.com.br\/blog-industrial\/?p=28176"},"modified":"2026-03-04T16:58:42","modified_gmt":"2026-03-04T19:58:42","slug":"liderancas-femininas-da-industria","status":"publish","type":"post","link":"https:\/\/www.nomus.com.br\/blog-industrial\/liderancas-femininas-da-industria\/","title":{"rendered":"8 Lideran\u00e7as femininas da ind\u00fastria para se inspirar"},"content":{"rendered":"\n<div class=\"text-center\"><a href=\"https:\/\/material.nomus.com.br\/ferramentas-de-gestao\" class=\"bannergerado\" target=\"_blank\"><img decoding=\"async\" id=\"BannerManual\" data-src=\"https:\/\/www.nomus.com.br\/blog-industrial\/wp-content\/uploads\/2020\/07\/guia-das-ferramentas-de-gestao.jpg\" class=\"size-full bannerpadrao lazyload\" alt=\"Ferramentas de gest\u00e3o\" src=\"data:image\/svg+xml;base64,PHN2ZyB3aWR0aD0iMSIgaGVpZ2h0PSIxIiB4bWxucz0iaHR0cDovL3d3dy53My5vcmcvMjAwMC9zdmciPjwvc3ZnPg==\" style=\"--smush-placeholder-width: 650px; --smush-placeholder-aspect-ratio: 650\/260;\"><\/a><\/div>\n\n\n\n<p>As mulheres trazem grandes revolu\u00e7\u00f5es e muitos resultados para o setor industrial. \u00c9 imposs\u00edvel trazer uma lista de TODAS que j\u00e1 contribu\u00edram para a ind\u00fastria, mas eu trouxe 8 que se destacaram em minha pesquisa por nomes inspiradores.<\/p>\n\n\n\n<p>Fazer essa separa\u00e7\u00e3o foi dif\u00edcil. H\u00e1 muitas mulheres importantes, mas acredito que consegui chegar a uma boa lista. Foquei em variar suas origens, setores dentro da ind\u00fastria e at\u00e9 mesmo fun\u00e7\u00f5es. Isso porque as contribui\u00e7\u00f5es podem ser tanto no <a href=\"https:\/\/www.nomus.com.br\/blog-industrial\/chao-de-fabrica\/\">ch\u00e3o de f\u00e1brica<\/a> quanto fora dele.<\/p>\n\n\n\n<p>Abaixo das descri\u00e7\u00f5es de suas hist\u00f3rias, voc\u00ea encontrar\u00e1 links para conhecer melhor as profissionais em destaque conforme seus perfis e p\u00e1ginas digitais em car\u00e1ter p\u00fablico. \u00c9 uma excelente oportunidade de se inspirar como profissional da ind\u00fastria &#8211; seja voc\u00ea homem ou mulher.<\/p>\n\n\n\n<p>Obrigado e vamos em frente!<\/p>\n\n\n\n\n\n\n<div class=\"wp-block-image\">\n<figure class=\"aligncenter size-full\"><img decoding=\"async\" width=\"620\" height=\"405\" data-src=\"https:\/\/www.nomus.com.br\/blog-industrial\/wp-content\/uploads\/2025\/01\/lideranca-feminina-na-industria.jpg\" alt=\"7 Lideran\u00e7as femininas da ind\u00fastria para se inspirar\" class=\"wp-image-28179 lazyload\" data-srcset=\"https:\/\/www.nomus.com.br\/blog-industrial\/wp-content\/uploads\/2025\/01\/lideranca-feminina-na-industria.jpg 620w, https:\/\/www.nomus.com.br\/blog-industrial\/wp-content\/uploads\/2025\/01\/lideranca-feminina-na-industria-345x225.jpg 345w, https:\/\/www.nomus.com.br\/blog-industrial\/wp-content\/uploads\/2025\/01\/lideranca-feminina-na-industria-150x98.jpg 150w\" data-sizes=\"(max-width: 620px) 100vw, 620px\" src=\"data:image\/svg+xml;base64,PHN2ZyB3aWR0aD0iMSIgaGVpZ2h0PSIxIiB4bWxucz0iaHR0cDovL3d3dy53My5vcmcvMjAwMC9zdmciPjwvc3ZnPg==\" style=\"--smush-placeholder-width: 620px; --smush-placeholder-aspect-ratio: 620\/405;\" \/><\/figure>\n<\/div>\n\n\n<h2 class=\"wp-block-heading\">Janaina Rezende, empres\u00e1ria e l\u00edder administrativa e de marketing na Arco Industrial<\/h2>\n\n\n\n<p>Janaina Rezende \u00e9 empres\u00e1ria e atua no mundo dos neg\u00f3cios h\u00e1 quase 17 anos. Ao longo de sua trajet\u00f3ria, construiu experi\u00eancia enfrentando os desafios de equilibrar a vida profissional, a fam\u00edlia e a gest\u00e3o de uma empresa industrial, sempre buscando organiza\u00e7\u00e3o, estrat\u00e9gia e vis\u00e3o de longo prazo.<\/p>\n\n\n\n<p>H\u00e1 cerca de 7 anos na <strong>Arco Industrial<\/strong>, empresa especializada no desenvolvimento de m\u00e1quinas para automa\u00e7\u00e3o de final de linha, Janaina lidera as \u00e1reas <strong>Administrativa e de Marketing<\/strong>. Al\u00e9m disso, participa ativamente do alinhamento estrat\u00e9gico da empresa junto com seu esposo Anderson, contribuindo para decis\u00f5es que impactam \u00e1reas como vendas e produ\u00e7\u00e3o.<\/p>\n\n\n\n<p>Seu trabalho est\u00e1 diretamente ligado \u00e0 gest\u00e3o das informa\u00e7\u00f5es da empresa e ao acompanhamento de indicadores estrat\u00e9gicos, fundamentais para apoiar decis\u00f5es e planejar o crescimento da Arco Industrial. <\/p>\n\n\n\n<p><strong>Conhe\u00e7a o <a href=\"https:\/\/www.linkedin.com\/in\/janaina-rezende-665301178\/\" target=\"_blank\" rel=\"noreferrer noopener\">LinkedIn de Janaina Rezende<\/a> e assista ao v\u00eddeo abaixo para entender mais sobre sua atua\u00e7\u00e3o na Arco Industrial:<\/strong><\/p>\n\n\n\n<figure class=\"wp-block-embed is-type-video is-provider-youtube wp-block-embed-youtube wp-embed-aspect-16-9 wp-has-aspect-ratio\"><div class=\"wp-block-embed__wrapper\">\n<iframe title=\"Impactos do Nomus ERP Industrial na f\u00e1brica de m\u00e1quinas Arco Industrial\" width=\"500\" height=\"281\" data-src=\"https:\/\/www.youtube.com\/embed\/sT5p-n0y-Pk?feature=oembed\" frameborder=\"0\" allow=\"accelerometer; autoplay; clipboard-write; encrypted-media; gyroscope; picture-in-picture; web-share\" referrerpolicy=\"strict-origin-when-cross-origin\" allowfullscreen src=\"data:image\/svg+xml;base64,PHN2ZyB3aWR0aD0iMSIgaGVpZ2h0PSIxIiB4bWxucz0iaHR0cDovL3d3dy53My5vcmcvMjAwMC9zdmciPjwvc3ZnPg==\" class=\"lazyload\" data-load-mode=\"1\"><\/iframe>\n<\/div><\/figure>\n\n\n\n<h2 class=\"wp-block-heading\">Aline Melo &#8211; Engenheira de Produ\u00e7\u00e3o e Especialista em Engenharia de Processos Industriais<\/h2>\n\n\n\n<p>Aline Melo, no momento de publica\u00e7\u00e3o do artigo, ocupa o cargo de Coordenadora de Produ\u00e7\u00e3o de uma Grande Multinacional. S\u00f3 seu t\u00edtulo e empresa mostram que \u00e9 uma profissional de grande conhecimento e experi\u00eancia.<\/p>\n\n\n\n<p>A engenheira assume responsabilidade em um dos grupos industriais mais antigos e firmes do Brasil e n\u00e3o foi seu primeiro cargo desse n\u00edvel. Seu curr\u00edculo ainda passa por companhias de alto valor, tendo forma\u00e7\u00e3o acad\u00eamica s\u00f3lida, com direito a mais de uma gradua\u00e7\u00e3o e MBA.<\/p>\n\n\n\n<p>Veja o Linkedin de <a href=\"https:\/\/www.linkedin.com\/in\/aline-alves-de-melo\" target=\"_blank\" rel=\"noreferrer noopener\">Aline Melo<\/a> e, tamb\u00e9m, assista a uma entrevista com a profissional:<\/p>\n\n\n\n<figure class=\"wp-block-embed is-type-video is-provider-youtube wp-block-embed-youtube wp-embed-aspect-16-9 wp-has-aspect-ratio\"><div class=\"wp-block-embed__wrapper\">\n<iframe title=\"Supervisor de Produ\u00e7\u00e3o: o que faz e desafios na ind\u00fastria | Palavra de Especialista\" width=\"500\" height=\"281\" data-src=\"https:\/\/www.youtube.com\/embed\/b1xn5yqD4QY?feature=oembed\" frameborder=\"0\" allow=\"accelerometer; autoplay; clipboard-write; encrypted-media; gyroscope; picture-in-picture; web-share\" referrerpolicy=\"strict-origin-when-cross-origin\" allowfullscreen src=\"data:image\/svg+xml;base64,PHN2ZyB3aWR0aD0iMSIgaGVpZ2h0PSIxIiB4bWxucz0iaHR0cDovL3d3dy53My5vcmcvMjAwMC9zdmciPjwvc3ZnPg==\" class=\"lazyload\" data-load-mode=\"1\"><\/iframe>\n<\/div><\/figure>\n\n\n\n<h2 class=\"wp-block-heading\">Walqu\u00edria Amaro, Mestra em Administra\u00e7\u00e3o e Assessora T\u00e9cnica de Planejamento<\/h2>\n\n\n\n<p>Atualmente Engenheira de Produ\u00e7\u00e3o e PMO, Walqu\u00edria Amaro est\u00e1 trabalhando com projetos navais. Eu poderia trazer o seu curr\u00edculo e forma\u00e7\u00e3o, que s\u00e3o ricos, e trarei mais \u00e0 frente, mas s\u00f3 de saber que ela atua na ind\u00fastria naval demonstra sua grande capacidade.<\/p>\n\n\n\n<p><a href=\"https:\/\/www.nomus.com.br\/blog-industrial\/engenharia\/\">Engenharia<\/a> no setor naval n\u00e3o \u00e9 brincadeira, \u00e9 bastante complexo e lida com seguran\u00e7a de pessoas e estruturas extremamente caras e detalhadas. Possui forma\u00e7\u00e3o em universidades de renome, como a UERJ, e passou por empresas de grande renome.<\/p>\n\n\n\n<p>Veja o Linkedin de <a href=\"https:\/\/www.linkedin.com\/in\/walquiriadapaz\/\" target=\"_blank\" rel=\"noreferrer noopener\">Walqu\u00edria Amaro<\/a> e, tamb\u00e9m, assista a uma entrevista com a profissional:<\/p>\n\n\n\n<figure class=\"wp-block-embed is-type-video is-provider-youtube wp-block-embed-youtube wp-embed-aspect-16-9 wp-has-aspect-ratio\"><div class=\"wp-block-embed__wrapper\">\n<iframe title=\"OKR: o que \u00e9, como colocar em pr\u00e1tica e como ele impulsiona a ind\u00fastria | Palavra de Especialista\" width=\"500\" height=\"281\" data-src=\"https:\/\/www.youtube.com\/embed\/nfgzXgiiF2s?feature=oembed\" frameborder=\"0\" allow=\"accelerometer; autoplay; clipboard-write; encrypted-media; gyroscope; picture-in-picture; web-share\" referrerpolicy=\"strict-origin-when-cross-origin\" allowfullscreen src=\"data:image\/svg+xml;base64,PHN2ZyB3aWR0aD0iMSIgaGVpZ2h0PSIxIiB4bWxucz0iaHR0cDovL3d3dy53My5vcmcvMjAwMC9zdmciPjwvc3ZnPg==\" class=\"lazyload\" data-load-mode=\"1\"><\/iframe>\n<\/div><\/figure>\n\n\n\n<h2 class=\"wp-block-heading\">Alecsandra Benatti &#8211; Diretora Acad\u00eamica e Profa Universit\u00e1ria<\/h2>\n\n\n\n<p>A ind\u00fastria n\u00e3o \u00e9 liderada ou tocada apenas por quem est\u00e1 dentro de uma f\u00e1brica. Professores que lecionam na \u00e1rea influenciam o futuro dos profissionais que atuar\u00e3o no setor amanh\u00e3. \u00c9 por isso que uma das lideran\u00e7as femininas dessa lista n\u00e3o poderia ser n\u00e3o ser algu\u00e9m como a Professora Universit\u00e1ria e Diretora Acad\u00eamica Benatti.<\/p>\n\n\n\n<p>Com bastante conhecimento sobre o uso de tecnologia para administrar neg\u00f3cios, industriais ou n\u00e3o, nos deu a oportunidade de uma excelente aula e que mostra por que ela \u00e9 uma grande profissional. A conversa est\u00e1 disponibilizada on-line no Canal de Youtube da Nomus.<\/p>\n\n\n\n<p>Assista \u00e0 entrevista com a profissional:<\/p>\n\n\n\n<figure class=\"wp-block-embed is-type-video is-provider-youtube wp-block-embed-youtube wp-embed-aspect-16-9 wp-has-aspect-ratio\"><div class=\"wp-block-embed__wrapper\">\n<iframe title=\"Como Melhorar a Administra\u00e7\u00e3o de Neg\u00f3cios com o Uso de Tecnologia | Palavra de Especialista\" width=\"500\" height=\"281\" data-src=\"https:\/\/www.youtube.com\/embed\/KRfohVdUKBQ?feature=oembed\" frameborder=\"0\" allow=\"accelerometer; autoplay; clipboard-write; encrypted-media; gyroscope; picture-in-picture; web-share\" referrerpolicy=\"strict-origin-when-cross-origin\" allowfullscreen src=\"data:image\/svg+xml;base64,PHN2ZyB3aWR0aD0iMSIgaGVpZ2h0PSIxIiB4bWxucz0iaHR0cDovL3d3dy53My5vcmcvMjAwMC9zdmciPjwvc3ZnPg==\" class=\"lazyload\" data-load-mode=\"1\"><\/iframe>\n<\/div><\/figure>\n\n\n\n<p>Veja tamb\u00e9m: <a href=\"https:\/\/www.nomus.com.br\/blog-industrial\/como-ser-um-bom-lider-na-industria\/\">As 6 dicas de como ser um bom l\u00edder na ind\u00fastria<\/a><\/p>\n\n\n\n<h2 class=\"wp-block-heading\">Ana L\u00facia de la Torre &#8211; Coordenadora de RH<\/h2>\n\n\n\n<p>Ana L\u00facia de la Torre \u00e9 profissional de RH com grande especialidade no setor industrial. Sua forma\u00e7\u00e3o envolve gest\u00e3o de capital humano, MBA de Gest\u00e3o em Recursos Humanos e gradua\u00e7\u00e3o em psicologia. \u00c9 sem d\u00favida uma grande refer\u00eancia de Recursos Humanos na <a href=\"https:\/\/www.nomus.com.br\/blog-industrial\/gestao-industrial\/\">gest\u00e3o industrial<\/a>.<\/p>\n\n\n\n<p>Veja o Linkedin de <a href=\"https:\/\/www.linkedin.com\/in\/ana-l%C3%BAcia-de-la-torre\/\" target=\"_blank\" rel=\"noreferrer noopener\">Ana L\u00facia de la Torre<\/a> e, tamb\u00e9m, assista a uma entrevista com a profissional:<\/p>\n\n\n\n<figure class=\"wp-block-embed is-type-video is-provider-youtube wp-block-embed-youtube wp-embed-aspect-16-9 wp-has-aspect-ratio\"><div class=\"wp-block-embed__wrapper\">\n<iframe title=\"Mercado de Trabalho na Ind\u00fastria: Vis\u00e3o do RH | Palavra de Especialista\" width=\"500\" height=\"281\" data-src=\"https:\/\/www.youtube.com\/embed\/usd4a2g11u0?feature=oembed\" frameborder=\"0\" allow=\"accelerometer; autoplay; clipboard-write; encrypted-media; gyroscope; picture-in-picture; web-share\" referrerpolicy=\"strict-origin-when-cross-origin\" allowfullscreen src=\"data:image\/svg+xml;base64,PHN2ZyB3aWR0aD0iMSIgaGVpZ2h0PSIxIiB4bWxucz0iaHR0cDovL3d3dy53My5vcmcvMjAwMC9zdmciPjwvc3ZnPg==\" class=\"lazyload\" data-load-mode=\"1\"><\/iframe>\n<\/div><\/figure>\n\n\n\n<h2 class=\"wp-block-heading\">Diana Uliana &#8211; Analista de PCP<\/h2>\n\n\n\n<p>Diana Uliana \u00e9 uma profissional de carreira s\u00f3lida com bastante experi\u00eancia e conhecimento em PCP. Na entrevista que ela forneceu ao blog sobre gera\u00e7\u00e3o de necessidade de produ\u00e7\u00e3o dentro do PCP, trouxe conhecimentos ricos e pr\u00e1ticos, provando a profissional que \u00e9.<\/p>\n\n\n\n<p>Assista \u00e0 entrevista com a profissional:<\/p>\n\n\n\n<figure class=\"wp-block-embed is-type-video is-provider-youtube wp-block-embed-youtube wp-embed-aspect-16-9 wp-has-aspect-ratio\"><div class=\"wp-block-embed__wrapper\">\n<iframe title=\"Gera\u00e7\u00e3o da Necessidade de Produ\u00e7\u00e3o dentro do PCP | Palavra de Especialista\" width=\"500\" height=\"281\" data-src=\"https:\/\/www.youtube.com\/embed\/M32aMEuNjDQ?feature=oembed\" frameborder=\"0\" allow=\"accelerometer; autoplay; clipboard-write; encrypted-media; gyroscope; picture-in-picture; web-share\" referrerpolicy=\"strict-origin-when-cross-origin\" allowfullscreen src=\"data:image\/svg+xml;base64,PHN2ZyB3aWR0aD0iMSIgaGVpZ2h0PSIxIiB4bWxucz0iaHR0cDovL3d3dy53My5vcmcvMjAwMC9zdmciPjwvc3ZnPg==\" class=\"lazyload\" data-load-mode=\"1\"><\/iframe>\n<\/div><\/figure>\n\n\n\n<h2 class=\"wp-block-heading\">Viviane Amorim Lima &#8211; Engenheira de Produ\u00e7\u00e3o e Analista de RH<\/h2>\n\n\n\n<p>Viviane Amorim possui forma\u00e7\u00e3o e experi\u00eancia diversificadas dentro do setor industrial. Hoje, ela combina os conhecimentos para ser membro do setor administrativo de uma grande metal\u00fargica e, tamb\u00e9m, da <a href=\"https:\/\/www.nomus.com.br\/blog-industrial\/cipaa\/\">CIPAA<\/a> da empresa. (<a href=\"https:\/\/www.nomus.com.br\/blog-industrial\/cipaa\/\">Saiba o que \u00e9 CIPAA aqui<\/a>).<\/p>\n\n\n\n<p>Sua carreira \u00e9 longa e \u00e9 uma profissional bastante respeitada nas suas \u00e1reas de atua\u00e7\u00e3o. N\u00e3o faltam exemplos da sua trajet\u00f3ria e ter se tornado membro da Comiss\u00e3o Interna de Preven\u00e7\u00e3o de Acidentes e Ass\u00e9dio mostra a responsabilidade com que atua.<\/p>\n\n\n\n<p>Veja o Linkedin de <a href=\"https:\/\/www.linkedin.com\/in\/viviane-amorim-lima-7717b014a\/\" target=\"_blank\" rel=\"noreferrer noopener\">Viviane Amorim<\/a> e, tamb\u00e9m, assista a uma entrevista com a profissional:<\/p>\n\n\n\n<figure class=\"wp-block-embed is-type-video is-provider-youtube wp-block-embed-youtube wp-embed-aspect-16-9 wp-has-aspect-ratio\"><div class=\"wp-block-embed__wrapper\">\n<iframe title=\"CIPAA: o que \u00e9 e como \u00e9 a sua atua\u00e7\u00e3o em uma ind\u00fastria | Palavra de Especialista\" width=\"500\" height=\"281\" data-src=\"https:\/\/www.youtube.com\/embed\/zxOGpYT-X6I?feature=oembed\" frameborder=\"0\" allow=\"accelerometer; autoplay; clipboard-write; encrypted-media; gyroscope; picture-in-picture; web-share\" referrerpolicy=\"strict-origin-when-cross-origin\" allowfullscreen src=\"data:image\/svg+xml;base64,PHN2ZyB3aWR0aD0iMSIgaGVpZ2h0PSIxIiB4bWxucz0iaHR0cDovL3d3dy53My5vcmcvMjAwMC9zdmciPjwvc3ZnPg==\" class=\"lazyload\" data-load-mode=\"1\"><\/iframe>\n<\/div><\/figure>\n\n\n\n<h2 class=\"wp-block-heading\">Lorena Coimbra &#8211; Diretora Executiva e Engenheira de Alimentos da FoodTech<\/h2>\n\n\n\n<p>Lorena Coimbra \u00e9 uma profissional de grande exemplo que lidera a FoodTech, empresa de <a href=\"https:\/\/www.linkedin.com\/posts\/alexander-sanivsky_the-90-day-google-ads-campaign-blueprint-activity-7301587039412494337-GHts?utm_source=social_share_send&amp;utm_medium=member_desktop_web&amp;rcm=ACoAAATO71QBr5i-n-hKfefQm-pdbn36lKYI-DU\">consultoria da ind\u00fastria<\/a> aliment\u00edcia. Seu conhecimento sobre produ\u00e7\u00e3o, sanitariedade, <a href=\"https:\/\/www.nomus.com.br\/blog-industrial\/gestao-de-estoque\/\">gest\u00e3o de estoque<\/a> e todos os detalhes importantes desse setor s\u00e3o base da sua posi\u00e7\u00e3o.<\/p>\n\n\n\n<p>Sua carreira \u00e9 longa e frut\u00edfera. Chegou a atuar na UNIDO como Mentora de Neg\u00f3cios em Guin\u00e9-Bissau, sendo uma profissional de reconhecimento internacional, e tem forma\u00e7\u00e3o em grandes universidades, como UFFRJ e IFRJ.<\/p>\n\n\n\n<p>Veja o Linkedin de <a href=\"https:\/\/www.linkedin.com\/in\/lorenaocoimbra\/\" target=\"_blank\" rel=\"noreferrer noopener\">Lorena Coimbra<\/a> e, tamb\u00e9m, assista a uma entrevista com a profissional:<\/p>\n\n\n\n<figure class=\"wp-block-embed is-type-video is-provider-youtube wp-block-embed-youtube wp-embed-aspect-16-9 wp-has-aspect-ratio\"><div class=\"wp-block-embed__wrapper\">\n<iframe title=\"Seguran\u00e7a de alimentos: o que \u00e9, como melhorar os processos de uma ind\u00fastria de alimentos\" width=\"500\" height=\"281\" data-src=\"https:\/\/www.youtube.com\/embed\/vHAySB3xxhg?feature=oembed\" frameborder=\"0\" allow=\"accelerometer; autoplay; clipboard-write; encrypted-media; gyroscope; picture-in-picture; web-share\" referrerpolicy=\"strict-origin-when-cross-origin\" allowfullscreen src=\"data:image\/svg+xml;base64,PHN2ZyB3aWR0aD0iMSIgaGVpZ2h0PSIxIiB4bWxucz0iaHR0cDovL3d3dy53My5vcmcvMjAwMC9zdmciPjwvc3ZnPg==\" class=\"lazyload\" data-load-mode=\"1\"><\/iframe>\n<\/div><\/figure>\n\n\n\n<h2 class=\"wp-block-heading\">Oportunidade para avan\u00e7ar na carreira e ser l\u00edder na ind\u00fastria<\/h2>\n\n\n\n<p>Voc\u00ea, mulher ou homem, podem se juntar \u00e0 lista de grandes profissionais da ind\u00fastria e que v\u00e3o al\u00e9m dessas 7 lideran\u00e7as femininas. Para isso, \u00e9 preciso continuar investindo em conhecimento e experi\u00eancia na carreira. Eu posso te ajudar com isso e de forma <strong>totalmente gratuita<\/strong>.<\/p>\n\n\n\n<p>A <a href=\"https:\/\/www.nomus.com.br\/blog-industrial\/certificacao-nomus\/\">Certifica\u00e7\u00e3o Nomus<\/a> \u00e9 um conjunto de certifica\u00e7\u00f5es gratuitas que habilitam profissionais a operarem o sistema Nomus <a href=\"https:\/\/www.nomus.com.br\/blog-industrial\/erp\/\">ERP<\/a> Industrial. Esse conhecimento, t\u00e3o \u00fanico e especializado, \u00e9 a porta para diversas oportunidades do mercado de trabalho. Ser capaz de liderar a opera\u00e7\u00e3o do ERP colocar\u00e1 voc\u00ea em uma posi\u00e7\u00e3o importante dentro da ind\u00fastria.<\/p>\n\n\n\n<p>Saiba mais:<\/p>\n\n\n\n<div class=\"text-center\"><a href=\"https:\/\/www.nomus.com.br\/certificacao\" class=\"bannergerado\" target=\"_blank\"><img decoding=\"async\" id=\"BannerManual\" data-src=\"https:\/\/www.nomus.com.br\/blog-industrial\/wp-content\/uploads\/2024\/04\/Banner-blog-certificacao-nomus.jpg\" class=\"size-full bannerpadrao lazyload\" alt=\"Certificacao Nomus\" src=\"data:image\/svg+xml;base64,PHN2ZyB3aWR0aD0iMSIgaGVpZ2h0PSIxIiB4bWxucz0iaHR0cDovL3d3dy53My5vcmcvMjAwMC9zdmciPjwvc3ZnPg==\" style=\"--smush-placeholder-width: 650px; --smush-placeholder-aspect-ratio: 650\/260;\"><\/a><\/div>\n","protected":false},"excerpt":{"rendered":"<p>As mulheres trazem grandes revolu\u00e7\u00f5es e muitos resultados para o setor industrial. \u00c9 imposs\u00edvel trazer uma lista de TODAS que j\u00e1 contribu\u00edram para a ind\u00fastria, mas eu trouxe 8 que se destacaram em minha pesquisa por nomes inspiradores. Fazer essa separa\u00e7\u00e3o foi dif\u00edcil. H\u00e1 muitas mulheres importantes, mas acredito que consegui chegar a uma boa [&hellip;]<\/p>\n","protected":false},"author":24,"featured_media":28179,"comment_status":"open","ping_status":"open","sticky":false,"template":"","format":"standard","meta":{"_acf_changed":false,"footnotes":""},"categories":[80],"tags":[48],"class_list":["post-28176","post","type-post","status-publish","format-standard","has-post-thumbnail","hentry","category-lideranca","tag-artigo"],"acf":[],"yoast_head":"\n<title>8 Lideran\u00e7as femininas da ind\u00fastria para se inspirar<\/title>\n<meta name=\"description\" content=\"Conhe\u00e7a 8 lideran\u00e7as femininas de grande reconhecimento na ind\u00fastria para se inspirar e avan\u00e7ar na carreira, enfrentando seus obst\u00e1culos.\" \/>\n<meta name=\"robots\" content=\"index, follow, max-snippet:-1, max-image-preview:large, max-video-preview:-1\" \/>\n<link rel=\"canonical\" href=\"https:\/\/www.nomus.com.br\/blog-industrial\/liderancas-femininas-da-industria\/\" \/>\n<meta property=\"og:locale\" content=\"pt_BR\" \/>\n<meta property=\"og:type\" content=\"article\" \/>\n<meta property=\"og:title\" content=\"8 Lideran\u00e7as femininas da ind\u00fastria para se inspirar\" \/>\n<meta property=\"og:description\" content=\"Conhe\u00e7a 8 lideran\u00e7as femininas de grande reconhecimento na ind\u00fastria para se inspirar e avan\u00e7ar na carreira, enfrentando seus obst\u00e1culos.\" \/>\n<meta property=\"og:url\" content=\"https:\/\/www.nomus.com.br\/blog-industrial\/liderancas-femininas-da-industria\/\" \/>\n<meta property=\"og:site_name\" content=\"Blog Industrial Nomus\" \/>\n<meta property=\"article:publisher\" content=\"https:\/\/www.facebook.com\/nomussoftwares\" \/>\n<meta property=\"article:published_time\" content=\"2025-01-09T03:01:00+00:00\" \/>\n<meta property=\"article:modified_time\" content=\"2026-03-04T19:58:42+00:00\" \/>\n<meta property=\"og:image\" content=\"https:\/\/www.nomus.com.br\/blog-industrial\/wp-content\/uploads\/2025\/01\/lideranca-feminina-na-industria.jpg\" \/>\n\t<meta property=\"og:image:width\" content=\"620\" \/>\n\t<meta property=\"og:image:height\" content=\"405\" \/>\n\t<meta property=\"og:image:type\" content=\"image\/jpeg\" \/>\n<meta name=\"author\" content=\"Rafaela Barreto\" \/>\n<meta name=\"twitter:card\" content=\"summary_large_image\" \/>\n<meta name=\"twitter:creator\" content=\"@nomusindustrial\" \/>\n<meta name=\"twitter:site\" content=\"@nomusindustrial\" \/>\n<meta name=\"twitter:label1\" content=\"Escrito por\" \/>\n\t<meta name=\"twitter:data1\" content=\"Rafaela Barreto\" \/>\n\t<meta name=\"twitter:label2\" content=\"Est. tempo de leitura\" \/>\n\t<meta name=\"twitter:data2\" content=\"7 minutos\" \/>\n<script type=\"application\/ld+json\" class=\"yoast-schema-graph\">{\"@context\":\"https:\/\/schema.org\",\"@graph\":[{\"@type\":\"Article\",\"@id\":\"https:\/\/www.nomus.com.br\/blog-industrial\/liderancas-femininas-da-industria\/#article\",\"isPartOf\":{\"@id\":\"https:\/\/www.nomus.com.br\/blog-industrial\/liderancas-femininas-da-industria\/\"},\"author\":{\"name\":\"Rafaela Barreto\",\"@id\":\"https:\/\/www.nomus.com.br\/blog-industrial\/#\/schema\/person\/d4b457cc2944a3a68b2c6ec47c5dd17e\"},\"headline\":\"8 Lideran\u00e7as femininas da ind\u00fastria para se inspirar\",\"datePublished\":\"2025-01-09T03:01:00+00:00\",\"dateModified\":\"2026-03-04T19:58:42+00:00\",\"mainEntityOfPage\":{\"@id\":\"https:\/\/www.nomus.com.br\/blog-industrial\/liderancas-femininas-da-industria\/\"},\"wordCount\":1250,\"commentCount\":0,\"image\":{\"@id\":\"https:\/\/www.nomus.com.br\/blog-industrial\/liderancas-femininas-da-industria\/#primaryimage\"},\"thumbnailUrl\":\"https:\/\/www.nomus.com.br\/blog-industrial\/wp-content\/uploads\/2025\/01\/lideranca-feminina-na-industria.jpg\",\"keywords\":[\"artigo\"],\"articleSection\":[\"Lideran\u00e7a\"],\"inLanguage\":\"pt-BR\",\"potentialAction\":[{\"@type\":\"CommentAction\",\"name\":\"Comment\",\"target\":[\"https:\/\/www.nomus.com.br\/blog-industrial\/liderancas-femininas-da-industria\/#respond\"]}]},{\"@type\":\"WebPage\",\"@id\":\"https:\/\/www.nomus.com.br\/blog-industrial\/liderancas-femininas-da-industria\/\",\"url\":\"https:\/\/www.nomus.com.br\/blog-industrial\/liderancas-femininas-da-industria\/\",\"name\":\"8 Lideran\u00e7as femininas da ind\u00fastria para se inspirar\",\"isPartOf\":{\"@id\":\"https:\/\/www.nomus.com.br\/blog-industrial\/#website\"},\"primaryImageOfPage\":{\"@id\":\"https:\/\/www.nomus.com.br\/blog-industrial\/liderancas-femininas-da-industria\/#primaryimage\"},\"image\":{\"@id\":\"https:\/\/www.nomus.com.br\/blog-industrial\/liderancas-femininas-da-industria\/#primaryimage\"},\"thumbnailUrl\":\"https:\/\/www.nomus.com.br\/blog-industrial\/wp-content\/uploads\/2025\/01\/lideranca-feminina-na-industria.jpg\",\"datePublished\":\"2025-01-09T03:01:00+00:00\",\"dateModified\":\"2026-03-04T19:58:42+00:00\",\"author\":{\"@id\":\"https:\/\/www.nomus.com.br\/blog-industrial\/#\/schema\/person\/d4b457cc2944a3a68b2c6ec47c5dd17e\"},\"description\":\"Conhe\u00e7a 8 lideran\u00e7as femininas de grande reconhecimento na ind\u00fastria para se inspirar e avan\u00e7ar na carreira, enfrentando seus obst\u00e1culos.\",\"breadcrumb\":{\"@id\":\"https:\/\/www.nomus.com.br\/blog-industrial\/liderancas-femininas-da-industria\/#breadcrumb\"},\"inLanguage\":\"pt-BR\",\"potentialAction\":[{\"@type\":\"ReadAction\",\"target\":[\"https:\/\/www.nomus.com.br\/blog-industrial\/liderancas-femininas-da-industria\/\"]}]},{\"@type\":\"ImageObject\",\"inLanguage\":\"pt-BR\",\"@id\":\"https:\/\/www.nomus.com.br\/blog-industrial\/liderancas-femininas-da-industria\/#primaryimage\",\"url\":\"https:\/\/www.nomus.com.br\/blog-industrial\/wp-content\/uploads\/2025\/01\/lideranca-feminina-na-industria.jpg\",\"contentUrl\":\"https:\/\/www.nomus.com.br\/blog-industrial\/wp-content\/uploads\/2025\/01\/lideranca-feminina-na-industria.jpg\",\"width\":620,\"height\":405,\"caption\":\"7 Lideran\u00e7as femininas da ind\u00fastria para se inspirar\"},{\"@type\":\"BreadcrumbList\",\"@id\":\"https:\/\/www.nomus.com.br\/blog-industrial\/liderancas-femininas-da-industria\/#breadcrumb\",\"itemListElement\":[{\"@type\":\"ListItem\",\"position\":1,\"name\":\"Blog Industrial Nomus\",\"item\":\"https:\/\/www.nomus.com.br\/blog-industrial\/\"},{\"@type\":\"ListItem\",\"position\":2,\"name\":\"Lideran\u00e7a\",\"item\":\"https:\/\/www.nomus.com.br\/blog-industrial\/category\/lideranca\/\"},{\"@type\":\"ListItem\",\"position\":3,\"name\":\"8 Lideran\u00e7as femininas da ind\u00fastria para se inspirar\"}]},{\"@type\":\"WebSite\",\"@id\":\"https:\/\/www.nomus.com.br\/blog-industrial\/#website\",\"url\":\"https:\/\/www.nomus.com.br\/blog-industrial\/\",\"name\":\"Blog Industrial Nomus\",\"description\":\"Artigos, planilhas, ebooks e ferramentas de engenharia de produ\u00e7\u00e3o e para aumentar o lucro da sua f\u00e1brica\",\"potentialAction\":[{\"@type\":\"SearchAction\",\"target\":{\"@type\":\"EntryPoint\",\"urlTemplate\":\"https:\/\/www.nomus.com.br\/blog-industrial\/?s={search_term_string}\"},\"query-input\":{\"@type\":\"PropertyValueSpecification\",\"valueRequired\":true,\"valueName\":\"search_term_string\"}}],\"inLanguage\":\"pt-BR\"},{\"@type\":\"Person\",\"@id\":\"https:\/\/www.nomus.com.br\/blog-industrial\/#\/schema\/person\/d4b457cc2944a3a68b2c6ec47c5dd17e\",\"name\":\"Rafaela Barreto\",\"image\":{\"@type\":\"ImageObject\",\"inLanguage\":\"pt-BR\",\"@id\":\"https:\/\/www.nomus.com.br\/blog-industrial\/#\/schema\/person\/image\/\",\"url\":\"https:\/\/www.nomus.com.br\/blog-industrial\/wp-content\/uploads\/2025\/04\/T015FBQU002-U015FKAAY91-034fda6b7b6e-512-96x96.png\",\"contentUrl\":\"https:\/\/www.nomus.com.br\/blog-industrial\/wp-content\/uploads\/2025\/04\/T015FBQU002-U015FKAAY91-034fda6b7b6e-512-96x96.png\",\"caption\":\"Rafaela Barreto\"},\"description\":\"L\u00edder de Parcerias na Nomus; Jornalista formada na UFJF, p\u00f3s-graduada em Transforma\u00e7\u00e3o Digital pela USP e em Marketing pela USP\",\"url\":\"https:\/\/www.nomus.com.br\/blog-industrial\/author\/rafaelabarreto\/\"}]}<\/script>\n","yoast_head_json":{"title":"8 Lideran\u00e7as femininas da ind\u00fastria para se inspirar","description":"Conhe\u00e7a 8 lideran\u00e7as femininas de grande reconhecimento na ind\u00fastria para se inspirar e avan\u00e7ar na carreira, enfrentando seus obst\u00e1culos.","robots":{"index":"index","follow":"follow","max-snippet":"max-snippet:-1","max-image-preview":"max-image-preview:large","max-video-preview":"max-video-preview:-1"},"canonical":"https:\/\/www.nomus.com.br\/blog-industrial\/liderancas-femininas-da-industria\/","og_locale":"pt_BR","og_type":"article","og_title":"8 Lideran\u00e7as femininas da ind\u00fastria para se inspirar","og_description":"Conhe\u00e7a 8 lideran\u00e7as femininas de grande reconhecimento na ind\u00fastria para se inspirar e avan\u00e7ar na carreira, enfrentando seus obst\u00e1culos.","og_url":"https:\/\/www.nomus.com.br\/blog-industrial\/liderancas-femininas-da-industria\/","og_site_name":"Blog Industrial Nomus","article_publisher":"https:\/\/www.facebook.com\/nomussoftwares","article_published_time":"2025-01-09T03:01:00+00:00","article_modified_time":"2026-03-04T19:58:42+00:00","og_image":[{"width":620,"height":405,"url":"https:\/\/www.nomus.com.br\/blog-industrial\/wp-content\/uploads\/2025\/01\/lideranca-feminina-na-industria.jpg","type":"image\/jpeg"}],"author":"Rafaela Barreto","twitter_card":"summary_large_image","twitter_creator":"@nomusindustrial","twitter_site":"@nomusindustrial","twitter_misc":{"Escrito por":"Rafaela Barreto","Est. tempo de leitura":"7 minutos"},"schema":{"@context":"https:\/\/schema.org","@graph":[{"@type":"Article","@id":"https:\/\/www.nomus.com.br\/blog-industrial\/liderancas-femininas-da-industria\/#article","isPartOf":{"@id":"https:\/\/www.nomus.com.br\/blog-industrial\/liderancas-femininas-da-industria\/"},"author":{"name":"Rafaela Barreto","@id":"https:\/\/www.nomus.com.br\/blog-industrial\/#\/schema\/person\/d4b457cc2944a3a68b2c6ec47c5dd17e"},"headline":"8 Lideran\u00e7as femininas da ind\u00fastria para se inspirar","datePublished":"2025-01-09T03:01:00+00:00","dateModified":"2026-03-04T19:58:42+00:00","mainEntityOfPage":{"@id":"https:\/\/www.nomus.com.br\/blog-industrial\/liderancas-femininas-da-industria\/"},"wordCount":1250,"commentCount":0,"image":{"@id":"https:\/\/www.nomus.com.br\/blog-industrial\/liderancas-femininas-da-industria\/#primaryimage"},"thumbnailUrl":"https:\/\/www.nomus.com.br\/blog-industrial\/wp-content\/uploads\/2025\/01\/lideranca-feminina-na-industria.jpg","keywords":["artigo"],"articleSection":["Lideran\u00e7a"],"inLanguage":"pt-BR","potentialAction":[{"@type":"CommentAction","name":"Comment","target":["https:\/\/www.nomus.com.br\/blog-industrial\/liderancas-femininas-da-industria\/#respond"]}]},{"@type":"WebPage","@id":"https:\/\/www.nomus.com.br\/blog-industrial\/liderancas-femininas-da-industria\/","url":"https:\/\/www.nomus.com.br\/blog-industrial\/liderancas-femininas-da-industria\/","name":"8 Lideran\u00e7as femininas da ind\u00fastria para se inspirar","isPartOf":{"@id":"https:\/\/www.nomus.com.br\/blog-industrial\/#website"},"primaryImageOfPage":{"@id":"https:\/\/www.nomus.com.br\/blog-industrial\/liderancas-femininas-da-industria\/#primaryimage"},"image":{"@id":"https:\/\/www.nomus.com.br\/blog-industrial\/liderancas-femininas-da-industria\/#primaryimage"},"thumbnailUrl":"https:\/\/www.nomus.com.br\/blog-industrial\/wp-content\/uploads\/2025\/01\/lideranca-feminina-na-industria.jpg","datePublished":"2025-01-09T03:01:00+00:00","dateModified":"2026-03-04T19:58:42+00:00","author":{"@id":"https:\/\/www.nomus.com.br\/blog-industrial\/#\/schema\/person\/d4b457cc2944a3a68b2c6ec47c5dd17e"},"description":"Conhe\u00e7a 8 lideran\u00e7as femininas de grande reconhecimento na ind\u00fastria para se inspirar e avan\u00e7ar na carreira, enfrentando seus obst\u00e1culos.","breadcrumb":{"@id":"https:\/\/www.nomus.com.br\/blog-industrial\/liderancas-femininas-da-industria\/#breadcrumb"},"inLanguage":"pt-BR","potentialAction":[{"@type":"ReadAction","target":["https:\/\/www.nomus.com.br\/blog-industrial\/liderancas-femininas-da-industria\/"]}]},{"@type":"ImageObject","inLanguage":"pt-BR","@id":"https:\/\/www.nomus.com.br\/blog-industrial\/liderancas-femininas-da-industria\/#primaryimage","url":"https:\/\/www.nomus.com.br\/blog-industrial\/wp-content\/uploads\/2025\/01\/lideranca-feminina-na-industria.jpg","contentUrl":"https:\/\/www.nomus.com.br\/blog-industrial\/wp-content\/uploads\/2025\/01\/lideranca-feminina-na-industria.jpg","width":620,"height":405,"caption":"7 Lideran\u00e7as femininas da ind\u00fastria para se inspirar"},{"@type":"BreadcrumbList","@id":"https:\/\/www.nomus.com.br\/blog-industrial\/liderancas-femininas-da-industria\/#breadcrumb","itemListElement":[{"@type":"ListItem","position":1,"name":"Blog Industrial Nomus","item":"https:\/\/www.nomus.com.br\/blog-industrial\/"},{"@type":"ListItem","position":2,"name":"Lideran\u00e7a","item":"https:\/\/www.nomus.com.br\/blog-industrial\/category\/lideranca\/"},{"@type":"ListItem","position":3,"name":"8 Lideran\u00e7as femininas da ind\u00fastria para se inspirar"}]},{"@type":"WebSite","@id":"https:\/\/www.nomus.com.br\/blog-industrial\/#website","url":"https:\/\/www.nomus.com.br\/blog-industrial\/","name":"Blog Industrial Nomus","description":"Artigos, planilhas, ebooks e ferramentas de engenharia de produ\u00e7\u00e3o e para aumentar o lucro da sua f\u00e1brica","potentialAction":[{"@type":"SearchAction","target":{"@type":"EntryPoint","urlTemplate":"https:\/\/www.nomus.com.br\/blog-industrial\/?s={search_term_string}"},"query-input":{"@type":"PropertyValueSpecification","valueRequired":true,"valueName":"search_term_string"}}],"inLanguage":"pt-BR"},{"@type":"Person","@id":"https:\/\/www.nomus.com.br\/blog-industrial\/#\/schema\/person\/d4b457cc2944a3a68b2c6ec47c5dd17e","name":"Rafaela Barreto","image":{"@type":"ImageObject","inLanguage":"pt-BR","@id":"https:\/\/www.nomus.com.br\/blog-industrial\/#\/schema\/person\/image\/","url":"https:\/\/www.nomus.com.br\/blog-industrial\/wp-content\/uploads\/2025\/04\/T015FBQU002-U015FKAAY91-034fda6b7b6e-512-96x96.png","contentUrl":"https:\/\/www.nomus.com.br\/blog-industrial\/wp-content\/uploads\/2025\/04\/T015FBQU002-U015FKAAY91-034fda6b7b6e-512-96x96.png","caption":"Rafaela Barreto"},"description":"L\u00edder de Parcerias na Nomus; Jornalista formada na UFJF, p\u00f3s-graduada em Transforma\u00e7\u00e3o Digital pela USP e em Marketing pela USP","url":"https:\/\/www.nomus.com.br\/blog-industrial\/author\/rafaelabarreto\/"}]}},"_links":{"self":[{"href":"https:\/\/www.nomus.com.br\/blog-industrial\/wp-json\/wp\/v2\/posts\/28176","targetHints":{"allow":["GET"]}}],"collection":[{"href":"https:\/\/www.nomus.com.br\/blog-industrial\/wp-json\/wp\/v2\/posts"}],"about":[{"href":"https:\/\/www.nomus.com.br\/blog-industrial\/wp-json\/wp\/v2\/types\/post"}],"author":[{"embeddable":true,"href":"https:\/\/www.nomus.com.br\/blog-industrial\/wp-json\/wp\/v2\/users\/24"}],"replies":[{"embeddable":true,"href":"https:\/\/www.nomus.com.br\/blog-industrial\/wp-json\/wp\/v2\/comments?post=28176"}],"version-history":[{"count":12,"href":"https:\/\/www.nomus.com.br\/blog-industrial\/wp-json\/wp\/v2\/posts\/28176\/revisions"}],"predecessor-version":[{"id":33996,"href":"https:\/\/www.nomus.com.br\/blog-industrial\/wp-json\/wp\/v2\/posts\/28176\/revisions\/33996"}],"wp:featuredmedia":[{"embeddable":true,"href":"https:\/\/www.nomus.com.br\/blog-industrial\/wp-json\/wp\/v2\/media\/28179"}],"wp:attachment":[{"href":"https:\/\/www.nomus.com.br\/blog-industrial\/wp-json\/wp\/v2\/media?parent=28176"}],"wp:term":[{"taxonomy":"category","embeddable":true,"href":"https:\/\/www.nomus.com.br\/blog-industrial\/wp-json\/wp\/v2\/categories?post=28176"},{"taxonomy":"post_tag","embeddable":true,"href":"https:\/\/www.nomus.com.br\/blog-industrial\/wp-json\/wp\/v2\/tags?post=28176"}],"curies":[{"name":"wp","href":"https:\/\/api.w.org\/{rel}","templated":true}]}}