{"id":27506,"date":"2024-12-17T00:01:00","date_gmt":"2024-12-17T03:01:00","guid":{"rendered":"https:\/\/www.nomus.com.br\/blog-industrial\/?p=27506"},"modified":"2026-02-19T09:34:11","modified_gmt":"2026-02-19T12:34:11","slug":"contrato-social","status":"publish","type":"post","link":"https:\/\/www.nomus.com.br\/blog-industrial\/contrato-social\/","title":{"rendered":"Contrato Social: o que \u00e9, para que serve e como emitir"},"content":{"rendered":"\n<div class=\"text-center\"><a href=\"https:\/\/material.nomus.com.br\/ferramentas-de-gestao\" class=\"bannergerado\" target=\"_blank\"><img decoding=\"async\" id=\"BannerManual\" data-src=\"https:\/\/www.nomus.com.br\/blog-industrial\/wp-content\/uploads\/2020\/07\/guia-das-ferramentas-de-gestao.jpg\" class=\"size-full bannerpadrao lazyload\" alt=\"Ferramentas de gest\u00e3o\" src=\"data:image\/svg+xml;base64,PHN2ZyB3aWR0aD0iMSIgaGVpZ2h0PSIxIiB4bWxucz0iaHR0cDovL3d3dy53My5vcmcvMjAwMC9zdmciPjwvc3ZnPg==\" style=\"--smush-placeholder-width: 650px; --smush-placeholder-aspect-ratio: 650\/260;\"><\/a><\/div>\n\n\n\n<p>O <strong>Contrato Social<\/strong> \u00e9 um documento jur\u00eddico que deve ser emitido para fundar a empresa de forma legal e tamb\u00e9m para firmar o compromisso entre os s\u00f3cios. \u00c9 atrav\u00e9s dele que se aponta o quadro societ\u00e1rio e se estabelece os direitos, deveres e obriga\u00e7\u00f5es de cada parte.<\/p>\n\n\n\n<p>A gera\u00e7\u00e3o do contrato social \u00e9 obrigat\u00f3ria e deve ser registrada na Junta Comercial ou no Cart\u00f3rio de Registros de Pessoa Jur\u00eddica, conforme estado e tipo de sociedade. A consulta e a impress\u00e3o s\u00e3o gratuitas e podem ser realizadas de forma r\u00e1pida e pr\u00e1tica como ensinarei.<\/p>\n\n\n\n<p>Sendo um documento essencial para uma empresa, elaborei o artigo abaixo com as respostas para as principais perguntas. Confira cada um dos t\u00f3picos e, se restarem d\u00favidas, coloque nos coment\u00e1rios ou mande por e-mail, caso seja <a href=\"https:\/\/material.nomus.com.br\/inscricao-blog-industrial\" target=\"_blank\" rel=\"noreferrer noopener\">inscrito no blog<\/a>.<\/p>\n\n\n\n<p>Fa\u00e7a uma boa leitura!<\/p>\n\n\n\n\n\n\n<div class=\"wp-block-image\">\n<figure class=\"aligncenter size-full\"><img decoding=\"async\" width=\"620\" height=\"405\" data-src=\"https:\/\/www.nomus.com.br\/blog-industrial\/wp-content\/uploads\/2024\/11\/Contrato-Social.jpg\" alt=\"Contrato Social: o que \u00e9, para que serve e como emitir\" class=\"wp-image-27509 lazyload\" data-srcset=\"https:\/\/www.nomus.com.br\/blog-industrial\/wp-content\/uploads\/2024\/11\/Contrato-Social.jpg 620w, https:\/\/www.nomus.com.br\/blog-industrial\/wp-content\/uploads\/2024\/11\/Contrato-Social-345x225.jpg 345w, https:\/\/www.nomus.com.br\/blog-industrial\/wp-content\/uploads\/2024\/11\/Contrato-Social-150x98.jpg 150w\" data-sizes=\"(max-width: 620px) 100vw, 620px\" src=\"data:image\/svg+xml;base64,PHN2ZyB3aWR0aD0iMSIgaGVpZ2h0PSIxIiB4bWxucz0iaHR0cDovL3d3dy53My5vcmcvMjAwMC9zdmciPjwvc3ZnPg==\" style=\"--smush-placeholder-width: 620px; --smush-placeholder-aspect-ratio: 620\/405;\" \/><\/figure>\n<\/div>\n\n\n<h2 class=\"wp-block-heading\">O que \u00e9 contrato social? Para que serve?<\/h2>\n\n\n\n<p>Contrato social de uma empresa \u00e9 o documento jur\u00eddico de uma empresa que define como ser\u00e1 o quadro societ\u00e1rio, os compromissos, direitos e valores investidos no <a href=\"https:\/\/www.nomus.com.br\/blog-industrial\/capital-social\/\">capital social<\/a>. \u00c9 nele que voc\u00ea tamb\u00e9m informa e pode consultar, posteriormente, o <a href=\"https:\/\/www.nomus.com.br\/blog-industrial\/como-escolher-nome-de-fabrica\/\">nome da empresa<\/a>, o CNPJ, as <a href=\"https:\/\/www.nomus.com.br\/blog-industrial\/cnae\/\">CNAEs<\/a>, endere\u00e7o da sede e outros dados importantes na funda\u00e7\u00e3o.<\/p>\n\n\n\n<p>Logo, \u00e9 o documento que certifica a cria\u00e7\u00e3o de uma empresa e regulamenta sua constitui\u00e7\u00e3o. Seu car\u00e1ter \u00e9 privado e traz um in\u00edcio de transpar\u00eancia sobre as suas atividades perante o Estado e os s\u00f3cios.&nbsp;<\/p>\n\n\n\n<h2 class=\"wp-block-heading\">Por que um contrato social \u00e9 importante?<\/h2>\n\n\n\n<p>O Contrato Social tem a import\u00e2ncia de definir o funcionamento da empresa e sua estrutura, al\u00e9m da rela\u00e7\u00e3o e regras entre os s\u00f3cios e quadro societ\u00e1rio. \u00c9 o documento de base jur\u00eddico que traz transpar\u00eancia e clareza perante Justi\u00e7a, sociedade e at\u00e9 colaboradores (se decidir apresentar) sobre a natureza e outros aspectos da empresa.<\/p>\n\n\n\n<p>Assim, \u00e9 poss\u00edvel tamb\u00e9m definir direitos e deveres dos membros do quadro societ\u00e1rio, definir regras de funcionamento da empresa, permitir a participa\u00e7\u00e3o da mesma em licita\u00e7\u00f5es e concorr\u00eancias p\u00fablicas, registrar-se em \u00f3rg\u00e3os p\u00fablicos e ainda \u00e9 um mecanismo de resolu\u00e7\u00e3o de conflitos entre s\u00f3cios.<\/p>\n\n\n\n<h2 class=\"wp-block-heading\">Que informa\u00e7\u00f5es h\u00e1 no contrato social?<\/h2>\n\n\n\n<p>O Contrato Social precisa constar 2 tipos de dados, informa\u00e7\u00f5es e cl\u00e1usulas, as obrigat\u00f3rias e as essenciais. As obrigat\u00f3rias s\u00e3o respons\u00e1veis por identificar o quadro societ\u00e1rio e a estrutura administrativa. As essenciais regulamentam a rela\u00e7\u00e3o societ\u00e1ria, trazem transpar\u00eancia e previnem futuros conflitos.<\/p>\n\n\n\n<p>Confira abaixo:<\/p>\n\n\n\n<h3 class=\"wp-block-heading\"><strong>Cl\u00e1usulas obrigat\u00f3rias (para registro na Junta Comercial):<\/strong><\/h3>\n\n\n\n<ol class=\"wp-block-list\">\n<li><strong>Nome, nacionalidade, estado civil, profiss\u00e3o e resid\u00eancia dos s\u00f3cios<\/strong> (se pessoas naturais).<\/li>\n\n\n\n<li><strong>Firma ou denomina\u00e7\u00e3o, nacionalidade e sede dos s\u00f3cios<\/strong> (se pessoas jur\u00eddicas).<\/li>\n\n\n\n<li><strong>Denomina\u00e7\u00e3o, objeto, sede e prazo da sociedade<\/strong>.<\/li>\n\n\n\n<li><strong>Capital da sociedade<\/strong> \u2013 Expresso em moeda corrente, incluindo bens suscet\u00edveis de avalia\u00e7\u00e3o pecuni\u00e1ria.<\/li>\n\n\n\n<li><strong>Quota de cada s\u00f3cio no <a href=\"https:\/\/www.nomus.com.br\/blog-industrial\/capital-social\/\">capital social<\/a> e modo de realiz\u00e1-la<\/strong>.<\/li>\n\n\n\n<li><strong>Presta\u00e7\u00f5es obrigat\u00f3rias do s\u00f3cio cuja contribui\u00e7\u00e3o consista em servi\u00e7os<\/strong>.<\/li>\n\n\n\n<li><strong>Administradores da sociedade e seus poderes e atribui\u00e7\u00f5es<\/strong>.<\/li>\n\n\n\n<li><strong>Participa\u00e7\u00e3o de cada s\u00f3cio nos lucros e nas perdas<\/strong>.<\/li>\n\n\n\n<li><strong>Responsabilidade subsidi\u00e1ria dos s\u00f3cios<\/strong> \u2013 Especificar se respondem ou n\u00e3o pelas obriga\u00e7\u00f5es sociais.<\/li>\n<\/ol>\n\n\n\n<h3 class=\"wp-block-heading\"><strong>Cl\u00e1usulas essenciais:<\/strong><\/h3>\n\n\n\n<ol class=\"wp-block-list\">\n<li><strong>Administra\u00e7\u00e3o<\/strong> \u2013 Delimita\u00e7\u00e3o de fun\u00e7\u00f5es, responsabilidades, deveres, presta\u00e7\u00e3o de contas, plano de neg\u00f3cios, remunera\u00e7\u00e3o, entre outros detalhes administrativos.<\/li>\n\n\n\n<li><strong>Pol\u00edtica de distribui\u00e7\u00e3o de lucros<\/strong> \u2013 Defini\u00e7\u00e3o sobre destina\u00e7\u00e3o de lucros, cria\u00e7\u00e3o de reservas, fundos, reinvestimentos e regras de distribui\u00e7\u00e3o.<\/li>\n\n\n\n<li><strong>Entrada e sa\u00edda de s\u00f3cio<\/strong> \u2013 Normas para a admiss\u00e3o de novos s\u00f3cios e regras para a sa\u00edda, incluindo pagamento e liquida\u00e7\u00e3o de quotas e prefer\u00eancia em caso de transfer\u00eancia.<\/li>\n\n\n\n<li><strong>Exclus\u00e3o de s\u00f3cio<\/strong> \u2013 Condi\u00e7\u00f5es para exclus\u00e3o de s\u00f3cio, como falta de aporte financeiro, condutas graves ou faltosas.<\/li>\n\n\n\n<li><strong>Quest\u00f5es complementares<\/strong> \u2013 Pode incluir disposi\u00e7\u00f5es sobre falecimento e ingresso de herdeiros, div\u00f3rcio, concorr\u00eancia, aumento e redu\u00e7\u00e3o de capital, delibera\u00e7\u00f5es sociais, reuni\u00f5es, assembleias, vesting, cliff, fal\u00eancia, recompra, dissolu\u00e7\u00e3o da sociedade, entre outros.<\/li>\n<\/ol>\n\n\n\n<h2 class=\"wp-block-heading\">Tipos de Contrato Social<\/h2>\n\n\n\n<p>O Contrato Social varia de acordo com o tipo de sociedade firmada, sendo que o documento em si existe um tipo s\u00f3. Ent\u00e3o, dentro da sua descri\u00e7\u00e3o e cl\u00e1usula, haver\u00e1 variantes para cada tipo de sociedade. Logo, o que voc\u00ea precisa saber s\u00e3o os <a href=\"https:\/\/www.nomus.com.br\/blog-industrial\/tipos-de-sociedade\/\">tipos de sociedade<\/a>!<\/p>\n\n\n\n<p>Para isso, elaborei um artigo inteiro com a lista dos 30 tipos de sociedade que existem, detalhando os mais importantes e comuns. Voc\u00ea encontra todas as informa\u00e7\u00f5es a respeito do mesmo neste artigo: <a href=\"https:\/\/www.nomus.com.br\/blog-industrial\/tipos-de-sociedade\/\">Tipos de sociedade: conhe\u00e7a os 10 que mais se destacam<\/a>.<\/p>\n\n\n\n<h2 class=\"wp-block-heading\">Contrato Social MEI &#8211; Como funciona?<\/h2>\n\n\n\n<p>O Microempreendedor Individual n\u00e3o pode ter s\u00f3cios &#8211; logo, n\u00e3o existe contrato social de MEI. No entanto, ele precisa ter o Certificado da Condi\u00e7\u00e3o de Microempreendedor Individual (CCMEI) que substitui o contrato e traz dados importantes, como CNPJ e CNAEs.<\/p>\n\n\n\n<h2 class=\"wp-block-heading\">Como fazer ou conseguir meu contrato social<\/h2>\n\n\n\n<p>O contrato social pode ser elaborado por qualquer pessoa em um simples editor de textos, como Word ou Google Docs. No entanto, nosso conselho \u00e9 que voc\u00ea leve essa tarefa para um <a href=\"https:\/\/www.nomus.com.br\/blog-industrial\/contador\/\">contador<\/a> ou advogado de confian\u00e7a, a fim de garantir que todos os pormenores atendam a seus interesses e evitem problemas jur\u00eddicos futuros.<\/p>\n\n\n\n<p>O documento elaborado deve ter todas as cl\u00e1usulas que j\u00e1 falamos anteriormente, nos t\u00f3picos de cl\u00e1usulas obrigat\u00f3rias e essenciais, ou seja, tipos de sociedade, dados dos s\u00f3cios, CNAEs, capital social detalhado, entre outras informa\u00e7\u00f5es.<\/p>\n\n\n\n<p>Depois disso, o contrato precisa ser registrado na Junta Comercial do estado de atua\u00e7\u00e3o ou, ent\u00e3o, no Cart\u00f3rio de Registros de Pessoa Jur\u00eddica &#8211; a depender do seu tipo de empresa.<\/p>\n\n\n\n<h2 class=\"wp-block-heading\">Onde consultar, emitir ou imprimir o contrato social da empresa<\/h2>\n\n\n\n<p>Consultar, emitir ou imprimir um contrato social \u00e9 bastante simples. Voc\u00ea s\u00f3 precisa acessar o site da Junta Comercial de registro da empresa em posse do CNPJ e do NIRE. Esses dados ser\u00e3o o suficientes para conseguir acessar o documento, mas, para solicitar segunda via, pode ser necess\u00e1rio pagar alguma taxa, que varia conforme o estado.<\/p>\n\n\n\n<h2 class=\"wp-block-heading\">Registro na Junta Comercial<\/h2>\n\n\n\n<p>Depois de elaborado, revisado, lido e assinado, o contrato social precisa ser registrado na Junta Comercial do seu Estado. Ela \u00e9 integrada \u00e0 Receita Federal e, assim, voc\u00ea consegue a libera\u00e7\u00e3o do CNPJ e de documentos importantes, como Inscri\u00e7\u00e3o Municipal, licenciamento junto \u00e0 prefeitura e a Inscri\u00e7\u00e3o Estadual, quando necess\u00e1rio.<\/p>\n\n\n\n<h2 class=\"wp-block-heading\">Transpar\u00eancia entre s\u00f3cios: conhe\u00e7a estas ferramentas<\/h2>\n\n\n\n<p>Uma forma de garantir a paz e confian\u00e7a entre os s\u00f3cios \u00e9 atrav\u00e9s da transpar\u00eancia da gest\u00e3o e dados. E ferramentas que sejam din\u00e2micas, confi\u00e1veis e inteligentes trazem esses benef\u00edcios. Se ficarem acess\u00edveis a todos os s\u00f3cios, melhor ainda.<\/p>\n\n\n\n<p>Para isso, h\u00e1 duas op\u00e7\u00f5es:<\/p>\n\n\n\n<h3 class=\"wp-block-heading\">Op\u00e7\u00e3o sem custos<\/h3>\n\n\n\n<p>H\u00e1 um cat\u00e1logo inteiro e gratuito de planilhas e checklists que podem ser preenchidas em conjunto pelos s\u00f3cios e dispostas em drives e outros dispositivos de nuvem. \u00c9 assim que todos os interessados poder\u00e3o consultar os mesmos dados a qualquer momento.<\/p>\n\n\n\n<p>Esse cat\u00e1logo est\u00e1 dispon\u00edvel no banner abaixo:<\/p>\n\n\n\n<div class=\"wp-block-image\"><figure class=\"aligncenter size-full\"><a href=\"https:\/\/www.nomus.com.br\/blog-industrial\/materiais\/\" target=\"_blank\" rel=\"noreferrer noopener\"><img loading=\"lazy\" decoding=\"async\" width=\"620\" height=\"405\" data-src=\"https:\/\/www.nomus.com.br\/blog-industrial\/wp-content\/uploads\/2024\/06\/materiais.jpg\" alt=\"\" class=\"wp-image-19282 ls-is-cached lazyloaded\" src=\"https:\/\/www.nomus.com.br\/blog-industrial\/wp-content\/uploads\/2024\/06\/materiais.jpg\" style=\"--smush-placeholder-width: 620px; --smush-placeholder-aspect-ratio: 620\/405;\"><noscript><img loading=\"lazy\" decoding=\"async\" width=\"620\" height=\"405\" src=\"https:\/\/www.nomus.com.br\/blog-industrial\/wp-content\/uploads\/2024\/06\/materiais.jpg\" alt=\"\" class=\"wp-image-19282\"\/><\/noscript><\/a><\/figure><\/div><hr class=\"wp-block-separator has-alpha-channel-opacity\"><div class=\"wp-block-buttons is-content-justification-center is-layout-flex wp-container-core-buttons-is-layout-2 wp-block-buttons-is-layout-flex\"><div class=\"wp-block-button\"><a class=\"wp-block-button__link has-vivid-red-background-color has-background wp-element-button\" href=\"https:\/\/www.nomus.com.br\/blog-industrial\/materiais\/\" target=\"_blank\" rel=\"noreferrer noopener\">Acesse os materiais ricos do Blog Industrial<\/a><\/div><\/div><hr class=\"wp-block-separator has-alpha-channel-opacity\">\n\n\n\n<h3 class=\"wp-block-heading\">Op\u00e7\u00e3o completa<\/h3>\n\n\n\n<p>As planilhas e os checklists s\u00e3o uma m\u00e3o na roda. No entanto, em algum momento na jornada da sua empresa, n\u00e3o ser\u00e3o o suficiente. Sua empresa crescer\u00e1 e ter\u00e1 mais dados para controlar, opera\u00e7\u00f5es a realizar e transpar\u00eancia para garantir.<\/p>\n\n\n\n<p>Por isso, um <a href=\"https:\/\/www.nomus.com.br\/blog-industrial\/erp\/\">ERP<\/a> Industrial ser\u00e1 a solu\u00e7\u00e3o certa para seu quadro de s\u00f3cios, gestores e colaboradores. \u00c9 poss\u00edvel montar pain\u00e9is com todos os dados da sua empresa, personalizando conforme interesse, e permitindo auditorias 100% transparentes, claras e objetivas.<\/p>\n\n\n\n<p>Assista a uma demonstra\u00e7\u00e3o gr\u00e1tis:<\/p>\n\n\n\n<div class=\"wp-block-image\"><figure class=\"aligncenter size-full\"><a href=\"https:\/\/material.nomus.com.br\/apresentacao-erp-industrial-nomus\" target=\"_blank\" rel=\"noreferrer noopener\"><img loading=\"lazy\" decoding=\"async\" width=\"620\" height=\"405\" data-src=\"https:\/\/www.nomus.com.br\/blog-industrial\/wp-content\/uploads\/2024\/06\/banner-sistema-3-erp-para-industria.jpg\" alt=\"\" class=\"wp-image-19282 ls-is-cached lazyloaded\" src=\"https:\/\/www.nomus.com.br\/blog-industrial\/wp-content\/uploads\/2024\/06\/banner-sistema-3-erp-para-industria.jpg\" style=\"--smush-placeholder-width: 620px; --smush-placeholder-aspect-ratio: 620\/405;\"><noscript><img loading=\"lazy\" decoding=\"async\" width=\"620\" height=\"405\" src=\"https:\/\/www.nomus.com.br\/blog-industrial\/wp-content\/uploads\/2024\/06\/banner-sistema-3-erp-para-industria.jpg\" alt=\"\" class=\"wp-image-19282\"\/><\/noscript><\/a><\/figure><\/div><hr class=\"wp-block-separator has-alpha-channel-opacity\"><div class=\"wp-block-buttons is-content-justification-center is-layout-flex wp-container-core-buttons-is-layout-2 wp-block-buttons-is-layout-flex\"><div class=\"wp-block-button\"><a class=\"wp-block-button__link has-vivid-red-background-color has-background wp-element-button\" href=\"https:\/\/material.nomus.com.br\/apresentacao-erp-industrial-nomus\" target=\"_blank\" rel=\"noreferrer noopener\">Veja uma demonstra\u00e7\u00e3o do Nomus ERP Industrial<\/a><\/div><\/div><hr class=\"wp-block-separator has-alpha-channel-opacity\">\n","protected":false},"excerpt":{"rendered":"<p>O Contrato Social \u00e9 um documento jur\u00eddico que deve ser emitido para fundar a empresa de forma legal e tamb\u00e9m para firmar o compromisso entre os s\u00f3cios. \u00c9 atrav\u00e9s dele que se aponta o quadro societ\u00e1rio e se estabelece os direitos, deveres e obriga\u00e7\u00f5es de cada parte. A gera\u00e7\u00e3o do contrato social \u00e9 obrigat\u00f3ria e [&hellip;]<\/p>\n","protected":false},"author":23,"featured_media":27509,"comment_status":"open","ping_status":"open","sticky":false,"template":"","format":"standard","meta":{"_acf_changed":false,"footnotes":""},"categories":[3],"tags":[48],"class_list":["post-27506","post","type-post","status-publish","format-standard","has-post-thumbnail","hentry","category-processos-e-organizacao","tag-artigo"],"acf":[],"yoast_head":"\n<title>Contrato Social: o que \u00e9, para que serve e como emitir<\/title>\n<meta name=\"description\" content=\"Entenda de uma vez por todas o que \u00e9 o contrato social e por que \u00e9 t\u00e3o importante esse documento para uma sociedade.\" \/>\n<meta name=\"robots\" content=\"index, follow, max-snippet:-1, max-image-preview:large, max-video-preview:-1\" \/>\n<link rel=\"canonical\" href=\"https:\/\/www.nomus.com.br\/blog-industrial\/contrato-social\/\" \/>\n<meta property=\"og:locale\" content=\"pt_BR\" \/>\n<meta property=\"og:type\" content=\"article\" \/>\n<meta property=\"og:title\" content=\"Contrato Social: o que \u00e9, para que serve e como emitir\" \/>\n<meta property=\"og:description\" content=\"Entenda de uma vez por todas o que \u00e9 o contrato social e por que \u00e9 t\u00e3o importante esse documento para uma sociedade.\" \/>\n<meta property=\"og:url\" content=\"https:\/\/www.nomus.com.br\/blog-industrial\/contrato-social\/\" \/>\n<meta property=\"og:site_name\" content=\"Blog Industrial Nomus\" \/>\n<meta property=\"article:publisher\" content=\"https:\/\/www.facebook.com\/nomussoftwares\" \/>\n<meta property=\"article:published_time\" content=\"2024-12-17T03:01:00+00:00\" \/>\n<meta property=\"article:modified_time\" content=\"2026-02-19T12:34:11+00:00\" \/>\n<meta property=\"og:image\" content=\"https:\/\/www.nomus.com.br\/blog-industrial\/wp-content\/uploads\/2024\/11\/Contrato-Social.jpg\" \/>\n\t<meta property=\"og:image:width\" content=\"620\" \/>\n\t<meta property=\"og:image:height\" content=\"405\" \/>\n\t<meta property=\"og:image:type\" content=\"image\/jpeg\" \/>\n<meta name=\"author\" content=\"Rafael Netto\" \/>\n<meta name=\"twitter:card\" content=\"summary_large_image\" \/>\n<meta name=\"twitter:creator\" content=\"@nomusindustrial\" \/>\n<meta name=\"twitter:site\" content=\"@nomusindustrial\" \/>\n<meta name=\"twitter:label1\" content=\"Escrito por\" \/>\n\t<meta name=\"twitter:data1\" content=\"Rafael Netto\" \/>\n\t<meta name=\"twitter:label2\" content=\"Est. tempo de leitura\" \/>\n\t<meta name=\"twitter:data2\" content=\"7 minutos\" \/>\n<script type=\"application\/ld+json\" class=\"yoast-schema-graph\">{\"@context\":\"https:\/\/schema.org\",\"@graph\":[{\"@type\":\"Article\",\"@id\":\"https:\/\/www.nomus.com.br\/blog-industrial\/contrato-social\/#article\",\"isPartOf\":{\"@id\":\"https:\/\/www.nomus.com.br\/blog-industrial\/contrato-social\/\"},\"author\":{\"name\":\"Rafael Netto\",\"@id\":\"https:\/\/www.nomus.com.br\/blog-industrial\/#\/schema\/person\/344527f3fe08f3b03451189c13eaa34d\"},\"headline\":\"Contrato Social: o que \u00e9, para que serve e como emitir\",\"datePublished\":\"2024-12-17T03:01:00+00:00\",\"dateModified\":\"2026-02-19T12:34:11+00:00\",\"mainEntityOfPage\":{\"@id\":\"https:\/\/www.nomus.com.br\/blog-industrial\/contrato-social\/\"},\"wordCount\":1351,\"commentCount\":0,\"image\":{\"@id\":\"https:\/\/www.nomus.com.br\/blog-industrial\/contrato-social\/#primaryimage\"},\"thumbnailUrl\":\"https:\/\/www.nomus.com.br\/blog-industrial\/wp-content\/uploads\/2024\/11\/Contrato-Social.jpg\",\"keywords\":[\"artigo\"],\"articleSection\":[\"Processos e Organiza\u00e7\u00e3o\"],\"inLanguage\":\"pt-BR\",\"potentialAction\":[{\"@type\":\"CommentAction\",\"name\":\"Comment\",\"target\":[\"https:\/\/www.nomus.com.br\/blog-industrial\/contrato-social\/#respond\"]}]},{\"@type\":\"WebPage\",\"@id\":\"https:\/\/www.nomus.com.br\/blog-industrial\/contrato-social\/\",\"url\":\"https:\/\/www.nomus.com.br\/blog-industrial\/contrato-social\/\",\"name\":\"Contrato Social: o que \u00e9, para que serve e como emitir\",\"isPartOf\":{\"@id\":\"https:\/\/www.nomus.com.br\/blog-industrial\/#website\"},\"primaryImageOfPage\":{\"@id\":\"https:\/\/www.nomus.com.br\/blog-industrial\/contrato-social\/#primaryimage\"},\"image\":{\"@id\":\"https:\/\/www.nomus.com.br\/blog-industrial\/contrato-social\/#primaryimage\"},\"thumbnailUrl\":\"https:\/\/www.nomus.com.br\/blog-industrial\/wp-content\/uploads\/2024\/11\/Contrato-Social.jpg\",\"datePublished\":\"2024-12-17T03:01:00+00:00\",\"dateModified\":\"2026-02-19T12:34:11+00:00\",\"author\":{\"@id\":\"https:\/\/www.nomus.com.br\/blog-industrial\/#\/schema\/person\/344527f3fe08f3b03451189c13eaa34d\"},\"description\":\"Entenda de uma vez por todas o que \u00e9 o contrato social e por que \u00e9 t\u00e3o importante esse documento para uma sociedade.\",\"breadcrumb\":{\"@id\":\"https:\/\/www.nomus.com.br\/blog-industrial\/contrato-social\/#breadcrumb\"},\"inLanguage\":\"pt-BR\",\"potentialAction\":[{\"@type\":\"ReadAction\",\"target\":[\"https:\/\/www.nomus.com.br\/blog-industrial\/contrato-social\/\"]}]},{\"@type\":\"ImageObject\",\"inLanguage\":\"pt-BR\",\"@id\":\"https:\/\/www.nomus.com.br\/blog-industrial\/contrato-social\/#primaryimage\",\"url\":\"https:\/\/www.nomus.com.br\/blog-industrial\/wp-content\/uploads\/2024\/11\/Contrato-Social.jpg\",\"contentUrl\":\"https:\/\/www.nomus.com.br\/blog-industrial\/wp-content\/uploads\/2024\/11\/Contrato-Social.jpg\",\"width\":620,\"height\":405,\"caption\":\"Contrato Social: o que \u00e9, para que serve e como emitir\"},{\"@type\":\"BreadcrumbList\",\"@id\":\"https:\/\/www.nomus.com.br\/blog-industrial\/contrato-social\/#breadcrumb\",\"itemListElement\":[{\"@type\":\"ListItem\",\"position\":1,\"name\":\"Blog Industrial Nomus\",\"item\":\"https:\/\/www.nomus.com.br\/blog-industrial\/\"},{\"@type\":\"ListItem\",\"position\":2,\"name\":\"Processos e Organiza\u00e7\u00e3o\",\"item\":\"https:\/\/www.nomus.com.br\/blog-industrial\/category\/processos-e-organizacao\/\"},{\"@type\":\"ListItem\",\"position\":3,\"name\":\"Contrato Social: o que \u00e9, para que serve e como emitir\"}]},{\"@type\":\"WebSite\",\"@id\":\"https:\/\/www.nomus.com.br\/blog-industrial\/#website\",\"url\":\"https:\/\/www.nomus.com.br\/blog-industrial\/\",\"name\":\"Blog Industrial Nomus\",\"description\":\"Artigos, planilhas, ebooks e ferramentas de engenharia de produ\u00e7\u00e3o e para aumentar o lucro da sua f\u00e1brica\",\"potentialAction\":[{\"@type\":\"SearchAction\",\"target\":{\"@type\":\"EntryPoint\",\"urlTemplate\":\"https:\/\/www.nomus.com.br\/blog-industrial\/?s={search_term_string}\"},\"query-input\":{\"@type\":\"PropertyValueSpecification\",\"valueRequired\":true,\"valueName\":\"search_term_string\"}}],\"inLanguage\":\"pt-BR\"},{\"@type\":\"Person\",\"@id\":\"https:\/\/www.nomus.com.br\/blog-industrial\/#\/schema\/person\/344527f3fe08f3b03451189c13eaa34d\",\"name\":\"Rafael Netto\",\"image\":{\"@type\":\"ImageObject\",\"inLanguage\":\"pt-BR\",\"@id\":\"https:\/\/www.nomus.com.br\/blog-industrial\/#\/schema\/person\/image\/\",\"url\":\"https:\/\/www.nomus.com.br\/blog-industrial\/wp-content\/uploads\/2025\/04\/1740677382271-96x96.jpg\",\"contentUrl\":\"https:\/\/www.nomus.com.br\/blog-industrial\/wp-content\/uploads\/2025\/04\/1740677382271-96x96.jpg\",\"caption\":\"Rafael Netto\"},\"description\":\"Engenheiro de Produ\u00e7\u00e3o formado na UFRJ com especializa\u00e7\u00f5es nas \u00e1reas de gest\u00e3o estrat\u00e9gica, custos, financeira, fiscal e de projetos de software. CEO e fundador da Nomus. Rafael tem mais de 20 anos de experi\u00eancia como gestor nas \u00e1reas de Estrat\u00e9gia, Desenvolvimento de software, Suporte, Implanta\u00e7\u00e3o, Financeiro, Recursos Humanos, e com implanta\u00e7\u00e3o de sistemas de PCP e ERP em f\u00e1bricas de diversos setores, como Alimentos, Metal\/mec\u00e2nico, Pl\u00e1stico, Qu\u00edmico, Farmac\u00eautico, Gr\u00e1fico, Equipamentos, N\u00e1utico, entre outros.\",\"sameAs\":[\"https:\/\/www.linkedin.com\/in\/rafaelnettonomus\/\"],\"url\":\"https:\/\/www.nomus.com.br\/blog-industrial\/author\/rafaelnetto\/\"}]}<\/script>\n","yoast_head_json":{"title":"Contrato Social: o que \u00e9, para que serve e como emitir","description":"Entenda de uma vez por todas o que \u00e9 o contrato social e por que \u00e9 t\u00e3o importante esse documento para uma sociedade.","robots":{"index":"index","follow":"follow","max-snippet":"max-snippet:-1","max-image-preview":"max-image-preview:large","max-video-preview":"max-video-preview:-1"},"canonical":"https:\/\/www.nomus.com.br\/blog-industrial\/contrato-social\/","og_locale":"pt_BR","og_type":"article","og_title":"Contrato Social: o que \u00e9, para que serve e como emitir","og_description":"Entenda de uma vez por todas o que \u00e9 o contrato social e por que \u00e9 t\u00e3o importante esse documento para uma sociedade.","og_url":"https:\/\/www.nomus.com.br\/blog-industrial\/contrato-social\/","og_site_name":"Blog Industrial Nomus","article_publisher":"https:\/\/www.facebook.com\/nomussoftwares","article_published_time":"2024-12-17T03:01:00+00:00","article_modified_time":"2026-02-19T12:34:11+00:00","og_image":[{"width":620,"height":405,"url":"https:\/\/www.nomus.com.br\/blog-industrial\/wp-content\/uploads\/2024\/11\/Contrato-Social.jpg","type":"image\/jpeg"}],"author":"Rafael Netto","twitter_card":"summary_large_image","twitter_creator":"@nomusindustrial","twitter_site":"@nomusindustrial","twitter_misc":{"Escrito por":"Rafael Netto","Est. tempo de leitura":"7 minutos"},"schema":{"@context":"https:\/\/schema.org","@graph":[{"@type":"Article","@id":"https:\/\/www.nomus.com.br\/blog-industrial\/contrato-social\/#article","isPartOf":{"@id":"https:\/\/www.nomus.com.br\/blog-industrial\/contrato-social\/"},"author":{"name":"Rafael Netto","@id":"https:\/\/www.nomus.com.br\/blog-industrial\/#\/schema\/person\/344527f3fe08f3b03451189c13eaa34d"},"headline":"Contrato Social: o que \u00e9, para que serve e como emitir","datePublished":"2024-12-17T03:01:00+00:00","dateModified":"2026-02-19T12:34:11+00:00","mainEntityOfPage":{"@id":"https:\/\/www.nomus.com.br\/blog-industrial\/contrato-social\/"},"wordCount":1351,"commentCount":0,"image":{"@id":"https:\/\/www.nomus.com.br\/blog-industrial\/contrato-social\/#primaryimage"},"thumbnailUrl":"https:\/\/www.nomus.com.br\/blog-industrial\/wp-content\/uploads\/2024\/11\/Contrato-Social.jpg","keywords":["artigo"],"articleSection":["Processos e Organiza\u00e7\u00e3o"],"inLanguage":"pt-BR","potentialAction":[{"@type":"CommentAction","name":"Comment","target":["https:\/\/www.nomus.com.br\/blog-industrial\/contrato-social\/#respond"]}]},{"@type":"WebPage","@id":"https:\/\/www.nomus.com.br\/blog-industrial\/contrato-social\/","url":"https:\/\/www.nomus.com.br\/blog-industrial\/contrato-social\/","name":"Contrato Social: o que \u00e9, para que serve e como emitir","isPartOf":{"@id":"https:\/\/www.nomus.com.br\/blog-industrial\/#website"},"primaryImageOfPage":{"@id":"https:\/\/www.nomus.com.br\/blog-industrial\/contrato-social\/#primaryimage"},"image":{"@id":"https:\/\/www.nomus.com.br\/blog-industrial\/contrato-social\/#primaryimage"},"thumbnailUrl":"https:\/\/www.nomus.com.br\/blog-industrial\/wp-content\/uploads\/2024\/11\/Contrato-Social.jpg","datePublished":"2024-12-17T03:01:00+00:00","dateModified":"2026-02-19T12:34:11+00:00","author":{"@id":"https:\/\/www.nomus.com.br\/blog-industrial\/#\/schema\/person\/344527f3fe08f3b03451189c13eaa34d"},"description":"Entenda de uma vez por todas o que \u00e9 o contrato social e por que \u00e9 t\u00e3o importante esse documento para uma sociedade.","breadcrumb":{"@id":"https:\/\/www.nomus.com.br\/blog-industrial\/contrato-social\/#breadcrumb"},"inLanguage":"pt-BR","potentialAction":[{"@type":"ReadAction","target":["https:\/\/www.nomus.com.br\/blog-industrial\/contrato-social\/"]}]},{"@type":"ImageObject","inLanguage":"pt-BR","@id":"https:\/\/www.nomus.com.br\/blog-industrial\/contrato-social\/#primaryimage","url":"https:\/\/www.nomus.com.br\/blog-industrial\/wp-content\/uploads\/2024\/11\/Contrato-Social.jpg","contentUrl":"https:\/\/www.nomus.com.br\/blog-industrial\/wp-content\/uploads\/2024\/11\/Contrato-Social.jpg","width":620,"height":405,"caption":"Contrato Social: o que \u00e9, para que serve e como emitir"},{"@type":"BreadcrumbList","@id":"https:\/\/www.nomus.com.br\/blog-industrial\/contrato-social\/#breadcrumb","itemListElement":[{"@type":"ListItem","position":1,"name":"Blog Industrial Nomus","item":"https:\/\/www.nomus.com.br\/blog-industrial\/"},{"@type":"ListItem","position":2,"name":"Processos e Organiza\u00e7\u00e3o","item":"https:\/\/www.nomus.com.br\/blog-industrial\/category\/processos-e-organizacao\/"},{"@type":"ListItem","position":3,"name":"Contrato Social: o que \u00e9, para que serve e como emitir"}]},{"@type":"WebSite","@id":"https:\/\/www.nomus.com.br\/blog-industrial\/#website","url":"https:\/\/www.nomus.com.br\/blog-industrial\/","name":"Blog Industrial Nomus","description":"Artigos, planilhas, ebooks e ferramentas de engenharia de produ\u00e7\u00e3o e para aumentar o lucro da sua f\u00e1brica","potentialAction":[{"@type":"SearchAction","target":{"@type":"EntryPoint","urlTemplate":"https:\/\/www.nomus.com.br\/blog-industrial\/?s={search_term_string}"},"query-input":{"@type":"PropertyValueSpecification","valueRequired":true,"valueName":"search_term_string"}}],"inLanguage":"pt-BR"},{"@type":"Person","@id":"https:\/\/www.nomus.com.br\/blog-industrial\/#\/schema\/person\/344527f3fe08f3b03451189c13eaa34d","name":"Rafael Netto","image":{"@type":"ImageObject","inLanguage":"pt-BR","@id":"https:\/\/www.nomus.com.br\/blog-industrial\/#\/schema\/person\/image\/","url":"https:\/\/www.nomus.com.br\/blog-industrial\/wp-content\/uploads\/2025\/04\/1740677382271-96x96.jpg","contentUrl":"https:\/\/www.nomus.com.br\/blog-industrial\/wp-content\/uploads\/2025\/04\/1740677382271-96x96.jpg","caption":"Rafael Netto"},"description":"Engenheiro de Produ\u00e7\u00e3o formado na UFRJ com especializa\u00e7\u00f5es nas \u00e1reas de gest\u00e3o estrat\u00e9gica, custos, financeira, fiscal e de projetos de software. CEO e fundador da Nomus. Rafael tem mais de 20 anos de experi\u00eancia como gestor nas \u00e1reas de Estrat\u00e9gia, Desenvolvimento de software, Suporte, Implanta\u00e7\u00e3o, Financeiro, Recursos Humanos, e com implanta\u00e7\u00e3o de sistemas de PCP e ERP em f\u00e1bricas de diversos setores, como Alimentos, Metal\/mec\u00e2nico, Pl\u00e1stico, Qu\u00edmico, Farmac\u00eautico, Gr\u00e1fico, Equipamentos, N\u00e1utico, entre outros.","sameAs":["https:\/\/www.linkedin.com\/in\/rafaelnettonomus\/"],"url":"https:\/\/www.nomus.com.br\/blog-industrial\/author\/rafaelnetto\/"}]}},"_links":{"self":[{"href":"https:\/\/www.nomus.com.br\/blog-industrial\/wp-json\/wp\/v2\/posts\/27506","targetHints":{"allow":["GET"]}}],"collection":[{"href":"https:\/\/www.nomus.com.br\/blog-industrial\/wp-json\/wp\/v2\/posts"}],"about":[{"href":"https:\/\/www.nomus.com.br\/blog-industrial\/wp-json\/wp\/v2\/types\/post"}],"author":[{"embeddable":true,"href":"https:\/\/www.nomus.com.br\/blog-industrial\/wp-json\/wp\/v2\/users\/23"}],"replies":[{"embeddable":true,"href":"https:\/\/www.nomus.com.br\/blog-industrial\/wp-json\/wp\/v2\/comments?post=27506"}],"version-history":[{"count":5,"href":"https:\/\/www.nomus.com.br\/blog-industrial\/wp-json\/wp\/v2\/posts\/27506\/revisions"}],"predecessor-version":[{"id":29873,"href":"https:\/\/www.nomus.com.br\/blog-industrial\/wp-json\/wp\/v2\/posts\/27506\/revisions\/29873"}],"wp:featuredmedia":[{"embeddable":true,"href":"https:\/\/www.nomus.com.br\/blog-industrial\/wp-json\/wp\/v2\/media\/27509"}],"wp:attachment":[{"href":"https:\/\/www.nomus.com.br\/blog-industrial\/wp-json\/wp\/v2\/media?parent=27506"}],"wp:term":[{"taxonomy":"category","embeddable":true,"href":"https:\/\/www.nomus.com.br\/blog-industrial\/wp-json\/wp\/v2\/categories?post=27506"},{"taxonomy":"post_tag","embeddable":true,"href":"https:\/\/www.nomus.com.br\/blog-industrial\/wp-json\/wp\/v2\/tags?post=27506"}],"curies":[{"name":"wp","href":"https:\/\/api.w.org\/{rel}","templated":true}]}}