{"id":2707,"date":"2016-02-04T10:29:31","date_gmt":"2016-02-04T10:29:31","guid":{"rendered":"http:\/\/www.nomus.com.br\/blog-industrial\/?p=2707"},"modified":"2026-04-02T09:50:04","modified_gmt":"2026-04-02T12:50:04","slug":"como-definir-o-ciclo-de-vida-dos-projetos-da-sua-fabrica","status":"publish","type":"post","link":"https:\/\/www.nomus.com.br\/blog-industrial\/como-definir-o-ciclo-de-vida-dos-projetos-da-sua-fabrica\/","title":{"rendered":"Como definir o ciclo de vida dos projetos da sua f\u00e1brica"},"content":{"rendered":"<div class=\"text-center\"><a href=\"http:\/\/material.nomus.com.br\/ebook-chao-de-fabrica-2016\" target=\"_blank\" class=\"bannergerado\"><img decoding=\"async\" id=\"BannerManual\" data-src=\"https:\/\/www.nomus.com.br\/wp-content\/uploads\/2025\/05\/banner-blog-ebook-chao-fabrica.jpg\" alt=\"Ch\u00e3o de f\u00e1brica\" class=\"size-full bannerpadrao lazyload\" src=\"data:image\/svg+xml;base64,PHN2ZyB3aWR0aD0iMSIgaGVpZ2h0PSIxIiB4bWxucz0iaHR0cDovL3d3dy53My5vcmcvMjAwMC9zdmciPjwvc3ZnPg==\"><\/a><\/div>\n<p><span style=\"font-weight: 400;\">Antes de come\u00e7armos a debater a fundo esta tem\u00e1tica, para evitar pol\u00eamicas futuras com rela\u00e7\u00e3o \u00e0s melhores pr\u00e1ticas em <a href=\"https:\/\/www.nomus.com.br\/blog-industrial\/gerenciamento-de-projetos-a-definicao-do-escopo\/\">gerenciamento de projetos<\/a> e o que efetivamente significa ciclo de vida dos projetos, vamos dar voz aqui ao PMBOK\u00b9, que diz: \u201c<\/span><b>Ciclo de vida do projeto \u00e9 a s\u00e9rie de fases pelas quais um projeto passa, do in\u00edcio ao t\u00e9rmino<\/b><span style=\"font-weight: 400;\">.\u201d <\/span><\/p>\n<p><span style=\"font-weight: 400;\">Este \u00e9 o aspecto central da discuss\u00e3o no artigo de hoje, e para tanto, \u00e9 muito pertinente aprofundarmos um pouco mais os conceitos de fases e grupos de processos antes de avan\u00e7armos.<\/span><\/p>\n<h2>O que \u00e9 o PMBOK e o PMI?<\/h2>\n<p><span style=\"font-weight: 400;\">O PMI \u00e9 a maior associa\u00e7\u00e3o sem fins lucrativos do mundo para profissionais de gerenciamento de projetos, com mais de meio milh\u00e3o de associados e de Profissionais Certificados em 185 pa\u00edses.<\/span><\/p>\n<p><span style=\"font-weight: 400;\">O PMBOK, ou Project Management Body of Knowledge, \u00e9 um conjunto de pr\u00e1ticas na <\/span><b>gest\u00e3o de projetos<\/b><span style=\"font-weight: 400;\"> organizado pelo instituto <a href=\"http:\/\/blog.runrun.it\/o-que-e-pmi\/\" target=\"_blank\" rel=\"noopener\">PMI<\/a>, onde todo o conte\u00fado disponibilizado \u00e9 comprovado, trazendo pr\u00e1ticas tradicionais e inovadoras. Por possuir um conte\u00fado altamente abrangente, pode ser usado em qualquer \u00e1rea, desde tecnologia da informa\u00e7\u00e3o, cria\u00e7\u00e3o de uma startup ou cria\u00e7\u00e3o de um projeto arquitet\u00f4nico.<\/span><\/p>\n<p><span style=\"font-weight: 400;\">Veja mais em <\/span><a href=\"https:\/\/brasil.pmi.org\/\"><span style=\"font-weight: 400;\">https:\/\/brasil.pmi.org\/<\/span><\/a><\/p>\n<h2>Qual a vis\u00e3o do PMBOK?<\/h2>\n<p><span style=\"font-weight: 400;\">Para o PMBOK, \u201c<\/span><i><span style=\"font-weight: 400;\">Um projeto pode ser dividido em qualquer n\u00famero de fases. A fase de um projeto \u00e9 um conjunto de atividades relacionadas de maneira l\u00f3gica que culmina na conclus\u00e3o de uma ou mais entregas<\/span><\/i><span style=\"font-weight: 400;\">.\u201d, e \u00a0um \u201c<\/span><i><span style=\"font-weight: 400;\">Ciclo de vida do projeto \u00e9 a s\u00e9rie de fases pelas quais um projeto passa, do in\u00edcio ao t\u00e9rmino<\/span><\/i><span style=\"font-weight: 400;\">\u201d.<\/span><\/p>\n<p><span style=\"font-weight: 400;\">Se olharmos de maneira fria para estes dois conceitos, ambos nos remetem a quest\u00e3o da \u201ctemporariedade\u201d dos projetos. Um dos aspectos relevantes para a identifica\u00e7\u00e3o do que vem a ser um projeto, como j\u00e1 abordado <\/span><a href=\"http:\/\/www.nomus.com.br\/blog-industrial\/2016\/01\/gerenciamento-de-projetos-o-que-e\/\"><span style=\"font-weight: 400;\">neste artigo<\/span><\/a><span style=\"font-weight: 400;\">.<\/span><\/p>\n<p><span style=\"font-weight: 400;\">Dentro desta l\u00f3gica de conceito de tempo, o PMBOK traz ainda o conceito do que vem a ser os grupos de processos \u201c<\/span><i><span style=\"font-weight: 400;\">Os processos de gerenciamento de projetos s\u00e3o agrupados em cinco categorias conhecidas como grupos de processos de gerenciamento de projetos (ou grupos de processos)<\/span><\/i><span style=\"font-weight: 400;\">.\u201d<\/span><\/p>\n<p><span style=\"font-weight: 400;\">Estes grupos de processos apontados s\u00e3o: <\/span><\/p>\n<ul>\n<li style=\"font-weight: 400;\"><span style=\"font-weight: 400;\">Inicia\u00e7\u00e3o <\/span><\/li>\n<li style=\"font-weight: 400;\"><span style=\"font-weight: 400;\"><a href=\"https:\/\/www.nomus.com.br\/blog-industrial\/ppcp\/\">Planejamento<\/a> <\/span><\/li>\n<li style=\"font-weight: 400;\"><span style=\"font-weight: 400;\">Execu\u00e7\u00e3o <\/span><\/li>\n<li style=\"font-weight: 400;\"><span style=\"font-weight: 400;\">Monitoramento e Controle<\/span><\/li>\n<li style=\"font-weight: 400;\"><span style=\"font-weight: 400;\">Encerramento<\/span><\/li>\n<\/ul>\n<p><img decoding=\"async\" class=\"alignnone wp-image-2714 size-full lazyload\" title=\"Controle de projetos\" data-src=\"http:\/\/www.nomus.com.br\/blog-industrial\/wp-content\/uploads\/2016\/02\/monitoramento-e-controle.jpg\" alt=\"monitoramento-e-controle\" width=\"629\" height=\"193\" data-srcset=\"https:\/\/www.nomus.com.br\/blog-industrial\/wp-content\/uploads\/2016\/02\/monitoramento-e-controle.jpg 629w, https:\/\/www.nomus.com.br\/blog-industrial\/wp-content\/uploads\/2016\/02\/monitoramento-e-controle-345x106.jpg 345w\" data-sizes=\"(max-width: 629px) 100vw, 629px\" src=\"data:image\/svg+xml;base64,PHN2ZyB3aWR0aD0iMSIgaGVpZ2h0PSIxIiB4bWxucz0iaHR0cDovL3d3dy53My5vcmcvMjAwMC9zdmciPjwvc3ZnPg==\" style=\"--smush-placeholder-width: 629px; --smush-placeholder-aspect-ratio: 629\/193;\" \/><\/p>\n<p><span style=\"font-weight: 400;\">Logo, como nosso principal objetivo aqui \u00e9 simplificar o estudo e, acima de tudo, pensar o gerenciamento de projetos como uma filosofia de vida com f\u00e1cil aplica\u00e7\u00e3o, vamos unificar estes conceitos e definir que como <\/span><b>todo projeto \u00e9 tempor\u00e1rio e precisa ter in\u00edcio e fim<\/b><span style=\"font-weight: 400;\">, as nossas fases de projeto devem ser encaradas como as 5 apresentadas no conceito dos grupos de processos. Vamos explorar isso um pouco mais abaixo.<\/span><\/p>\n<h2>Detalhando as fases de um Projeto<\/h2>\n<p><span style=\"font-weight: 400;\">Detalhar as fases do projeto te ajuda a separar por partes os processos importantes que far\u00e3o voc\u00ea atingir o seu objetivo e entender qual est\u00e1gio est\u00e1 acontecendo. Vamos \u00e0s fases:<\/span><\/p>\n<h3><b>\u00c9 importante formalizar o in\u00edcio: Inicia\u00e7\u00e3o<\/b><\/h3>\n<p><span style=\"font-weight: 400;\">Tudo tem um in\u00edcio, e isso traz um aspecto bastante importante. Pense no dia a dia. Quantas defini\u00e7\u00f5es, quantas ideias surgem e quantas <a href=\"https:\/\/www.nomus.com.br\/blog-industrial\/tomada-de-decisao\/\">tomadas de decis\u00e3o<\/a> s\u00e3o feitas, que n\u00e3o saem da cabe\u00e7a ou at\u00e9 mesmo n\u00e3o saem do papel? Este \u00e9 um aspecto importante da fase de inicia\u00e7\u00e3o e temos que pensar nela como uma esp\u00e9cie de contrato com n\u00f3s mesmos. Defina seu objetivo e firme um compromisso, Escreva um termo de abertura, Formalize esta decis\u00e3o e este projeto. A fase de inicia\u00e7\u00e3o do projeto deve ser encarada como um rito que garante que o projeto avance, saia da ideia e passe a execu\u00e7\u00e3o.<\/span><\/p>\n<h3><b>Pensar&#8230; Prever&#8230; Priorizar: Planejamento<\/b><\/h3>\n<p><span style=\"font-weight: 400;\">Depois de formalizado o in\u00edcio do projeto, ou a inten\u00e7\u00e3o ent\u00e3o de execu\u00e7\u00e3o deste projeto, vem a fase mais importante: a fase do planejamento, deve obrigatoriamente ser encarada como a fase principal do projeto todo. Muitos s\u00e3o os aspectos que devem ser observados nesta fase do projeto, e vamos detalhar as \u00e1reas do gerenciamento de projetos assim como o conceito da tr\u00edplice restri\u00e7\u00e3o mais adiante, mas \u00e9 importante deixar claro que nesta fase, todo tempo gasto \u00e9 um <a href=\"https:\/\/www.capitalempreendedor.com.br\/blog\/como-conseguir-dinheiro-para-investir-na-empresa\" target=\"_blank\" rel=\"noopener\">investimento<\/a>. Antecipar as necessidades, riscos, recursos, investimentos, tudo deve ser previsto e planejado minuciosamente, de forma que o projeto nos leve para onde queremos ir. <\/span><\/p>\n<p><span style=\"font-weight: 400;\">Se retomarmos um pouco do conceito j\u00e1 apresentado no post anterior, projetos \u00e9 a pratica que nos leva de uma situa\u00e7\u00e3o atual para uma futura. A fase do planejamento, ent\u00e3o, deve ser utilizada para dizer como vamos fazer essa transi\u00e7\u00e3o. Por isso que todo tempo gasto nesta fase \u00e9 investimento. Se executada corretamente, ir\u00e1 antecipar todos os problemas que podem vir a ser encontrados durante a fase da execu\u00e7\u00e3o, garantindo o melhor resultado poss\u00edvel, ou, ao menos, o melhor resultado previsto.<\/span><\/p>\n<h3><b>Onde tudo acontece: Execu\u00e7\u00e3o<\/b><\/h3>\n<p><span style=\"font-weight: 400;\">Planejamento feito, \u00e9 hora de irmos \u00e0 execu\u00e7\u00e3o. A execu\u00e7\u00e3o \u00e9 obviamente uma etapa fundamental para o Projeto, pois \u00e9 aonde efetivamente vamos nos mover da situa\u00e7\u00e3o atual, onde nos encontramos e conforme planejado j\u00e1, nos transpor para o futuro previsto. <\/span><\/p>\n<p><span style=\"font-weight: 400;\">\u00c9 neste momento, que efetivamente o Projeto em si, passa a agregar valor. Pensemos em quantas ideias, quantos planos, que ficam em nossas cabe\u00e7as e n\u00e3o se tornam realidade. Dentro de nossas organiza\u00e7\u00f5es, quantas ideias surgem e acabam n\u00e3o acontecendo.<\/span><\/p>\n<p><span style=\"font-weight: 400;\"> Por isso, a fase da execu\u00e7\u00e3o \u00e9 onde os resultados efetivamente ir\u00e3o aparecer. A execu\u00e7\u00e3o \u00e9 bastante cr\u00edtica, pois na pr\u00e1tica a teoria pode ser diferente. \u00c9 obvio que este \u00e9 um ciclo que roda, ou seja, n\u00e3o \u00e9 poss\u00edvel imaginar que ser\u00e1 feito um planejamento e que depois durante a execu\u00e7\u00e3o tudo ir\u00e1 ocorrer dentro do planejado. Existir\u00e3o diversos momentos em que o plano dever\u00e1 ser revisto e adequado. Estes momentos fazem parte da fase de monitoramento e controle. <\/span><\/p>\n<h3><b>Garantindo que a execu\u00e7\u00e3o saia como planejado: Monitoramento e Controle<\/b><\/h3>\n<p><span style=\"font-weight: 400;\">A fase de monitoramento e controle serve exatamente para que durante a execu\u00e7\u00e3o se identifiquem os pontos em que as coisas n\u00e3o est\u00e3o ocorrendo conforme o planejado e seja poss\u00edvel durante a execu\u00e7\u00e3o ainda alterar a rota e garantir que ao final do projeto, os resultados sejam obtidos. <\/span><\/p>\n<p><span style=\"font-weight: 400;\">Como j\u00e1 destacamos aqui, o planejamento \u00e9 uma forma de definir os passos necess\u00e1rios que os levar\u00e3o a atingir os objetivos do projeto, por\u00e9m durante a execu\u00e7\u00e3o alguns destes passos podem trazer resultados diferentes do que era esperado.<\/span><\/p>\n<p><span style=\"font-weight: 400;\">Mudan\u00e7as no ambiente onde estamos inseridos podem fazer com que as a\u00e7\u00f5es previstas n\u00e3o sejam mais eficientes e necessitem de mudan\u00e7as. Altera\u00e7\u00f5es na economia, mudan\u00e7as nas taxas de juros, mudan\u00e7as clim\u00e1ticas, ou seja, todos os fatores externos ao projeto que fazem com que as a\u00e7\u00f5es adotadas precisem ser revistas. Isto somente \u00e9 poss\u00edvel se estivermos monitorando e controlando adequadamente. <\/span><\/p>\n<h3><b>Enfim&#8230; Tudo que come\u00e7a deve terminar: Encerramento<\/b><\/h3>\n<p><span style=\"font-weight: 400;\">Assim como dito que a fase de inicia\u00e7\u00e3o \u00e9 uma fase que deve ser encarada como um rito, a fase de encerramento tamb\u00e9m deve ter sua cerim\u00f4nia pr\u00f3pria. Formalizar o encerramento do projeto \u00e9 tao importante quanto formalizar seu in\u00edcio. Quantos projetos dentro das nossas organiza\u00e7\u00f5es nunca foram terminados? Quantos projetos passam a fazer parte de nossa rotina, confundindo or\u00e7amentos, escopos e recursos? E o mais importante de tudo, qu\u00e3o preciosos foram os ensinamentos de um determinado projeto que por n\u00e3o termos uma sess\u00e3o formal de encerramento, deixaram de serem discutidos e aprendidos? <\/span><\/p>\n<p><span style=\"font-weight: 400;\">Este \u00e9 o grande objetivo do encerramento do projeto. Muito al\u00e9m de obviamente concluir as atividades, o grande objetivo, ou \u201cpulo do gato\u201d \u00e9 formalizar o conhecimento e as li\u00e7\u00f5es aprendidas.<\/span><\/p>\n<h2>O grande desafio do Gerenciamento de Projetos<\/h2>\n<p><span style=\"font-weight: 400;\">Olhando desta forma, fica at\u00e9 simples demais pensar o Gerenciamento de Projetos, mas o grande desafio \u00e9 entender que um projeto n\u00e3o \u00e9 linear. Sim, os processos de inicia\u00e7\u00e3o e encerramento devem ficar muito claros e estabelecidos, pois s\u00e3o eles que caracterizam basicamente o conceito de temporariedade dos projetos, mas o n\u00facleo central das fases, composto por planejamento, execu\u00e7\u00e3o, monitoramento e controle se completam e devem ser dispostos em um looping que somente ser\u00e1 fechado quando o projeto estiver conclu\u00eddo e o objetivo atingido.<\/span><\/p>\n<p><span style=\"font-weight: 400;\">N\u00e3o temos como dissociar estas tr\u00eas fases e coloc\u00e1-las de maneira separada e ordenada. Elas devem trabalhar juntas e concomitantemente. Este n\u00facleo central lembra muito o <a href=\"https:\/\/www.nomus.com.br\/blog-industrial\/ciclo-pdca\/\">PDCA (Plan, Do, Check, Act)<\/a> e deve sim ser encarado desta forma. A grande diferen\u00e7a esta no fato de que o <a href=\"https:\/\/www.nomus.com.br\/blog-industrial\/ciclo-pdca\/\">PDCA<\/a> por defini\u00e7\u00e3o n\u00e3o tem um fim, pois busca apoiar o processo de melhoria continua. J\u00e1 um projeto n\u00e3o, ele deve buscar atingir um objetivo e ent\u00e3o ser encerrado.<\/span><\/p>\n<p><span style=\"font-weight: 400;\">Termos estas fases claras em nossas mentes no momento de pensarmos a gest\u00e3o de projetos \u00e9 de grande import\u00e2ncia. Acredito que o primeiro grande passo da gest\u00e3o de projetos dentro das organiza\u00e7\u00f5es inclui:<\/span><\/p>\n<ul>\n<li style=\"font-weight: 400;\"><span style=\"font-weight: 400;\">a formaliza\u00e7\u00e3o do inicio e encerramento dos projetos;<\/span><\/li>\n<li style=\"font-weight: 400;\"><span style=\"font-weight: 400;\">planejar as a\u00e7\u00f5es antes de iniciar a execu\u00e7\u00e3o;<\/span><\/li>\n<li style=\"font-weight: 400;\"><span style=\"font-weight: 400;\">a disciplina de monitorar e controlar e com base nos dados coletados;<\/span><\/li>\n<li style=\"font-weight: 400;\"><span style=\"font-weight: 400;\">replanejar aquilo que precisa ser corrigido. <\/span><\/li>\n<\/ul>\n<h2>Gerenciamento de Projetos como filosofia de trabalho<\/h2>\n<p><span style=\"font-weight: 400;\">Defendemos que gerenciamento de projetos, muito al\u00e9m de uma profiss\u00e3o, m\u00e9todo ou t\u00e9cnica, \u00e9 uma filosofia de trabalho. E deve ser encarado como uma nova forma de pensar os neg\u00f3cios pelos executivos, t\u00e9cnicos, analistas e operadores. Todos devem entender que quando uma determinada a\u00e7\u00e3o \u00e9 necess\u00e1ria, ela deve ter in\u00edcio, meio e principalmente fim. A partir do momento que come\u00e7amos a pensar nossas atitudes dentro das organiza\u00e7\u00f5es por este vi\u00e9s, os ganhos s\u00e3o incalcul\u00e1veis para nossos neg\u00f3cios. <\/span><\/p>\n<p><span style=\"font-weight: 400;\">Para continuar por dentro das novidades no mundo das ind\u00fastrias, acompanhe o <\/span><a href=\"http:\/\/www.nomus.com.br\/blog-industrial\/\"><span style=\"font-weight: 400;\">Blog Industrial<\/span><\/a><span style=\"font-weight: 400;\"> e nos siga no <\/span><a href=\"https:\/\/www.linkedin.com\/company\/2670515?trk=tyah&amp;trkInfo=clickedVertical%3Acompany%2CclickedEntityId%3A2670515%2Cidx%3A2-2-3%2CtarId%3A1453998285876%2Ctas%3Anomu\"><span style=\"font-weight: 400;\">LinkedIn<\/span><\/a><span style=\"font-weight: 400;\"> e em nossa p\u00e1gina no <\/span><a href=\"https:\/\/www.facebook.com\/nomussoftwares\/\"><span style=\"font-weight: 400;\">Facebook <\/span><\/a><\/p>\n","protected":false},"excerpt":{"rendered":"<p>Antes de come\u00e7armos a debater a fundo esta tem\u00e1tica, para evitar pol\u00eamicas futuras com rela\u00e7\u00e3o \u00e0s melhores pr\u00e1ticas em gerenciamento de projetos e o que efetivamente significa ciclo de vida dos projetos, vamos dar voz aqui ao PMBOK\u00b9, que diz: \u201cCiclo de vida do projeto \u00e9 a s\u00e9rie de fases pelas quais um projeto passa, [&hellip;]<\/p>\n","protected":false},"author":14,"featured_media":7686,"comment_status":"open","ping_status":"closed","sticky":false,"template":"","format":"standard","meta":{"_acf_changed":false,"footnotes":""},"categories":[31,3],"tags":[48],"class_list":["post-2707","post","type-post","status-publish","format-standard","has-post-thumbnail","hentry","category-gestao-de-projetos","category-processos-e-organizacao","tag-artigo"],"acf":[],"yoast_head":"\n<title>Como definir o ciclo de vida dos projetos da sua f\u00e1brica<\/title>\n<meta name=\"description\" content=\"Aprenda o que \u00e9 projeto, PMBOK, PMI e veja como definir o ciclo de vida dos projetos de gest\u00e3o da sua f\u00e1brica.\" \/>\n<meta name=\"robots\" content=\"index, follow, max-snippet:-1, max-image-preview:large, max-video-preview:-1\" \/>\n<link rel=\"canonical\" href=\"https:\/\/www.nomus.com.br\/blog-industrial\/como-definir-o-ciclo-de-vida-dos-projetos-da-sua-fabrica\/\" \/>\n<meta property=\"og:locale\" content=\"pt_BR\" \/>\n<meta property=\"og:type\" content=\"article\" \/>\n<meta property=\"og:title\" content=\"Como definir o ciclo de vida dos projetos da sua f\u00e1brica\" \/>\n<meta property=\"og:description\" content=\"Aprenda o que \u00e9 projeto, PMBOK, PMI e veja como definir o ciclo de vida dos projetos de gest\u00e3o da sua f\u00e1brica.\" \/>\n<meta property=\"og:url\" content=\"https:\/\/www.nomus.com.br\/blog-industrial\/como-definir-o-ciclo-de-vida-dos-projetos-da-sua-fabrica\/\" \/>\n<meta property=\"og:site_name\" content=\"Blog Industrial Nomus\" \/>\n<meta property=\"article:publisher\" content=\"https:\/\/www.facebook.com\/nomussoftwares\" \/>\n<meta property=\"article:published_time\" content=\"2016-02-04T10:29:31+00:00\" \/>\n<meta property=\"article:modified_time\" content=\"2026-04-02T12:50:04+00:00\" \/>\n<meta property=\"og:image\" content=\"https:\/\/www.nomus.com.br\/blog-industrial\/wp-content\/uploads\/2018\/11\/nomus-blog-industrial12.jpg\" \/>\n\t<meta property=\"og:image:width\" content=\"620\" \/>\n\t<meta property=\"og:image:height\" content=\"405\" \/>\n\t<meta property=\"og:image:type\" content=\"image\/jpeg\" \/>\n<meta name=\"author\" content=\"Eduardo Moura\" \/>\n<meta name=\"twitter:card\" content=\"summary_large_image\" \/>\n<meta name=\"twitter:creator\" content=\"@nomusindustrial\" \/>\n<meta name=\"twitter:site\" content=\"@nomusindustrial\" \/>\n<meta name=\"twitter:label1\" content=\"Escrito por\" \/>\n\t<meta name=\"twitter:data1\" content=\"Eduardo Moura\" \/>\n\t<meta name=\"twitter:label2\" content=\"Est. tempo de leitura\" \/>\n\t<meta name=\"twitter:data2\" content=\"9 minutos\" \/>\n<script type=\"application\/ld+json\" class=\"yoast-schema-graph\">{\"@context\":\"https:\/\/schema.org\",\"@graph\":[{\"@type\":\"Article\",\"@id\":\"https:\/\/www.nomus.com.br\/blog-industrial\/como-definir-o-ciclo-de-vida-dos-projetos-da-sua-fabrica\/#article\",\"isPartOf\":{\"@id\":\"https:\/\/www.nomus.com.br\/blog-industrial\/como-definir-o-ciclo-de-vida-dos-projetos-da-sua-fabrica\/\"},\"author\":{\"name\":\"Eduardo Moura\",\"@id\":\"https:\/\/www.nomus.com.br\/blog-industrial\/#\/schema\/person\/b885c687c31680add30f5d26bed847c6\"},\"headline\":\"Como definir o ciclo de vida dos projetos da sua f\u00e1brica\",\"datePublished\":\"2016-02-04T10:29:31+00:00\",\"dateModified\":\"2026-04-02T12:50:04+00:00\",\"mainEntityOfPage\":{\"@id\":\"https:\/\/www.nomus.com.br\/blog-industrial\/como-definir-o-ciclo-de-vida-dos-projetos-da-sua-fabrica\/\"},\"wordCount\":1685,\"commentCount\":0,\"image\":{\"@id\":\"https:\/\/www.nomus.com.br\/blog-industrial\/como-definir-o-ciclo-de-vida-dos-projetos-da-sua-fabrica\/#primaryimage\"},\"thumbnailUrl\":\"https:\/\/www.nomus.com.br\/blog-industrial\/wp-content\/uploads\/2018\/11\/nomus-blog-industrial12.jpg\",\"keywords\":[\"artigo\"],\"articleSection\":[\"Gest\u00e3o de projetos\",\"Processos e Organiza\u00e7\u00e3o\"],\"inLanguage\":\"pt-BR\",\"potentialAction\":[{\"@type\":\"CommentAction\",\"name\":\"Comment\",\"target\":[\"https:\/\/www.nomus.com.br\/blog-industrial\/como-definir-o-ciclo-de-vida-dos-projetos-da-sua-fabrica\/#respond\"]}]},{\"@type\":\"WebPage\",\"@id\":\"https:\/\/www.nomus.com.br\/blog-industrial\/como-definir-o-ciclo-de-vida-dos-projetos-da-sua-fabrica\/\",\"url\":\"https:\/\/www.nomus.com.br\/blog-industrial\/como-definir-o-ciclo-de-vida-dos-projetos-da-sua-fabrica\/\",\"name\":\"Como definir o ciclo de vida dos projetos da sua f\u00e1brica\",\"isPartOf\":{\"@id\":\"https:\/\/www.nomus.com.br\/blog-industrial\/#website\"},\"primaryImageOfPage\":{\"@id\":\"https:\/\/www.nomus.com.br\/blog-industrial\/como-definir-o-ciclo-de-vida-dos-projetos-da-sua-fabrica\/#primaryimage\"},\"image\":{\"@id\":\"https:\/\/www.nomus.com.br\/blog-industrial\/como-definir-o-ciclo-de-vida-dos-projetos-da-sua-fabrica\/#primaryimage\"},\"thumbnailUrl\":\"https:\/\/www.nomus.com.br\/blog-industrial\/wp-content\/uploads\/2018\/11\/nomus-blog-industrial12.jpg\",\"datePublished\":\"2016-02-04T10:29:31+00:00\",\"dateModified\":\"2026-04-02T12:50:04+00:00\",\"author\":{\"@id\":\"https:\/\/www.nomus.com.br\/blog-industrial\/#\/schema\/person\/b885c687c31680add30f5d26bed847c6\"},\"description\":\"Aprenda o que \u00e9 projeto, PMBOK, PMI e veja como definir o ciclo de vida dos projetos de gest\u00e3o da sua f\u00e1brica.\",\"breadcrumb\":{\"@id\":\"https:\/\/www.nomus.com.br\/blog-industrial\/como-definir-o-ciclo-de-vida-dos-projetos-da-sua-fabrica\/#breadcrumb\"},\"inLanguage\":\"pt-BR\",\"potentialAction\":[{\"@type\":\"ReadAction\",\"target\":[\"https:\/\/www.nomus.com.br\/blog-industrial\/como-definir-o-ciclo-de-vida-dos-projetos-da-sua-fabrica\/\"]}]},{\"@type\":\"ImageObject\",\"inLanguage\":\"pt-BR\",\"@id\":\"https:\/\/www.nomus.com.br\/blog-industrial\/como-definir-o-ciclo-de-vida-dos-projetos-da-sua-fabrica\/#primaryimage\",\"url\":\"https:\/\/www.nomus.com.br\/blog-industrial\/wp-content\/uploads\/2018\/11\/nomus-blog-industrial12.jpg\",\"contentUrl\":\"https:\/\/www.nomus.com.br\/blog-industrial\/wp-content\/uploads\/2018\/11\/nomus-blog-industrial12.jpg\",\"width\":620,\"height\":405},{\"@type\":\"BreadcrumbList\",\"@id\":\"https:\/\/www.nomus.com.br\/blog-industrial\/como-definir-o-ciclo-de-vida-dos-projetos-da-sua-fabrica\/#breadcrumb\",\"itemListElement\":[{\"@type\":\"ListItem\",\"position\":1,\"name\":\"Blog Industrial Nomus\",\"item\":\"https:\/\/www.nomus.com.br\/blog-industrial\/\"},{\"@type\":\"ListItem\",\"position\":2,\"name\":\"Processos e Organiza\u00e7\u00e3o\",\"item\":\"https:\/\/www.nomus.com.br\/blog-industrial\/category\/processos-e-organizacao\/\"},{\"@type\":\"ListItem\",\"position\":3,\"name\":\"Como definir o ciclo de vida dos projetos da sua f\u00e1brica\"}]},{\"@type\":\"WebSite\",\"@id\":\"https:\/\/www.nomus.com.br\/blog-industrial\/#website\",\"url\":\"https:\/\/www.nomus.com.br\/blog-industrial\/\",\"name\":\"Blog Industrial Nomus\",\"description\":\"Artigos, planilhas, ebooks e ferramentas de engenharia de produ\u00e7\u00e3o e para aumentar o lucro da sua f\u00e1brica\",\"potentialAction\":[{\"@type\":\"SearchAction\",\"target\":{\"@type\":\"EntryPoint\",\"urlTemplate\":\"https:\/\/www.nomus.com.br\/blog-industrial\/?s={search_term_string}\"},\"query-input\":{\"@type\":\"PropertyValueSpecification\",\"valueRequired\":true,\"valueName\":\"search_term_string\"}}],\"inLanguage\":\"pt-BR\"},{\"@type\":\"Person\",\"@id\":\"https:\/\/www.nomus.com.br\/blog-industrial\/#\/schema\/person\/b885c687c31680add30f5d26bed847c6\",\"name\":\"Eduardo Moura\",\"image\":{\"@type\":\"ImageObject\",\"inLanguage\":\"pt-BR\",\"@id\":\"https:\/\/www.nomus.com.br\/blog-industrial\/#\/schema\/person\/image\/\",\"url\":\"https:\/\/secure.gravatar.com\/avatar\/f27f0043c575136091a73ff8eff8ed9e2a6769d4602d9bbf3e991a3c9abf9ded?s=96&d=mm&r=g\",\"contentUrl\":\"https:\/\/secure.gravatar.com\/avatar\/f27f0043c575136091a73ff8eff8ed9e2a6769d4602d9bbf3e991a3c9abf9ded?s=96&d=mm&r=g\",\"caption\":\"Eduardo Moura\"},\"description\":\"MBA em Gest\u00e3o de Projetos pela FGV Atua h\u00e1 13 anos em ind\u00fastrias Metal Mec\u00e2nicas em Projetos de Implanta\u00e7\u00e3o de Softwares e na \u00e1rea de PPCP.\",\"url\":\"https:\/\/www.nomus.com.br\/blog-industrial\/author\/emourapbi\/\"}]}<\/script>\n","yoast_head_json":{"title":"Como definir o ciclo de vida dos projetos da sua f\u00e1brica","description":"Aprenda o que \u00e9 projeto, PMBOK, PMI e veja como definir o ciclo de vida dos projetos de gest\u00e3o da sua f\u00e1brica.","robots":{"index":"index","follow":"follow","max-snippet":"max-snippet:-1","max-image-preview":"max-image-preview:large","max-video-preview":"max-video-preview:-1"},"canonical":"https:\/\/www.nomus.com.br\/blog-industrial\/como-definir-o-ciclo-de-vida-dos-projetos-da-sua-fabrica\/","og_locale":"pt_BR","og_type":"article","og_title":"Como definir o ciclo de vida dos projetos da sua f\u00e1brica","og_description":"Aprenda o que \u00e9 projeto, PMBOK, PMI e veja como definir o ciclo de vida dos projetos de gest\u00e3o da sua f\u00e1brica.","og_url":"https:\/\/www.nomus.com.br\/blog-industrial\/como-definir-o-ciclo-de-vida-dos-projetos-da-sua-fabrica\/","og_site_name":"Blog Industrial Nomus","article_publisher":"https:\/\/www.facebook.com\/nomussoftwares","article_published_time":"2016-02-04T10:29:31+00:00","article_modified_time":"2026-04-02T12:50:04+00:00","og_image":[{"width":620,"height":405,"url":"https:\/\/www.nomus.com.br\/blog-industrial\/wp-content\/uploads\/2018\/11\/nomus-blog-industrial12.jpg","type":"image\/jpeg"}],"author":"Eduardo Moura","twitter_card":"summary_large_image","twitter_creator":"@nomusindustrial","twitter_site":"@nomusindustrial","twitter_misc":{"Escrito por":"Eduardo Moura","Est. tempo de leitura":"9 minutos"},"schema":{"@context":"https:\/\/schema.org","@graph":[{"@type":"Article","@id":"https:\/\/www.nomus.com.br\/blog-industrial\/como-definir-o-ciclo-de-vida-dos-projetos-da-sua-fabrica\/#article","isPartOf":{"@id":"https:\/\/www.nomus.com.br\/blog-industrial\/como-definir-o-ciclo-de-vida-dos-projetos-da-sua-fabrica\/"},"author":{"name":"Eduardo Moura","@id":"https:\/\/www.nomus.com.br\/blog-industrial\/#\/schema\/person\/b885c687c31680add30f5d26bed847c6"},"headline":"Como definir o ciclo de vida dos projetos da sua f\u00e1brica","datePublished":"2016-02-04T10:29:31+00:00","dateModified":"2026-04-02T12:50:04+00:00","mainEntityOfPage":{"@id":"https:\/\/www.nomus.com.br\/blog-industrial\/como-definir-o-ciclo-de-vida-dos-projetos-da-sua-fabrica\/"},"wordCount":1685,"commentCount":0,"image":{"@id":"https:\/\/www.nomus.com.br\/blog-industrial\/como-definir-o-ciclo-de-vida-dos-projetos-da-sua-fabrica\/#primaryimage"},"thumbnailUrl":"https:\/\/www.nomus.com.br\/blog-industrial\/wp-content\/uploads\/2018\/11\/nomus-blog-industrial12.jpg","keywords":["artigo"],"articleSection":["Gest\u00e3o de projetos","Processos e Organiza\u00e7\u00e3o"],"inLanguage":"pt-BR","potentialAction":[{"@type":"CommentAction","name":"Comment","target":["https:\/\/www.nomus.com.br\/blog-industrial\/como-definir-o-ciclo-de-vida-dos-projetos-da-sua-fabrica\/#respond"]}]},{"@type":"WebPage","@id":"https:\/\/www.nomus.com.br\/blog-industrial\/como-definir-o-ciclo-de-vida-dos-projetos-da-sua-fabrica\/","url":"https:\/\/www.nomus.com.br\/blog-industrial\/como-definir-o-ciclo-de-vida-dos-projetos-da-sua-fabrica\/","name":"Como definir o ciclo de vida dos projetos da sua f\u00e1brica","isPartOf":{"@id":"https:\/\/www.nomus.com.br\/blog-industrial\/#website"},"primaryImageOfPage":{"@id":"https:\/\/www.nomus.com.br\/blog-industrial\/como-definir-o-ciclo-de-vida-dos-projetos-da-sua-fabrica\/#primaryimage"},"image":{"@id":"https:\/\/www.nomus.com.br\/blog-industrial\/como-definir-o-ciclo-de-vida-dos-projetos-da-sua-fabrica\/#primaryimage"},"thumbnailUrl":"https:\/\/www.nomus.com.br\/blog-industrial\/wp-content\/uploads\/2018\/11\/nomus-blog-industrial12.jpg","datePublished":"2016-02-04T10:29:31+00:00","dateModified":"2026-04-02T12:50:04+00:00","author":{"@id":"https:\/\/www.nomus.com.br\/blog-industrial\/#\/schema\/person\/b885c687c31680add30f5d26bed847c6"},"description":"Aprenda o que \u00e9 projeto, PMBOK, PMI e veja como definir o ciclo de vida dos projetos de gest\u00e3o da sua f\u00e1brica.","breadcrumb":{"@id":"https:\/\/www.nomus.com.br\/blog-industrial\/como-definir-o-ciclo-de-vida-dos-projetos-da-sua-fabrica\/#breadcrumb"},"inLanguage":"pt-BR","potentialAction":[{"@type":"ReadAction","target":["https:\/\/www.nomus.com.br\/blog-industrial\/como-definir-o-ciclo-de-vida-dos-projetos-da-sua-fabrica\/"]}]},{"@type":"ImageObject","inLanguage":"pt-BR","@id":"https:\/\/www.nomus.com.br\/blog-industrial\/como-definir-o-ciclo-de-vida-dos-projetos-da-sua-fabrica\/#primaryimage","url":"https:\/\/www.nomus.com.br\/blog-industrial\/wp-content\/uploads\/2018\/11\/nomus-blog-industrial12.jpg","contentUrl":"https:\/\/www.nomus.com.br\/blog-industrial\/wp-content\/uploads\/2018\/11\/nomus-blog-industrial12.jpg","width":620,"height":405},{"@type":"BreadcrumbList","@id":"https:\/\/www.nomus.com.br\/blog-industrial\/como-definir-o-ciclo-de-vida-dos-projetos-da-sua-fabrica\/#breadcrumb","itemListElement":[{"@type":"ListItem","position":1,"name":"Blog Industrial Nomus","item":"https:\/\/www.nomus.com.br\/blog-industrial\/"},{"@type":"ListItem","position":2,"name":"Processos e Organiza\u00e7\u00e3o","item":"https:\/\/www.nomus.com.br\/blog-industrial\/category\/processos-e-organizacao\/"},{"@type":"ListItem","position":3,"name":"Como definir o ciclo de vida dos projetos da sua f\u00e1brica"}]},{"@type":"WebSite","@id":"https:\/\/www.nomus.com.br\/blog-industrial\/#website","url":"https:\/\/www.nomus.com.br\/blog-industrial\/","name":"Blog Industrial Nomus","description":"Artigos, planilhas, ebooks e ferramentas de engenharia de produ\u00e7\u00e3o e para aumentar o lucro da sua f\u00e1brica","potentialAction":[{"@type":"SearchAction","target":{"@type":"EntryPoint","urlTemplate":"https:\/\/www.nomus.com.br\/blog-industrial\/?s={search_term_string}"},"query-input":{"@type":"PropertyValueSpecification","valueRequired":true,"valueName":"search_term_string"}}],"inLanguage":"pt-BR"},{"@type":"Person","@id":"https:\/\/www.nomus.com.br\/blog-industrial\/#\/schema\/person\/b885c687c31680add30f5d26bed847c6","name":"Eduardo Moura","image":{"@type":"ImageObject","inLanguage":"pt-BR","@id":"https:\/\/www.nomus.com.br\/blog-industrial\/#\/schema\/person\/image\/","url":"https:\/\/secure.gravatar.com\/avatar\/f27f0043c575136091a73ff8eff8ed9e2a6769d4602d9bbf3e991a3c9abf9ded?s=96&d=mm&r=g","contentUrl":"https:\/\/secure.gravatar.com\/avatar\/f27f0043c575136091a73ff8eff8ed9e2a6769d4602d9bbf3e991a3c9abf9ded?s=96&d=mm&r=g","caption":"Eduardo Moura"},"description":"MBA em Gest\u00e3o de Projetos pela FGV Atua h\u00e1 13 anos em ind\u00fastrias Metal Mec\u00e2nicas em Projetos de Implanta\u00e7\u00e3o de Softwares e na \u00e1rea de PPCP.","url":"https:\/\/www.nomus.com.br\/blog-industrial\/author\/emourapbi\/"}]}},"_links":{"self":[{"href":"https:\/\/www.nomus.com.br\/blog-industrial\/wp-json\/wp\/v2\/posts\/2707","targetHints":{"allow":["GET"]}}],"collection":[{"href":"https:\/\/www.nomus.com.br\/blog-industrial\/wp-json\/wp\/v2\/posts"}],"about":[{"href":"https:\/\/www.nomus.com.br\/blog-industrial\/wp-json\/wp\/v2\/types\/post"}],"author":[{"embeddable":true,"href":"https:\/\/www.nomus.com.br\/blog-industrial\/wp-json\/wp\/v2\/users\/14"}],"replies":[{"embeddable":true,"href":"https:\/\/www.nomus.com.br\/blog-industrial\/wp-json\/wp\/v2\/comments?post=2707"}],"version-history":[{"count":13,"href":"https:\/\/www.nomus.com.br\/blog-industrial\/wp-json\/wp\/v2\/posts\/2707\/revisions"}],"predecessor-version":[{"id":19787,"href":"https:\/\/www.nomus.com.br\/blog-industrial\/wp-json\/wp\/v2\/posts\/2707\/revisions\/19787"}],"wp:featuredmedia":[{"embeddable":true,"href":"https:\/\/www.nomus.com.br\/blog-industrial\/wp-json\/wp\/v2\/media\/7686"}],"wp:attachment":[{"href":"https:\/\/www.nomus.com.br\/blog-industrial\/wp-json\/wp\/v2\/media?parent=2707"}],"wp:term":[{"taxonomy":"category","embeddable":true,"href":"https:\/\/www.nomus.com.br\/blog-industrial\/wp-json\/wp\/v2\/categories?post=2707"},{"taxonomy":"post_tag","embeddable":true,"href":"https:\/\/www.nomus.com.br\/blog-industrial\/wp-json\/wp\/v2\/tags?post=2707"}],"curies":[{"name":"wp","href":"https:\/\/api.w.org\/{rel}","templated":true}]}}