{"id":18132,"date":"2023-03-02T00:01:00","date_gmt":"2023-03-02T03:01:00","guid":{"rendered":"https:\/\/www.nomus.com.br\/blog-industrial\/?p=18132"},"modified":"2024-03-12T08:49:53","modified_gmt":"2024-03-12T11:49:53","slug":"promocao-de-18-anos-nomus-melhore-a-gestao-da-sua-fabrica","status":"publish","type":"post","link":"https:\/\/www.nomus.com.br\/blog-industrial\/promocao-de-18-anos-nomus-melhore-a-gestao-da-sua-fabrica\/","title":{"rendered":"Promo\u00e7\u00e3o de 18 anos Nomus &#8211; Melhore a gest\u00e3o da sua f\u00e1brica"},"content":{"rendered":"\n<p>No m\u00eas de mar\u00e7o de 2023, a Nomus completa 18 anos desde sua funda\u00e7\u00e3o e para comemorar, as empresas que contratarem a anuidade do <a href=\"https:\/\/www.nomus.com.br\/erpindustrial\/\">Nomus ERP Industrial<\/a> at\u00e9 o dia 31\/03\/2023, receber\u00e3o 18 meses de acesso ao sistema.<\/p>\n\n\n\n<p>S\u00e3o 6 meses adicionais gr\u00e1tis para a sua f\u00e1brica <a href=\"https:\/\/www.nomus.com.br\/blog-industrial\/melhorar-processos\/\">melhorar processos<\/a>, identificar problemas e se tornar mais produtiva. Veja mais na p\u00e1gina da promo\u00e7\u00e3o:<\/p>\n\n\n<div class=\"wp-block-image\">\n<figure class=\"aligncenter size-full\"><a href=\"https:\/\/www.nomus.com.br\/erpindustrial\/18anos\/\"><img decoding=\"async\" width=\"620\" height=\"405\" data-src=\"https:\/\/www.nomus.com.br\/blog-industrial\/wp-content\/uploads\/2023\/02\/18anos-blog2.jpg\" alt=\"\" class=\"wp-image-18133 lazyload\" src=\"data:image\/svg+xml;base64,PHN2ZyB3aWR0aD0iMSIgaGVpZ2h0PSIxIiB4bWxucz0iaHR0cDovL3d3dy53My5vcmcvMjAwMC9zdmciPjwvc3ZnPg==\" style=\"--smush-placeholder-width: 620px; --smush-placeholder-aspect-ratio: 620\/405;\" \/><\/a><\/figure>\n<\/div>\n\n\n<div class=\"wp-block-buttons is-content-justification-center is-layout-flex wp-container-core-buttons-is-layout-16018d1d wp-block-buttons-is-layout-flex\">\n<div class=\"wp-block-button\"><a class=\"wp-block-button__link has-vivid-red-background-color has-background wp-element-button\" href=\"https:\/\/www.nomus.com.br\/erpindustrial\/18anos\/\" target=\"_blank\" rel=\"noreferrer noopener\">Promo\u00e7\u00e3o 18 Anos Nomus<\/a><\/div>\n<\/div>\n\n\n\n<p>O que est\u00e1 incluso na promo\u00e7\u00e3o:<\/p>\n\n\n\n<ul class=\"wp-block-list\">\n<li><strong>Contrate 12 e receba 18 meses<\/strong> de acesso ao sistema.<\/li>\n\n\n\n<li><strong>Sistema completo<\/strong> &#8211; Anuidade do sistema com todos os m\u00f3dulos liberados para uso (veja todos)<\/li>\n\n\n\n<li><strong>3 Acessos Simult\u00e2neos e 1 CNPJ<\/strong> &#8211; Tenha 1 CNPJ e 3 acessos simult\u00e2neos ao sistema. Cadastro de usu\u00e1rios ilimitados.<\/li>\n\n\n\n<li><strong>Treinamento Gravado<\/strong> &#8211; Acesso \u00e0 Universidade Nomus com 68 horas de treinamentos de implanta\u00e7\u00e3o gravados<\/li>\n\n\n\n<li><strong>Consultoria particular<\/strong> &#8211; 24 horas de implanta\u00e7\u00e3o ao vivo e online para complementar o treinamento gravado<\/li>\n\n\n\n<li><strong>Pain\u00e9is de gest\u00e3o<\/strong> &#8211; <a href=\"https:\/\/www.nomus.com.br\/blog-industrial\/dashboard\/\">Dashboards<\/a> com gr\u00e1ficos, relat\u00f3rios e indicadores personalizados<\/li>\n\n\n\n<li><strong>Tecnologia web<\/strong> &#8211; Hospedagem em nuvem com espa\u00e7o ilimitado e acesso remoto<\/li>\n\n\n\n<li><strong>Sempre atualizado<\/strong> &#8211; Atualiza\u00e7\u00f5es ilimitadas e sem custos das vers\u00f5es do sistema<\/li>\n\n\n\n<li><strong>Suporte ilimitado<\/strong> &#8211; Tire suas d\u00favidas por telefone, Whatsapp, chat, email e tenha controle dos seus tickets<\/li>\n<\/ul>\n\n\n\n<p>Ent\u00e3o aproveite essa oportunidade e saiba mais na p\u00e1gina da promo\u00e7\u00e3o:<\/p>\n\n\n\n<div class=\"wp-block-buttons is-content-justification-center is-layout-flex wp-container-core-buttons-is-layout-16018d1d wp-block-buttons-is-layout-flex\">\n<div class=\"wp-block-button\"><a class=\"wp-block-button__link has-vivid-red-background-color has-background wp-element-button\" href=\"https:\/\/www.nomus.com.br\/erpindustrial\/18anos\/\" target=\"_blank\" rel=\"noreferrer noopener\">Promo\u00e7\u00e3o 18 Anos Nomus<\/a><\/div>\n<\/div>\n","protected":false},"excerpt":{"rendered":"<p>No m\u00eas de mar\u00e7o de 2023, a Nomus completa 18 anos desde sua funda\u00e7\u00e3o e para comemorar, as empresas que contratarem a anuidade do Nomus ERP Industrial at\u00e9 o dia 31\/03\/2023, receber\u00e3o 18 meses de acesso ao sistema. S\u00e3o 6 meses adicionais gr\u00e1tis para a sua f\u00e1brica melhorar processos, identificar problemas e se tornar mais [&hellip;]<\/p>\n","protected":false},"author":20,"featured_media":18133,"comment_status":"open","ping_status":"open","sticky":false,"template":"","format":"standard","meta":{"_acf_changed":false,"footnotes":""},"categories":[88],"tags":[48],"class_list":["post-18132","post","type-post","status-publish","format-standard","has-post-thumbnail","hentry","category-erp","tag-artigo"],"acf":[],"yoast_head":"\n<title>Promo\u00e7\u00e3o de 18 anos Nomus - Melhore a gest\u00e3o da sua f\u00e1brica<\/title>\n<meta name=\"description\" content=\"Veja as vantagens de contratar o Nomus ERP Industrial na promo\u00e7\u00e3o de 18 anos da Nomus e saia na frente em 2023.\" \/>\n<meta name=\"robots\" content=\"index, follow, max-snippet:-1, max-image-preview:large, max-video-preview:-1\" \/>\n<link rel=\"canonical\" href=\"https:\/\/www.nomus.com.br\/blog-industrial\/promocao-de-18-anos-nomus-melhore-a-gestao-da-sua-fabrica\/\" \/>\n<meta property=\"og:locale\" content=\"pt_BR\" \/>\n<meta property=\"og:type\" content=\"article\" \/>\n<meta property=\"og:title\" content=\"Promo\u00e7\u00e3o de 18 anos Nomus - Melhore a gest\u00e3o da sua f\u00e1brica\" \/>\n<meta property=\"og:description\" content=\"Veja as vantagens de contratar o Nomus ERP Industrial na promo\u00e7\u00e3o de 18 anos da Nomus e saia na frente em 2023.\" \/>\n<meta property=\"og:url\" content=\"https:\/\/www.nomus.com.br\/blog-industrial\/promocao-de-18-anos-nomus-melhore-a-gestao-da-sua-fabrica\/\" \/>\n<meta property=\"og:site_name\" content=\"Blog Industrial Nomus\" \/>\n<meta property=\"article:publisher\" content=\"https:\/\/www.facebook.com\/nomussoftwares\" \/>\n<meta property=\"article:published_time\" content=\"2023-03-02T03:01:00+00:00\" \/>\n<meta property=\"article:modified_time\" content=\"2024-03-12T11:49:53+00:00\" \/>\n<meta property=\"og:image\" content=\"https:\/\/www.nomus.com.br\/blog-industrial\/wp-content\/uploads\/2023\/02\/18anos-blog2.jpg\" \/>\n\t<meta property=\"og:image:width\" content=\"620\" \/>\n\t<meta property=\"og:image:height\" content=\"405\" \/>\n\t<meta property=\"og:image:type\" content=\"image\/jpeg\" \/>\n<meta name=\"author\" content=\"Andr\u00e9 Quint\u00e3o\" \/>\n<meta name=\"twitter:card\" content=\"summary_large_image\" \/>\n<meta name=\"twitter:title\" content=\"Promo\u00e7\u00e3o de 18 anos Nomus - Melhore a gest\u00e3o da sua f\u00e1brica\" \/>\n<meta name=\"twitter:description\" content=\"Veja as vantagens de contratar o Nomus ERP Industrial na promo\u00e7\u00e3o de 18 anos da Nomus e saia na frente em 2023.\" \/>\n<meta name=\"twitter:image\" content=\"https:\/\/www.nomus.com.br\/blog-industrial\/wp-content\/uploads\/2023\/02\/18anos-blog2.jpg\" \/>\n<meta name=\"twitter:creator\" content=\"@nomusindustrial\" \/>\n<meta name=\"twitter:site\" content=\"@nomusindustrial\" \/>\n<meta name=\"twitter:label1\" content=\"Escrito por\" \/>\n\t<meta name=\"twitter:data1\" content=\"Andr\u00e9 Quint\u00e3o\" \/>\n\t<meta name=\"twitter:label2\" content=\"Est. tempo de leitura\" \/>\n\t<meta name=\"twitter:data2\" content=\"2 minutos\" \/>\n<script type=\"application\/ld+json\" class=\"yoast-schema-graph\">{\"@context\":\"https:\/\/schema.org\",\"@graph\":[{\"@type\":\"Article\",\"@id\":\"https:\/\/www.nomus.com.br\/blog-industrial\/promocao-de-18-anos-nomus-melhore-a-gestao-da-sua-fabrica\/#article\",\"isPartOf\":{\"@id\":\"https:\/\/www.nomus.com.br\/blog-industrial\/promocao-de-18-anos-nomus-melhore-a-gestao-da-sua-fabrica\/\"},\"author\":{\"name\":\"Andr\u00e9 Quint\u00e3o\",\"@id\":\"https:\/\/www.nomus.com.br\/blog-industrial\/#\/schema\/person\/143e786f4052f0426587c419873d7d4f\"},\"headline\":\"Promo\u00e7\u00e3o de 18 anos Nomus &#8211; Melhore a gest\u00e3o da sua f\u00e1brica\",\"datePublished\":\"2023-03-02T03:01:00+00:00\",\"dateModified\":\"2024-03-12T11:49:53+00:00\",\"mainEntityOfPage\":{\"@id\":\"https:\/\/www.nomus.com.br\/blog-industrial\/promocao-de-18-anos-nomus-melhore-a-gestao-da-sua-fabrica\/\"},\"wordCount\":242,\"commentCount\":0,\"image\":{\"@id\":\"https:\/\/www.nomus.com.br\/blog-industrial\/promocao-de-18-anos-nomus-melhore-a-gestao-da-sua-fabrica\/#primaryimage\"},\"thumbnailUrl\":\"https:\/\/www.nomus.com.br\/blog-industrial\/wp-content\/uploads\/2023\/02\/18anos-blog2.jpg\",\"keywords\":[\"artigo\"],\"articleSection\":[\"ERP\"],\"inLanguage\":\"pt-BR\",\"potentialAction\":[{\"@type\":\"CommentAction\",\"name\":\"Comment\",\"target\":[\"https:\/\/www.nomus.com.br\/blog-industrial\/promocao-de-18-anos-nomus-melhore-a-gestao-da-sua-fabrica\/#respond\"]}]},{\"@type\":\"WebPage\",\"@id\":\"https:\/\/www.nomus.com.br\/blog-industrial\/promocao-de-18-anos-nomus-melhore-a-gestao-da-sua-fabrica\/\",\"url\":\"https:\/\/www.nomus.com.br\/blog-industrial\/promocao-de-18-anos-nomus-melhore-a-gestao-da-sua-fabrica\/\",\"name\":\"Promo\u00e7\u00e3o de 18 anos Nomus - Melhore a gest\u00e3o da sua f\u00e1brica\",\"isPartOf\":{\"@id\":\"https:\/\/www.nomus.com.br\/blog-industrial\/#website\"},\"primaryImageOfPage\":{\"@id\":\"https:\/\/www.nomus.com.br\/blog-industrial\/promocao-de-18-anos-nomus-melhore-a-gestao-da-sua-fabrica\/#primaryimage\"},\"image\":{\"@id\":\"https:\/\/www.nomus.com.br\/blog-industrial\/promocao-de-18-anos-nomus-melhore-a-gestao-da-sua-fabrica\/#primaryimage\"},\"thumbnailUrl\":\"https:\/\/www.nomus.com.br\/blog-industrial\/wp-content\/uploads\/2023\/02\/18anos-blog2.jpg\",\"datePublished\":\"2023-03-02T03:01:00+00:00\",\"dateModified\":\"2024-03-12T11:49:53+00:00\",\"author\":{\"@id\":\"https:\/\/www.nomus.com.br\/blog-industrial\/#\/schema\/person\/143e786f4052f0426587c419873d7d4f\"},\"description\":\"Veja as vantagens de contratar o Nomus ERP Industrial na promo\u00e7\u00e3o de 18 anos da Nomus e saia na frente em 2023.\",\"breadcrumb\":{\"@id\":\"https:\/\/www.nomus.com.br\/blog-industrial\/promocao-de-18-anos-nomus-melhore-a-gestao-da-sua-fabrica\/#breadcrumb\"},\"inLanguage\":\"pt-BR\",\"potentialAction\":[{\"@type\":\"ReadAction\",\"target\":[\"https:\/\/www.nomus.com.br\/blog-industrial\/promocao-de-18-anos-nomus-melhore-a-gestao-da-sua-fabrica\/\"]}]},{\"@type\":\"ImageObject\",\"inLanguage\":\"pt-BR\",\"@id\":\"https:\/\/www.nomus.com.br\/blog-industrial\/promocao-de-18-anos-nomus-melhore-a-gestao-da-sua-fabrica\/#primaryimage\",\"url\":\"https:\/\/www.nomus.com.br\/blog-industrial\/wp-content\/uploads\/2023\/02\/18anos-blog2.jpg\",\"contentUrl\":\"https:\/\/www.nomus.com.br\/blog-industrial\/wp-content\/uploads\/2023\/02\/18anos-blog2.jpg\",\"width\":620,\"height\":405},{\"@type\":\"BreadcrumbList\",\"@id\":\"https:\/\/www.nomus.com.br\/blog-industrial\/promocao-de-18-anos-nomus-melhore-a-gestao-da-sua-fabrica\/#breadcrumb\",\"itemListElement\":[{\"@type\":\"ListItem\",\"position\":1,\"name\":\"Blog Industrial Nomus\",\"item\":\"https:\/\/www.nomus.com.br\/blog-industrial\/\"},{\"@type\":\"ListItem\",\"position\":2,\"name\":\"ERP\",\"item\":\"https:\/\/www.nomus.com.br\/blog-industrial\/category\/erp\/\"},{\"@type\":\"ListItem\",\"position\":3,\"name\":\"Promo\u00e7\u00e3o de 18 anos Nomus &#8211; Melhore a gest\u00e3o da sua f\u00e1brica\"}]},{\"@type\":\"WebSite\",\"@id\":\"https:\/\/www.nomus.com.br\/blog-industrial\/#website\",\"url\":\"https:\/\/www.nomus.com.br\/blog-industrial\/\",\"name\":\"Blog Industrial Nomus\",\"description\":\"Artigos, planilhas, ebooks e ferramentas de engenharia de produ\u00e7\u00e3o e para aumentar o lucro da sua f\u00e1brica\",\"potentialAction\":[{\"@type\":\"SearchAction\",\"target\":{\"@type\":\"EntryPoint\",\"urlTemplate\":\"https:\/\/www.nomus.com.br\/blog-industrial\/?s={search_term_string}\"},\"query-input\":{\"@type\":\"PropertyValueSpecification\",\"valueRequired\":true,\"valueName\":\"search_term_string\"}}],\"inLanguage\":\"pt-BR\"},{\"@type\":\"Person\",\"@id\":\"https:\/\/www.nomus.com.br\/blog-industrial\/#\/schema\/person\/143e786f4052f0426587c419873d7d4f\",\"name\":\"Andr\u00e9 Quint\u00e3o\",\"image\":{\"@type\":\"ImageObject\",\"inLanguage\":\"pt-BR\",\"@id\":\"https:\/\/www.nomus.com.br\/blog-industrial\/#\/schema\/person\/image\/\",\"url\":\"https:\/\/www.nomus.com.br\/blog-industrial\/wp-content\/uploads\/2025\/04\/T015FBQU002-U015E0L4UFP-a90b87c41baf-512-96x96.jpg\",\"contentUrl\":\"https:\/\/www.nomus.com.br\/blog-industrial\/wp-content\/uploads\/2025\/04\/T015FBQU002-U015E0L4UFP-a90b87c41baf-512-96x96.jpg\",\"caption\":\"Andr\u00e9 Quint\u00e3o\"},\"description\":\"Publicit\u00e1rio, l\u00edder de marketing e s\u00f3cio da Nomus, Andr\u00e9 trabalha com marketing digital desde 2006 e foi um dos fundadores do Blog Industrial da Nomus, um dos primeiros portais focados em conte\u00fado de gest\u00e3o para ind\u00fastrias do Brasil.\",\"sameAs\":[\"https:\/\/www.linkedin.com\/in\/andre-quintao\/\"],\"url\":\"https:\/\/www.nomus.com.br\/blog-industrial\/author\/andreher\/\"}]}<\/script>\n","yoast_head_json":{"title":"Promo\u00e7\u00e3o de 18 anos Nomus - Melhore a gest\u00e3o da sua f\u00e1brica","description":"Veja as vantagens de contratar o Nomus ERP Industrial na promo\u00e7\u00e3o de 18 anos da Nomus e saia na frente em 2023.","robots":{"index":"index","follow":"follow","max-snippet":"max-snippet:-1","max-image-preview":"max-image-preview:large","max-video-preview":"max-video-preview:-1"},"canonical":"https:\/\/www.nomus.com.br\/blog-industrial\/promocao-de-18-anos-nomus-melhore-a-gestao-da-sua-fabrica\/","og_locale":"pt_BR","og_type":"article","og_title":"Promo\u00e7\u00e3o de 18 anos Nomus - Melhore a gest\u00e3o da sua f\u00e1brica","og_description":"Veja as vantagens de contratar o Nomus ERP Industrial na promo\u00e7\u00e3o de 18 anos da Nomus e saia na frente em 2023.","og_url":"https:\/\/www.nomus.com.br\/blog-industrial\/promocao-de-18-anos-nomus-melhore-a-gestao-da-sua-fabrica\/","og_site_name":"Blog Industrial Nomus","article_publisher":"https:\/\/www.facebook.com\/nomussoftwares","article_published_time":"2023-03-02T03:01:00+00:00","article_modified_time":"2024-03-12T11:49:53+00:00","og_image":[{"width":620,"height":405,"url":"https:\/\/www.nomus.com.br\/blog-industrial\/wp-content\/uploads\/2023\/02\/18anos-blog2.jpg","type":"image\/jpeg"}],"author":"Andr\u00e9 Quint\u00e3o","twitter_card":"summary_large_image","twitter_title":"Promo\u00e7\u00e3o de 18 anos Nomus - Melhore a gest\u00e3o da sua f\u00e1brica","twitter_description":"Veja as vantagens de contratar o Nomus ERP Industrial na promo\u00e7\u00e3o de 18 anos da Nomus e saia na frente em 2023.","twitter_image":"https:\/\/www.nomus.com.br\/blog-industrial\/wp-content\/uploads\/2023\/02\/18anos-blog2.jpg","twitter_creator":"@nomusindustrial","twitter_site":"@nomusindustrial","twitter_misc":{"Escrito por":"Andr\u00e9 Quint\u00e3o","Est. tempo de leitura":"2 minutos"},"schema":{"@context":"https:\/\/schema.org","@graph":[{"@type":"Article","@id":"https:\/\/www.nomus.com.br\/blog-industrial\/promocao-de-18-anos-nomus-melhore-a-gestao-da-sua-fabrica\/#article","isPartOf":{"@id":"https:\/\/www.nomus.com.br\/blog-industrial\/promocao-de-18-anos-nomus-melhore-a-gestao-da-sua-fabrica\/"},"author":{"name":"Andr\u00e9 Quint\u00e3o","@id":"https:\/\/www.nomus.com.br\/blog-industrial\/#\/schema\/person\/143e786f4052f0426587c419873d7d4f"},"headline":"Promo\u00e7\u00e3o de 18 anos Nomus &#8211; Melhore a gest\u00e3o da sua f\u00e1brica","datePublished":"2023-03-02T03:01:00+00:00","dateModified":"2024-03-12T11:49:53+00:00","mainEntityOfPage":{"@id":"https:\/\/www.nomus.com.br\/blog-industrial\/promocao-de-18-anos-nomus-melhore-a-gestao-da-sua-fabrica\/"},"wordCount":242,"commentCount":0,"image":{"@id":"https:\/\/www.nomus.com.br\/blog-industrial\/promocao-de-18-anos-nomus-melhore-a-gestao-da-sua-fabrica\/#primaryimage"},"thumbnailUrl":"https:\/\/www.nomus.com.br\/blog-industrial\/wp-content\/uploads\/2023\/02\/18anos-blog2.jpg","keywords":["artigo"],"articleSection":["ERP"],"inLanguage":"pt-BR","potentialAction":[{"@type":"CommentAction","name":"Comment","target":["https:\/\/www.nomus.com.br\/blog-industrial\/promocao-de-18-anos-nomus-melhore-a-gestao-da-sua-fabrica\/#respond"]}]},{"@type":"WebPage","@id":"https:\/\/www.nomus.com.br\/blog-industrial\/promocao-de-18-anos-nomus-melhore-a-gestao-da-sua-fabrica\/","url":"https:\/\/www.nomus.com.br\/blog-industrial\/promocao-de-18-anos-nomus-melhore-a-gestao-da-sua-fabrica\/","name":"Promo\u00e7\u00e3o de 18 anos Nomus - Melhore a gest\u00e3o da sua f\u00e1brica","isPartOf":{"@id":"https:\/\/www.nomus.com.br\/blog-industrial\/#website"},"primaryImageOfPage":{"@id":"https:\/\/www.nomus.com.br\/blog-industrial\/promocao-de-18-anos-nomus-melhore-a-gestao-da-sua-fabrica\/#primaryimage"},"image":{"@id":"https:\/\/www.nomus.com.br\/blog-industrial\/promocao-de-18-anos-nomus-melhore-a-gestao-da-sua-fabrica\/#primaryimage"},"thumbnailUrl":"https:\/\/www.nomus.com.br\/blog-industrial\/wp-content\/uploads\/2023\/02\/18anos-blog2.jpg","datePublished":"2023-03-02T03:01:00+00:00","dateModified":"2024-03-12T11:49:53+00:00","author":{"@id":"https:\/\/www.nomus.com.br\/blog-industrial\/#\/schema\/person\/143e786f4052f0426587c419873d7d4f"},"description":"Veja as vantagens de contratar o Nomus ERP Industrial na promo\u00e7\u00e3o de 18 anos da Nomus e saia na frente em 2023.","breadcrumb":{"@id":"https:\/\/www.nomus.com.br\/blog-industrial\/promocao-de-18-anos-nomus-melhore-a-gestao-da-sua-fabrica\/#breadcrumb"},"inLanguage":"pt-BR","potentialAction":[{"@type":"ReadAction","target":["https:\/\/www.nomus.com.br\/blog-industrial\/promocao-de-18-anos-nomus-melhore-a-gestao-da-sua-fabrica\/"]}]},{"@type":"ImageObject","inLanguage":"pt-BR","@id":"https:\/\/www.nomus.com.br\/blog-industrial\/promocao-de-18-anos-nomus-melhore-a-gestao-da-sua-fabrica\/#primaryimage","url":"https:\/\/www.nomus.com.br\/blog-industrial\/wp-content\/uploads\/2023\/02\/18anos-blog2.jpg","contentUrl":"https:\/\/www.nomus.com.br\/blog-industrial\/wp-content\/uploads\/2023\/02\/18anos-blog2.jpg","width":620,"height":405},{"@type":"BreadcrumbList","@id":"https:\/\/www.nomus.com.br\/blog-industrial\/promocao-de-18-anos-nomus-melhore-a-gestao-da-sua-fabrica\/#breadcrumb","itemListElement":[{"@type":"ListItem","position":1,"name":"Blog Industrial Nomus","item":"https:\/\/www.nomus.com.br\/blog-industrial\/"},{"@type":"ListItem","position":2,"name":"ERP","item":"https:\/\/www.nomus.com.br\/blog-industrial\/category\/erp\/"},{"@type":"ListItem","position":3,"name":"Promo\u00e7\u00e3o de 18 anos Nomus &#8211; Melhore a gest\u00e3o da sua f\u00e1brica"}]},{"@type":"WebSite","@id":"https:\/\/www.nomus.com.br\/blog-industrial\/#website","url":"https:\/\/www.nomus.com.br\/blog-industrial\/","name":"Blog Industrial Nomus","description":"Artigos, planilhas, ebooks e ferramentas de engenharia de produ\u00e7\u00e3o e para aumentar o lucro da sua f\u00e1brica","potentialAction":[{"@type":"SearchAction","target":{"@type":"EntryPoint","urlTemplate":"https:\/\/www.nomus.com.br\/blog-industrial\/?s={search_term_string}"},"query-input":{"@type":"PropertyValueSpecification","valueRequired":true,"valueName":"search_term_string"}}],"inLanguage":"pt-BR"},{"@type":"Person","@id":"https:\/\/www.nomus.com.br\/blog-industrial\/#\/schema\/person\/143e786f4052f0426587c419873d7d4f","name":"Andr\u00e9 Quint\u00e3o","image":{"@type":"ImageObject","inLanguage":"pt-BR","@id":"https:\/\/www.nomus.com.br\/blog-industrial\/#\/schema\/person\/image\/","url":"https:\/\/www.nomus.com.br\/blog-industrial\/wp-content\/uploads\/2025\/04\/T015FBQU002-U015E0L4UFP-a90b87c41baf-512-96x96.jpg","contentUrl":"https:\/\/www.nomus.com.br\/blog-industrial\/wp-content\/uploads\/2025\/04\/T015FBQU002-U015E0L4UFP-a90b87c41baf-512-96x96.jpg","caption":"Andr\u00e9 Quint\u00e3o"},"description":"Publicit\u00e1rio, l\u00edder de marketing e s\u00f3cio da Nomus, Andr\u00e9 trabalha com marketing digital desde 2006 e foi um dos fundadores do Blog Industrial da Nomus, um dos primeiros portais focados em conte\u00fado de gest\u00e3o para ind\u00fastrias do Brasil.","sameAs":["https:\/\/www.linkedin.com\/in\/andre-quintao\/"],"url":"https:\/\/www.nomus.com.br\/blog-industrial\/author\/andreher\/"}]}},"_links":{"self":[{"href":"https:\/\/www.nomus.com.br\/blog-industrial\/wp-json\/wp\/v2\/posts\/18132","targetHints":{"allow":["GET"]}}],"collection":[{"href":"https:\/\/www.nomus.com.br\/blog-industrial\/wp-json\/wp\/v2\/posts"}],"about":[{"href":"https:\/\/www.nomus.com.br\/blog-industrial\/wp-json\/wp\/v2\/types\/post"}],"author":[{"embeddable":true,"href":"https:\/\/www.nomus.com.br\/blog-industrial\/wp-json\/wp\/v2\/users\/20"}],"replies":[{"embeddable":true,"href":"https:\/\/www.nomus.com.br\/blog-industrial\/wp-json\/wp\/v2\/comments?post=18132"}],"version-history":[{"count":4,"href":"https:\/\/www.nomus.com.br\/blog-industrial\/wp-json\/wp\/v2\/posts\/18132\/revisions"}],"predecessor-version":[{"id":23269,"href":"https:\/\/www.nomus.com.br\/blog-industrial\/wp-json\/wp\/v2\/posts\/18132\/revisions\/23269"}],"wp:featuredmedia":[{"embeddable":true,"href":"https:\/\/www.nomus.com.br\/blog-industrial\/wp-json\/wp\/v2\/media\/18133"}],"wp:attachment":[{"href":"https:\/\/www.nomus.com.br\/blog-industrial\/wp-json\/wp\/v2\/media?parent=18132"}],"wp:term":[{"taxonomy":"category","embeddable":true,"href":"https:\/\/www.nomus.com.br\/blog-industrial\/wp-json\/wp\/v2\/categories?post=18132"},{"taxonomy":"post_tag","embeddable":true,"href":"https:\/\/www.nomus.com.br\/blog-industrial\/wp-json\/wp\/v2\/tags?post=18132"}],"curies":[{"name":"wp","href":"https:\/\/api.w.org\/{rel}","templated":true}]}}