{"id":16307,"date":"2022-08-18T00:03:00","date_gmt":"2022-08-18T03:03:00","guid":{"rendered":"https:\/\/www.nomus.com.br\/blog-industrial\/?p=16307"},"modified":"2026-02-19T08:40:15","modified_gmt":"2026-02-19T11:40:15","slug":"niveis-de-gestao","status":"publish","type":"post","link":"https:\/\/www.nomus.com.br\/blog-industrial\/niveis-de-gestao\/","title":{"rendered":"N\u00edveis de gest\u00e3o: entenda os seus diferenciais"},"content":{"rendered":"\n<div class=\"text-center\"><a href=\"https:\/\/material.nomus.com.br\/liderindustrial\" class=\"bannergerado\" target=\"_blank\"><img decoding=\"async\" id=\"BannerManual\" data-src=\"https:\/\/www.nomus.com.br\/blog-industrial\/wp-content\/uploads\/2020\/06\/ebook-lideranca-na-industria-1.jpg\" class=\"size-full bannerpadrao lazyload\" alt=\"Lideran\u00e7a na ind\u00fastria\" src=\"data:image\/svg+xml;base64,PHN2ZyB3aWR0aD0iMSIgaGVpZ2h0PSIxIiB4bWxucz0iaHR0cDovL3d3dy53My5vcmcvMjAwMC9zdmciPjwvc3ZnPg==\" style=\"--smush-placeholder-width: 650px; --smush-placeholder-aspect-ratio: 650\/260;\"><\/a><\/div>\n\n\n\n<p><strong>N\u00edveis de gest\u00e3o<\/strong> demarcados e organizados s\u00e3o extremamente importantes para o bom funcionamento de uma empresa e devem estar sempre alinhados entre si e, principalmente, aos objetivos da organiza\u00e7\u00e3o.<\/p>\n\n\n\n<p>Mas antes de aprofundar no assunto \u201cn\u00edveis de gest\u00e3o\u201d, \u00e9 preciso entender que o seu objetivo principal \u00e9 tornar os processos internos de uma empresa mais eficientes e gerar o crescimento saud\u00e1vel desta, atrav\u00e9s da formula\u00e7\u00e3o de um <a href=\"https:\/\/www.nomus.com.br\/blog-industrial\/planejamento-estrategico\/\">planejamento estrat\u00e9gico<\/a> e, com ele, a distribui\u00e7\u00e3o de tarefas e responsabilidades aos seus gestores e colaboradores, assim como o seu monitoramento.<\/p>\n\n\n\n<p>Al\u00e9m do <a href=\"https:\/\/www.nomus.com.br\/blog-industrial\/ppcp\/\">planejamento<\/a> estrat\u00e9gico, ou melhor, antecedendo a ele, \u00e9 preciso trabalhar a <a href=\"https:\/\/www.nomus.com.br\/blog-industrial\/defina-a-cultura-organizacional-e-eleve-sua-industria-para-outro-patamar\/\">cultura organizacional<\/a> da empresa, que ser\u00e1 o guia interno de todos os colaboradores.<\/p>\n\n\n\n<p>E, como veremos ainda neste artigo, essa cultura, assim como o <a href=\"https:\/\/www.nomus.com.br\/blog-industrial\/planejamento-estrategico\/\">planejamento estrat\u00e9gico<\/a>, ser\u00e3o formulados a partir do n\u00edvel hier\u00e1rquico mais alto nas empresas.<\/p>\n\n\n\n<p>Os n\u00edveis de gest\u00e3o, que ser\u00e3o vistos a seguir, se dividem em:<\/p>\n\n\n\n<ul class=\"wp-block-list\">\n<li>Estrat\u00e9gico<\/li>\n\n\n\n<li>T\u00e1tico<\/li>\n\n\n\n<li>Operacional\u00a0<\/li>\n<\/ul>\n\n\n<div class=\"wp-block-image\">\n<figure class=\"aligncenter size-full\"><a href=\"https:\/\/www.nomus.com.br\/blog-industrial\/wp-content\/uploads\/2022\/08\/Capas-artigos-2.jpg\" rel=\"lightbox[16307]\"><img decoding=\"async\" width=\"620\" height=\"405\" data-src=\"https:\/\/www.nomus.com.br\/blog-industrial\/wp-content\/uploads\/2022\/08\/Capas-artigos-2.jpg\" alt=\"N\u00edveis de gest\u00e3o\" class=\"wp-image-16308 lazyload\" src=\"data:image\/svg+xml;base64,PHN2ZyB3aWR0aD0iMSIgaGVpZ2h0PSIxIiB4bWxucz0iaHR0cDovL3d3dy53My5vcmcvMjAwMC9zdmciPjwvc3ZnPg==\" style=\"--smush-placeholder-width: 620px; --smush-placeholder-aspect-ratio: 620\/405;\" \/><\/a><\/figure>\n<\/div>\n\n\n<h2 class=\"wp-block-heading\">Os 3 n\u00edveis de gest\u00e3o<\/h2>\n\n\n\n<p>Para facilitar a visualiza\u00e7\u00e3o dos n\u00edveis de gest\u00e3o, eles s\u00e3o, geralmente, dispostos em uma pir\u00e2mide, por mais que a representa\u00e7\u00e3o, como na quest\u00e3o de n\u00famero de funcion\u00e1rios, n\u00e3o seja fiel.<\/p>\n\n\n\n<p>Por isso, deve ser levada em considera\u00e7\u00e3o apenas a ordem hier\u00e1rquica desde o topo at\u00e9 a base da pir\u00e2mide. Veja:<\/p>\n\n\n<div class=\"wp-block-image\">\n<figure class=\"aligncenter size-full\"><a href=\"https:\/\/www.nomus.com.br\/blog-industrial\/wp-content\/uploads\/2022\/10\/Niveis-de-Gestao.png\" rel=\"lightbox[16307]\"><img decoding=\"async\" width=\"900\" height=\"900\" data-src=\"https:\/\/www.nomus.com.br\/blog-industrial\/wp-content\/uploads\/2022\/10\/Niveis-de-Gestao.png\" alt=\"\" class=\"wp-image-16927 lazyload\" src=\"data:image\/svg+xml;base64,PHN2ZyB3aWR0aD0iMSIgaGVpZ2h0PSIxIiB4bWxucz0iaHR0cDovL3d3dy53My5vcmcvMjAwMC9zdmciPjwvc3ZnPg==\" style=\"--smush-placeholder-width: 900px; --smush-placeholder-aspect-ratio: 900\/900;\" \/><\/a><\/figure>\n<\/div>\n\n\n<h3 class=\"wp-block-heading\">N\u00edvel Estrat\u00e9gico<\/h3>\n\n\n\n<p>O n\u00edvel estrat\u00e9gico \u00e9 o n\u00edvel hier\u00e1rquico mais alto \u2013 de topo de pir\u00e2mide \u2013 e \u00e9 representado por diretores, s\u00f3cios e presidentes de empresas, entre outros cargos executivos. As a\u00e7\u00f5es tra\u00e7adas pelas pessoas que comp\u00f5em esse n\u00edvel, orientar\u00e3o o comportamento de todos os colaboradores da empresa e as responsabilidades atribu\u00eddas aos seguintes n\u00edveis de gest\u00e3o.<\/p>\n\n\n\n<p>Nesse n\u00edvel \u00e9 definido o objetivo global da organiza\u00e7\u00e3o a partir da an\u00e1lise do comportamento do consumidor \u2013 mais especificamente seu p\u00fablico-alvo, da realidade do mercado em que se encontra \u2013 de maneira geral, e, tamb\u00e9m, da sua posi\u00e7\u00e3o nesse mercado diante da concorr\u00eancia.<\/p>\n\n\n\n<p>Outra fun\u00e7\u00e3o principal desse n\u00edvel \u00e9 formular o planejamento estrat\u00e9gico, citado no in\u00edcio deste artigo, para orientar suas equipes na obten\u00e7\u00e3o de resultados, levando em conta, e incorporando, estrat\u00e9gias financeiras e pol\u00edticas. Nele ser\u00e3o explicitadas as metas de curto, m\u00e9dio e longo prazo designados a todos os setores de uma empresa.&nbsp;<\/p>\n\n\n\n<p>Al\u00e9m disso, os componentes do n\u00edvel estrat\u00e9gico s\u00e3o os respons\u00e1veis pela formula\u00e7\u00e3o da cultura organizacional da empresa, definindo sua <a href=\"https:\/\/www.nomus.com.br\/blog-industrial\/missao-visao-e-valores\/\">miss\u00e3o, vis\u00e3o e valores<\/a> e, ao mesmo tempo, criando um ambiente saud\u00e1vel de trabalho.&nbsp;<\/p>\n\n\n\n<p>Essa cultura ser\u00e1, como foi dito anteriormente, o guia interno de todos os colaboradores, tanto em rela\u00e7\u00e3o ao comportamento desejado, valores instaurados, objetivos e metas principais definidas, etc. quanto \u00e0 identifica\u00e7\u00e3o destes colaboradores com todos esses pontos. E gerar\u00e1, nesses colaboradores, a satisfa\u00e7\u00e3o de trabalhar e fazer parte de uma empresa que cultive um ambiente saud\u00e1vel no seu dia a dia.<\/p>\n\n\n\n<p><strong>Veja tamb\u00e9m:<\/strong> <a href=\"https:\/\/www.nomus.com.br\/blog-industrial\/pesquisa-de-clima-organizacional\/\">Pesquisa de clima organizacional: o que \u00e9 e como aplicar?<\/a><\/p>\n\n\n\n<p>\u00c9 importante, tamb\u00e9m, frisar a identifica\u00e7\u00e3o citada, j\u00e1 que ela ser\u00e1 um fator-chave para a <a href=\"https:\/\/www.nomus.com.br\/blog-industrial\/motivacao-no-trabalho\/\">motiva\u00e7\u00e3o<\/a> de todas as partes componentes da organiza\u00e7\u00e3o e, consequentemente, para o impulsionamento das suas <a href=\"https:\/\/www.nomus.com.br\/blog-industrial\/acoes-para-aumentar-a-produtividade\/\">produtividade<\/a> e convers\u00e3o em resultados.<\/p>\n\n\n\n<p>Para concluir a exposi\u00e7\u00e3o sobre as caracter\u00edsticas e responsabilidades do n\u00edvel estrat\u00e9gico, este se trata, em resumo, do orientador dos demais n\u00edveis e o respons\u00e1vel por dar o aval e os recursos necess\u00e1rios para as atividades e os projetos determinados no planejamento estrat\u00e9gico.&nbsp;<\/p>\n\n\n\n<h3 class=\"wp-block-heading\">N\u00edvel T\u00e1tico<\/h3>\n\n\n\n<p>O n\u00edvel t\u00e1tico \u00e9 o n\u00edvel hier\u00e1rquico intermedi\u00e1rio \u2013 de meio de pir\u00e2mide \u2013 e \u00e9 representado pelos l\u00edderes, gestores e coordenadores de uma organiza\u00e7\u00e3o.&nbsp;<\/p>\n\n\n\n<p>As pessoas desse n\u00edvel de gest\u00e3o assumem um papel fundamental na din\u00e2mica das empresas, j\u00e1 que atuam como uma ponte entre os outros n\u00edveis de gest\u00e3o (estrat\u00e9gico e operacional).<\/p>\n\n\n\n<p>Para desempenhar esse papel com excel\u00eancia os gestores devem desenvolver <a href=\"https:\/\/rockcontent.com\/br\/blog\/plano-de-acao\/\" target=\"_blank\" rel=\"noreferrer noopener\">planos de a\u00e7\u00e3o<\/a> que transmitam os objetivos \u2013 tra\u00e7ados pelos cargos executivos \u2013 para os cargos operacionais de forma expl\u00edcita e direta, evitando ru\u00eddos na comunica\u00e7\u00e3o e, consequentemente, falhas e\/ou preju\u00edzos para a organiza\u00e7\u00e3o, na execu\u00e7\u00e3o desses planos.<\/p>\n\n\n\n<p>Esses planos de a\u00e7\u00e3o tamb\u00e9m s\u00e3o importantes para os gestores j\u00e1 que auxiliam na visualiza\u00e7\u00e3o de seus feitos e conquistas, em rela\u00e7\u00e3o aos resultados esperados pelo n\u00edvel de topo de pir\u00e2mide. Outras ferramentas, como os <a href=\"https:\/\/www.nomus.com.br\/blog-industrial\/indicadores-de-desempenho\/\">indicadores de desempenho<\/a>, tamb\u00e9m podem auxiliar e enriquecer seu trabalho.<\/p>\n\n\n\n<p>Veja tamb\u00e9m: <a href=\"https:\/\/www.nomus.com.br\/blog-industrial\/5-qualidades-de-um-lider-industrial\/\">5 Qualidades de um l\u00edder industrial que te colocar\u00e3o no topo<\/a><\/p>\n\n\n\n<h3 class=\"wp-block-heading\">N\u00edvel Operacional<\/h3>\n\n\n\n<p>O n\u00edvel operacional \u00e9 o n\u00edvel hier\u00e1rquico mais baixo \u2013 de base de pir\u00e2mide, mais que assim como os anteriores realizam pap\u00e9is important\u00edssimos na rotina das organiza\u00e7\u00f5es e, talvez, os que exigem mais aten\u00e7\u00e3o aos detalhes na hora da sua execu\u00e7\u00e3o. Esse n\u00edvel abrange cargos como chefes de equipe, supervisores, etc.<\/p>\n\n\n\n<p>Nesse n\u00edvel ser\u00e3o colocadas em pr\u00e1tica todas as estrat\u00e9gias desenvolvidas, desde o planejamento estrat\u00e9gico e objetivos globais no n\u00edvel estrat\u00e9gico, passando pela formula\u00e7\u00e3o dos planos de a\u00e7\u00e3o no n\u00edvel t\u00e1tico. Por isso \u00e9 t\u00e3o importante a comunica\u00e7\u00e3o livre de ru\u00eddos entre os n\u00edveis, n\u00e3o s\u00f3 entre o t\u00e1tico e o operacional, como tamb\u00e9m entre o estrat\u00e9gico e o t\u00e1tico.<\/p>\n\n\n\n<p>Caso os l\u00edderes (do n\u00edvel t\u00e1tico) n\u00e3o tenham a interpreta\u00e7\u00e3o exata sobre quais s\u00e3o e como devem ser aplicadas as estrat\u00e9gias planejadas pelos executivos, para alcan\u00e7ar suas expectativas, os planos de a\u00e7\u00e3o trabalhados e passados para o n\u00edvel operacional, provavelmente, n\u00e3o ser\u00e3o equivalentes ao planejamento estrat\u00e9gico inicial e isso acarretar\u00e1 em altos preju\u00edzos para a organiza\u00e7\u00e3o em quest\u00e3o.<\/p>\n\n\n\n<p><strong>Veja tamb\u00e9m:<\/strong> <a href=\"https:\/\/www.nomus.com.br\/blog-industrial\/agenda-do-lider\/\">Como funciona a agenda do l\u00edder em uma ind\u00fastria de sucesso (Vicente Falconi)<\/a><\/p>\n\n\n\n<h2 class=\"wp-block-heading\">A import\u00e2ncia dos n\u00edveis de gest\u00e3o<\/h2>\n\n\n\n<p>Neste artigo, foram elaborados os 3 n\u00edveis de gest\u00e3o: Estrat\u00e9gico, T\u00e1tico e Operacional e, a partir dessa elabora\u00e7\u00e3o, p\u00f4de-se entender que essa divis\u00e3o, assim como o alinhamento de propostas e metas entre os 3 n\u00edveis s\u00e3o essenciais para o <a href=\"https:\/\/genyo.com.br\/tipos-de-avaliacao-de-desempenho\/\" target=\"_blank\" rel=\"noreferrer noopener\">bom desempenho de uma organiza\u00e7\u00e3o<\/a>.<\/p>\n\n\n\n<p>Para que haja uma comunica\u00e7\u00e3o fluida entre todos os n\u00edveis e setores das organiza\u00e7\u00f5es, facilitando o acompanhamento de conquistas, como tamb\u00e9m de falhas em seus processos de venda ou produ\u00e7\u00e3o, por exemplo, colaborando com o alinhamento de informa\u00e7\u00f5es desejado, o <a href=\"https:\/\/www.nomus.com.br\/blog-industrial\/sistema-de-gestao\/\">sistema de gest\u00e3o ERP<\/a> \u00e9 a ferramenta ideal.&nbsp;<\/p>\n\n\n\n<p><a href=\"https:\/\/material.nomus.com.br\/apresentacao-erp-industrial-nomus\">Assista uma demonstra\u00e7\u00e3o do Nomus ERP Industrial<\/a> e conhe\u00e7a, na pr\u00e1tica, as funcionalidades do nosso sistema e como ele ajudar\u00e1 a sua empresa ou ind\u00fastria a impulsionar seus resultados. Voc\u00ea tamb\u00e9m pode <a href=\"https:\/\/material.nomus.com.br\/especialista\">agendar uma conversa com nossos especialistas<\/a>, sem custos ou compromisso, para resolver todas as suas d\u00favidas.&nbsp;<\/p>\n\n\n\n<p>Deu para identificar em qual n\u00edvel voc\u00ea se encontra? Deixa aqui nos coment\u00e1rios!<\/p>\n\n\n\n<p>E, se esse artigo foi \u00fatil para voc\u00ea, <a href=\"https:\/\/material.nomus.com.br\/inscricao-blog-industrial\">se inscreva no Blog Industrial<\/a> para receber mais conte\u00fados semanais como esse, de forma gratuita, e acompanhe a Nomus na sua rede social favorita:<\/p>\n\n\n\n<ul class=\"wp-block-list\">\n<li><a href=\"https:\/\/www.youtube.com\/user\/nomussoftwares\">Canal no YouTube<\/a><\/li>\n\n\n\n<li><a href=\"https:\/\/www.nomus.com.br\/podcast\/\">Podcast Nomus<\/a><\/li>\n\n\n\n<li><a href=\"https:\/\/t.me\/blogindustrial\">Canal do Telegram<\/a><\/li>\n\n\n\n<li><a href=\"https:\/\/www.instagram.com\/nomusindustrial\/\">P\u00e1gina no Instagram<\/a><\/li>\n\n\n\n<li><a href=\"https:\/\/www.facebook.com\/nomussoftwares\/\">P\u00e1gina no Facebook<\/a><\/li>\n\n\n\n<li><a href=\"https:\/\/www.linkedin.com\/company\/2670515\/admin\/\">P\u00e1gina no Linkedin<\/a><\/li>\n\n\n\n<li><a href=\"https:\/\/twitter.com\/nomusindustrial\">P\u00e1gina no Twitter<\/a><\/li>\n<\/ul>\n\n\n\n<div class=\"text-center\"><a href=\"https:\/\/material.nomus.com.br\/liderindustrial\" class=\"bannergerado\" target=\"_blank\"><img decoding=\"async\" id=\"BannerManual\" data-src=\"https:\/\/www.nomus.com.br\/blog-industrial\/wp-content\/uploads\/2020\/06\/ebook-lideranca-na-industria-1.jpg\" class=\"size-full bannerpadrao lazyload\" alt=\"Lideran\u00e7a na ind\u00fastria\" src=\"data:image\/svg+xml;base64,PHN2ZyB3aWR0aD0iMSIgaGVpZ2h0PSIxIiB4bWxucz0iaHR0cDovL3d3dy53My5vcmcvMjAwMC9zdmciPjwvc3ZnPg==\" style=\"--smush-placeholder-width: 650px; --smush-placeholder-aspect-ratio: 650\/260;\"><\/a><\/div>\n","protected":false},"excerpt":{"rendered":"<p>N\u00edveis de gest\u00e3o demarcados e organizados s\u00e3o extremamente importantes para o bom funcionamento de uma empresa e devem estar sempre alinhados entre si e, principalmente, aos objetivos da organiza\u00e7\u00e3o. Mas antes de aprofundar no assunto \u201cn\u00edveis de gest\u00e3o\u201d, \u00e9 preciso entender que o seu objetivo principal \u00e9 tornar os processos internos de uma empresa mais [&hellip;]<\/p>\n","protected":false},"author":54,"featured_media":16308,"comment_status":"open","ping_status":"closed","sticky":false,"template":"","format":"standard","meta":{"_acf_changed":false,"footnotes":""},"categories":[80,3],"tags":[48],"class_list":["post-16307","post","type-post","status-publish","format-standard","has-post-thumbnail","hentry","category-lideranca","category-processos-e-organizacao","tag-artigo"],"acf":[],"yoast_head":"\n<title>N\u00edveis de gest\u00e3o: entenda os seus diferenciais<\/title>\n<meta name=\"description\" content=\"Conhe\u00e7a as particularidades de cada um dos n\u00edveis de gest\u00e3o (Estrat\u00e9gico, T\u00e1tico e Operacional) e como eles conversam entre si.\" \/>\n<meta name=\"robots\" content=\"index, follow, max-snippet:-1, max-image-preview:large, max-video-preview:-1\" \/>\n<link rel=\"canonical\" href=\"https:\/\/www.nomus.com.br\/blog-industrial\/niveis-de-gestao\/\" \/>\n<meta property=\"og:locale\" content=\"pt_BR\" \/>\n<meta property=\"og:type\" content=\"article\" \/>\n<meta property=\"og:title\" content=\"N\u00edveis de gest\u00e3o: entenda os seus diferenciais\" \/>\n<meta property=\"og:description\" content=\"Conhe\u00e7a as particularidades de cada um dos n\u00edveis de gest\u00e3o (Estrat\u00e9gico, T\u00e1tico e Operacional) e como eles conversam entre si.\" \/>\n<meta property=\"og:url\" content=\"https:\/\/www.nomus.com.br\/blog-industrial\/niveis-de-gestao\/\" \/>\n<meta property=\"og:site_name\" content=\"Blog Industrial Nomus\" \/>\n<meta property=\"article:publisher\" content=\"https:\/\/www.facebook.com\/nomussoftwares\" \/>\n<meta property=\"article:published_time\" content=\"2022-08-18T03:03:00+00:00\" \/>\n<meta property=\"article:modified_time\" content=\"2026-02-19T11:40:15+00:00\" \/>\n<meta property=\"og:image\" content=\"https:\/\/www.nomus.com.br\/blog-industrial\/wp-content\/uploads\/2022\/08\/Capas-artigos-2.jpg\" \/>\n\t<meta property=\"og:image:width\" content=\"620\" \/>\n\t<meta property=\"og:image:height\" content=\"405\" \/>\n\t<meta property=\"og:image:type\" content=\"image\/jpeg\" \/>\n<meta name=\"author\" content=\"Beatriz Goulart\" \/>\n<meta name=\"twitter:card\" content=\"summary_large_image\" \/>\n<meta name=\"twitter:title\" content=\"N\u00edveis de gest\u00e3o: entenda os seus diferenciais\" \/>\n<meta name=\"twitter:description\" content=\"Conhe\u00e7a as particularidades de cada um dos n\u00edveis de gest\u00e3o (Estrat\u00e9gico, T\u00e1tico e Operacional) e como eles conversam entre si.\" \/>\n<meta name=\"twitter:image\" content=\"https:\/\/www.nomus.com.br\/blog-industrial\/wp-content\/uploads\/2022\/08\/Capas-artigos-2.jpg\" \/>\n<meta name=\"twitter:creator\" content=\"@nomusindustrial\" \/>\n<meta name=\"twitter:site\" content=\"@nomusindustrial\" \/>\n<meta name=\"twitter:label1\" content=\"Escrito por\" \/>\n\t<meta name=\"twitter:data1\" content=\"Beatriz Goulart\" \/>\n\t<meta name=\"twitter:label2\" content=\"Est. tempo de leitura\" \/>\n\t<meta name=\"twitter:data2\" content=\"7 minutos\" \/>\n<script type=\"application\/ld+json\" class=\"yoast-schema-graph\">{\"@context\":\"https:\/\/schema.org\",\"@graph\":[{\"@type\":\"Article\",\"@id\":\"https:\/\/www.nomus.com.br\/blog-industrial\/niveis-de-gestao\/#article\",\"isPartOf\":{\"@id\":\"https:\/\/www.nomus.com.br\/blog-industrial\/niveis-de-gestao\/\"},\"author\":{\"name\":\"Beatriz Goulart\",\"@id\":\"https:\/\/www.nomus.com.br\/blog-industrial\/#\/schema\/person\/9be2c5cf077d6d177c2d638e2cc8557e\"},\"headline\":\"N\u00edveis de gest\u00e3o: entenda os seus diferenciais\",\"datePublished\":\"2022-08-18T03:03:00+00:00\",\"dateModified\":\"2026-02-19T11:40:15+00:00\",\"mainEntityOfPage\":{\"@id\":\"https:\/\/www.nomus.com.br\/blog-industrial\/niveis-de-gestao\/\"},\"wordCount\":1310,\"commentCount\":5,\"image\":{\"@id\":\"https:\/\/www.nomus.com.br\/blog-industrial\/niveis-de-gestao\/#primaryimage\"},\"thumbnailUrl\":\"https:\/\/www.nomus.com.br\/blog-industrial\/wp-content\/uploads\/2022\/08\/Capas-artigos-2.jpg\",\"keywords\":[\"artigo\"],\"articleSection\":[\"Lideran\u00e7a\",\"Processos e Organiza\u00e7\u00e3o\"],\"inLanguage\":\"pt-BR\",\"potentialAction\":[{\"@type\":\"CommentAction\",\"name\":\"Comment\",\"target\":[\"https:\/\/www.nomus.com.br\/blog-industrial\/niveis-de-gestao\/#respond\"]}]},{\"@type\":\"WebPage\",\"@id\":\"https:\/\/www.nomus.com.br\/blog-industrial\/niveis-de-gestao\/\",\"url\":\"https:\/\/www.nomus.com.br\/blog-industrial\/niveis-de-gestao\/\",\"name\":\"N\u00edveis de gest\u00e3o: entenda os seus diferenciais\",\"isPartOf\":{\"@id\":\"https:\/\/www.nomus.com.br\/blog-industrial\/#website\"},\"primaryImageOfPage\":{\"@id\":\"https:\/\/www.nomus.com.br\/blog-industrial\/niveis-de-gestao\/#primaryimage\"},\"image\":{\"@id\":\"https:\/\/www.nomus.com.br\/blog-industrial\/niveis-de-gestao\/#primaryimage\"},\"thumbnailUrl\":\"https:\/\/www.nomus.com.br\/blog-industrial\/wp-content\/uploads\/2022\/08\/Capas-artigos-2.jpg\",\"datePublished\":\"2022-08-18T03:03:00+00:00\",\"dateModified\":\"2026-02-19T11:40:15+00:00\",\"author\":{\"@id\":\"https:\/\/www.nomus.com.br\/blog-industrial\/#\/schema\/person\/9be2c5cf077d6d177c2d638e2cc8557e\"},\"description\":\"Conhe\u00e7a as particularidades de cada um dos n\u00edveis de gest\u00e3o (Estrat\u00e9gico, T\u00e1tico e Operacional) e como eles conversam entre si.\",\"breadcrumb\":{\"@id\":\"https:\/\/www.nomus.com.br\/blog-industrial\/niveis-de-gestao\/#breadcrumb\"},\"inLanguage\":\"pt-BR\",\"potentialAction\":[{\"@type\":\"ReadAction\",\"target\":[\"https:\/\/www.nomus.com.br\/blog-industrial\/niveis-de-gestao\/\"]}]},{\"@type\":\"ImageObject\",\"inLanguage\":\"pt-BR\",\"@id\":\"https:\/\/www.nomus.com.br\/blog-industrial\/niveis-de-gestao\/#primaryimage\",\"url\":\"https:\/\/www.nomus.com.br\/blog-industrial\/wp-content\/uploads\/2022\/08\/Capas-artigos-2.jpg\",\"contentUrl\":\"https:\/\/www.nomus.com.br\/blog-industrial\/wp-content\/uploads\/2022\/08\/Capas-artigos-2.jpg\",\"width\":620,\"height\":405,\"caption\":\"N\u00edveis de gest\u00e3o\"},{\"@type\":\"BreadcrumbList\",\"@id\":\"https:\/\/www.nomus.com.br\/blog-industrial\/niveis-de-gestao\/#breadcrumb\",\"itemListElement\":[{\"@type\":\"ListItem\",\"position\":1,\"name\":\"Blog Industrial Nomus\",\"item\":\"https:\/\/www.nomus.com.br\/blog-industrial\/\"},{\"@type\":\"ListItem\",\"position\":2,\"name\":\"Processos e Organiza\u00e7\u00e3o\",\"item\":\"https:\/\/www.nomus.com.br\/blog-industrial\/category\/processos-e-organizacao\/\"},{\"@type\":\"ListItem\",\"position\":3,\"name\":\"N\u00edveis de gest\u00e3o: entenda os seus diferenciais\"}]},{\"@type\":\"WebSite\",\"@id\":\"https:\/\/www.nomus.com.br\/blog-industrial\/#website\",\"url\":\"https:\/\/www.nomus.com.br\/blog-industrial\/\",\"name\":\"Blog Industrial Nomus\",\"description\":\"Artigos, planilhas, ebooks e ferramentas de engenharia de produ\u00e7\u00e3o e para aumentar o lucro da sua f\u00e1brica\",\"potentialAction\":[{\"@type\":\"SearchAction\",\"target\":{\"@type\":\"EntryPoint\",\"urlTemplate\":\"https:\/\/www.nomus.com.br\/blog-industrial\/?s={search_term_string}\"},\"query-input\":{\"@type\":\"PropertyValueSpecification\",\"valueRequired\":true,\"valueName\":\"search_term_string\"}}],\"inLanguage\":\"pt-BR\"},{\"@type\":\"Person\",\"@id\":\"https:\/\/www.nomus.com.br\/blog-industrial\/#\/schema\/person\/9be2c5cf077d6d177c2d638e2cc8557e\",\"name\":\"Beatriz Goulart\",\"image\":{\"@type\":\"ImageObject\",\"inLanguage\":\"pt-BR\",\"@id\":\"https:\/\/www.nomus.com.br\/blog-industrial\/#\/schema\/person\/image\/\",\"url\":\"https:\/\/www.nomus.com.br\/blog-industrial\/wp-content\/uploads\/2025\/04\/T015FBQU002-U0342HF005A-3a5fa6489321-512-96x96.png\",\"contentUrl\":\"https:\/\/www.nomus.com.br\/blog-industrial\/wp-content\/uploads\/2025\/04\/T015FBQU002-U0342HF005A-3a5fa6489321-512-96x96.png\",\"caption\":\"Beatriz Goulart\"},\"url\":\"https:\/\/www.nomus.com.br\/blog-industrial\/author\/beatrizalmeida\/\"}]}<\/script>\n","yoast_head_json":{"title":"N\u00edveis de gest\u00e3o: entenda os seus diferenciais","description":"Conhe\u00e7a as particularidades de cada um dos n\u00edveis de gest\u00e3o (Estrat\u00e9gico, T\u00e1tico e Operacional) e como eles conversam entre si.","robots":{"index":"index","follow":"follow","max-snippet":"max-snippet:-1","max-image-preview":"max-image-preview:large","max-video-preview":"max-video-preview:-1"},"canonical":"https:\/\/www.nomus.com.br\/blog-industrial\/niveis-de-gestao\/","og_locale":"pt_BR","og_type":"article","og_title":"N\u00edveis de gest\u00e3o: entenda os seus diferenciais","og_description":"Conhe\u00e7a as particularidades de cada um dos n\u00edveis de gest\u00e3o (Estrat\u00e9gico, T\u00e1tico e Operacional) e como eles conversam entre si.","og_url":"https:\/\/www.nomus.com.br\/blog-industrial\/niveis-de-gestao\/","og_site_name":"Blog Industrial Nomus","article_publisher":"https:\/\/www.facebook.com\/nomussoftwares","article_published_time":"2022-08-18T03:03:00+00:00","article_modified_time":"2026-02-19T11:40:15+00:00","og_image":[{"width":620,"height":405,"url":"https:\/\/www.nomus.com.br\/blog-industrial\/wp-content\/uploads\/2022\/08\/Capas-artigos-2.jpg","type":"image\/jpeg"}],"author":"Beatriz Goulart","twitter_card":"summary_large_image","twitter_title":"N\u00edveis de gest\u00e3o: entenda os seus diferenciais","twitter_description":"Conhe\u00e7a as particularidades de cada um dos n\u00edveis de gest\u00e3o (Estrat\u00e9gico, T\u00e1tico e Operacional) e como eles conversam entre si.","twitter_image":"https:\/\/www.nomus.com.br\/blog-industrial\/wp-content\/uploads\/2022\/08\/Capas-artigos-2.jpg","twitter_creator":"@nomusindustrial","twitter_site":"@nomusindustrial","twitter_misc":{"Escrito por":"Beatriz Goulart","Est. tempo de leitura":"7 minutos"},"schema":{"@context":"https:\/\/schema.org","@graph":[{"@type":"Article","@id":"https:\/\/www.nomus.com.br\/blog-industrial\/niveis-de-gestao\/#article","isPartOf":{"@id":"https:\/\/www.nomus.com.br\/blog-industrial\/niveis-de-gestao\/"},"author":{"name":"Beatriz Goulart","@id":"https:\/\/www.nomus.com.br\/blog-industrial\/#\/schema\/person\/9be2c5cf077d6d177c2d638e2cc8557e"},"headline":"N\u00edveis de gest\u00e3o: entenda os seus diferenciais","datePublished":"2022-08-18T03:03:00+00:00","dateModified":"2026-02-19T11:40:15+00:00","mainEntityOfPage":{"@id":"https:\/\/www.nomus.com.br\/blog-industrial\/niveis-de-gestao\/"},"wordCount":1310,"commentCount":5,"image":{"@id":"https:\/\/www.nomus.com.br\/blog-industrial\/niveis-de-gestao\/#primaryimage"},"thumbnailUrl":"https:\/\/www.nomus.com.br\/blog-industrial\/wp-content\/uploads\/2022\/08\/Capas-artigos-2.jpg","keywords":["artigo"],"articleSection":["Lideran\u00e7a","Processos e Organiza\u00e7\u00e3o"],"inLanguage":"pt-BR","potentialAction":[{"@type":"CommentAction","name":"Comment","target":["https:\/\/www.nomus.com.br\/blog-industrial\/niveis-de-gestao\/#respond"]}]},{"@type":"WebPage","@id":"https:\/\/www.nomus.com.br\/blog-industrial\/niveis-de-gestao\/","url":"https:\/\/www.nomus.com.br\/blog-industrial\/niveis-de-gestao\/","name":"N\u00edveis de gest\u00e3o: entenda os seus diferenciais","isPartOf":{"@id":"https:\/\/www.nomus.com.br\/blog-industrial\/#website"},"primaryImageOfPage":{"@id":"https:\/\/www.nomus.com.br\/blog-industrial\/niveis-de-gestao\/#primaryimage"},"image":{"@id":"https:\/\/www.nomus.com.br\/blog-industrial\/niveis-de-gestao\/#primaryimage"},"thumbnailUrl":"https:\/\/www.nomus.com.br\/blog-industrial\/wp-content\/uploads\/2022\/08\/Capas-artigos-2.jpg","datePublished":"2022-08-18T03:03:00+00:00","dateModified":"2026-02-19T11:40:15+00:00","author":{"@id":"https:\/\/www.nomus.com.br\/blog-industrial\/#\/schema\/person\/9be2c5cf077d6d177c2d638e2cc8557e"},"description":"Conhe\u00e7a as particularidades de cada um dos n\u00edveis de gest\u00e3o (Estrat\u00e9gico, T\u00e1tico e Operacional) e como eles conversam entre si.","breadcrumb":{"@id":"https:\/\/www.nomus.com.br\/blog-industrial\/niveis-de-gestao\/#breadcrumb"},"inLanguage":"pt-BR","potentialAction":[{"@type":"ReadAction","target":["https:\/\/www.nomus.com.br\/blog-industrial\/niveis-de-gestao\/"]}]},{"@type":"ImageObject","inLanguage":"pt-BR","@id":"https:\/\/www.nomus.com.br\/blog-industrial\/niveis-de-gestao\/#primaryimage","url":"https:\/\/www.nomus.com.br\/blog-industrial\/wp-content\/uploads\/2022\/08\/Capas-artigos-2.jpg","contentUrl":"https:\/\/www.nomus.com.br\/blog-industrial\/wp-content\/uploads\/2022\/08\/Capas-artigos-2.jpg","width":620,"height":405,"caption":"N\u00edveis de gest\u00e3o"},{"@type":"BreadcrumbList","@id":"https:\/\/www.nomus.com.br\/blog-industrial\/niveis-de-gestao\/#breadcrumb","itemListElement":[{"@type":"ListItem","position":1,"name":"Blog Industrial Nomus","item":"https:\/\/www.nomus.com.br\/blog-industrial\/"},{"@type":"ListItem","position":2,"name":"Processos e Organiza\u00e7\u00e3o","item":"https:\/\/www.nomus.com.br\/blog-industrial\/category\/processos-e-organizacao\/"},{"@type":"ListItem","position":3,"name":"N\u00edveis de gest\u00e3o: entenda os seus diferenciais"}]},{"@type":"WebSite","@id":"https:\/\/www.nomus.com.br\/blog-industrial\/#website","url":"https:\/\/www.nomus.com.br\/blog-industrial\/","name":"Blog Industrial Nomus","description":"Artigos, planilhas, ebooks e ferramentas de engenharia de produ\u00e7\u00e3o e para aumentar o lucro da sua f\u00e1brica","potentialAction":[{"@type":"SearchAction","target":{"@type":"EntryPoint","urlTemplate":"https:\/\/www.nomus.com.br\/blog-industrial\/?s={search_term_string}"},"query-input":{"@type":"PropertyValueSpecification","valueRequired":true,"valueName":"search_term_string"}}],"inLanguage":"pt-BR"},{"@type":"Person","@id":"https:\/\/www.nomus.com.br\/blog-industrial\/#\/schema\/person\/9be2c5cf077d6d177c2d638e2cc8557e","name":"Beatriz Goulart","image":{"@type":"ImageObject","inLanguage":"pt-BR","@id":"https:\/\/www.nomus.com.br\/blog-industrial\/#\/schema\/person\/image\/","url":"https:\/\/www.nomus.com.br\/blog-industrial\/wp-content\/uploads\/2025\/04\/T015FBQU002-U0342HF005A-3a5fa6489321-512-96x96.png","contentUrl":"https:\/\/www.nomus.com.br\/blog-industrial\/wp-content\/uploads\/2025\/04\/T015FBQU002-U0342HF005A-3a5fa6489321-512-96x96.png","caption":"Beatriz Goulart"},"url":"https:\/\/www.nomus.com.br\/blog-industrial\/author\/beatrizalmeida\/"}]}},"_links":{"self":[{"href":"https:\/\/www.nomus.com.br\/blog-industrial\/wp-json\/wp\/v2\/posts\/16307","targetHints":{"allow":["GET"]}}],"collection":[{"href":"https:\/\/www.nomus.com.br\/blog-industrial\/wp-json\/wp\/v2\/posts"}],"about":[{"href":"https:\/\/www.nomus.com.br\/blog-industrial\/wp-json\/wp\/v2\/types\/post"}],"author":[{"embeddable":true,"href":"https:\/\/www.nomus.com.br\/blog-industrial\/wp-json\/wp\/v2\/users\/54"}],"replies":[{"embeddable":true,"href":"https:\/\/www.nomus.com.br\/blog-industrial\/wp-json\/wp\/v2\/comments?post=16307"}],"version-history":[{"count":8,"href":"https:\/\/www.nomus.com.br\/blog-industrial\/wp-json\/wp\/v2\/posts\/16307\/revisions"}],"predecessor-version":[{"id":27782,"href":"https:\/\/www.nomus.com.br\/blog-industrial\/wp-json\/wp\/v2\/posts\/16307\/revisions\/27782"}],"wp:featuredmedia":[{"embeddable":true,"href":"https:\/\/www.nomus.com.br\/blog-industrial\/wp-json\/wp\/v2\/media\/16308"}],"wp:attachment":[{"href":"https:\/\/www.nomus.com.br\/blog-industrial\/wp-json\/wp\/v2\/media?parent=16307"}],"wp:term":[{"taxonomy":"category","embeddable":true,"href":"https:\/\/www.nomus.com.br\/blog-industrial\/wp-json\/wp\/v2\/categories?post=16307"},{"taxonomy":"post_tag","embeddable":true,"href":"https:\/\/www.nomus.com.br\/blog-industrial\/wp-json\/wp\/v2\/tags?post=16307"}],"curies":[{"name":"wp","href":"https:\/\/api.w.org\/{rel}","templated":true}]}}