{"id":15115,"date":"2022-04-26T06:23:00","date_gmt":"2022-04-26T09:23:00","guid":{"rendered":"https:\/\/www.nomus.com.br\/blog-industrial\/?p=15115"},"modified":"2026-02-19T12:13:54","modified_gmt":"2026-02-19T15:13:54","slug":"lgpd-definicao-e-adequacao","status":"publish","type":"post","link":"https:\/\/www.nomus.com.br\/blog-industrial\/lgpd-definicao-e-adequacao\/","title":{"rendered":"LGPD: o que \u00e9 e como preparar sua ind\u00fastria"},"content":{"rendered":"\n<div class=\"text-center\"><a href=\"https:\/\/material.nomus.com.br\/ferramentas-de-gestao\" class=\"bannergerado\" target=\"_blank\"><img decoding=\"async\" id=\"BannerManual\" data-src=\"https:\/\/www.nomus.com.br\/blog-industrial\/wp-content\/uploads\/2020\/07\/guia-das-ferramentas-de-gestao.jpg\" class=\"size-full bannerpadrao lazyload\" alt=\"Ferramentas de gest\u00e3o\" src=\"data:image\/svg+xml;base64,PHN2ZyB3aWR0aD0iMSIgaGVpZ2h0PSIxIiB4bWxucz0iaHR0cDovL3d3dy53My5vcmcvMjAwMC9zdmciPjwvc3ZnPg==\" style=\"--smush-placeholder-width: 650px; --smush-placeholder-aspect-ratio: 650\/260;\"><\/a><\/div>\n\n\n\n<p>A conscientiza\u00e7\u00e3o civil em torno da prote\u00e7\u00e3o de dados tem crescido cada vez mais nos \u00faltimos anos. E, como consequ\u00eancia disso, a legisla\u00e7\u00e3o tem se desenvolvido de maneira a acompanhar essa preocupa\u00e7\u00e3o social.<\/p>\n\n\n\n<p>Nesse contexto, a LGPD ou Lei Geral de Prote\u00e7\u00e3o de Dados foi aprovada em 2018, visando proteger os dados pessoais de pessoas civis e regular o mercado de dados no Brasil.&nbsp;<\/p>\n\n\n\n<p>Pensando nisso, chamamos o especialista Regis Silveira, consultor de implementa\u00e7\u00e3o e adequa\u00e7\u00e3o \u00e0 LGPD para nos contar um pouco mais sobre esse assunto.<\/p>\n\n\n\n<p>Nesse artigo voc\u00ea vai descobrir:<\/p>\n\n\n\n<ul class=\"wp-block-list\">\n<li>O que \u00e9 a LGPD, sua import\u00e2ncia e objetivo;<\/li>\n\n\n\n<li>Exemplos de a\u00e7\u00f5es que v\u00e3o contra a regulamenta\u00e7\u00e3o e san\u00e7\u00f5es previstas na LGPD;<\/li>\n\n\n\n<li>Quais empresas precisam se adequar \u00e0 LGPD;<\/li>\n\n\n\n<li>Como adequar o marketing da sua empresa \u00e0 LGPD;<\/li>\n\n\n\n<li>Como \u00e9 o <a href=\"https:\/\/www.nomus.com.br\/blog-industrial\/como-ingressar-no-mercado-de-trabalho-na-area-de-pcp\/\">mercado de trabalho<\/a> para o profissional da LGPD e suas principais atribui\u00e7\u00f5es;<\/li>\n\n\n\n<li>\u00c9 poss\u00edvel realizar a adequa\u00e7\u00e3o \u00e0 LGPD sem um profissional especializado;<\/li>\n\n\n\n<li>Dicas para quem deseja aprender mais sobre o assunto.<\/li>\n<\/ul>\n\n\n\n<p>Continue a leitura para entender essa legisla\u00e7\u00e3o.<\/p>\n\n\n\n<h2 class=\"wp-block-heading\">Entrevista com o consultor Regis Silveira<\/h2>\n\n\n\n<figure class=\"wp-block-embed is-type-video is-provider-youtube wp-block-embed-youtube wp-embed-aspect-16-9 wp-has-aspect-ratio\"><div class=\"wp-block-embed__wrapper\">\n<iframe title=\"LGPD: descubra o que \u00e9 e como preparar a sua ind\u00fastria\" width=\"500\" height=\"281\" data-src=\"https:\/\/www.youtube.com\/embed\/dBrsxsEM48I?feature=oembed\" frameborder=\"0\" allow=\"accelerometer; autoplay; clipboard-write; encrypted-media; gyroscope; picture-in-picture; web-share\" referrerpolicy=\"strict-origin-when-cross-origin\" allowfullscreen src=\"data:image\/svg+xml;base64,PHN2ZyB3aWR0aD0iMSIgaGVpZ2h0PSIxIiB4bWxucz0iaHR0cDovL3d3dy53My5vcmcvMjAwMC9zdmciPjwvc3ZnPg==\" class=\"lazyload\" data-load-mode=\"1\"><\/iframe>\n<\/div><\/figure>\n\n\n\n<p>Dispon\u00edvel tamb\u00e9m no Podcast da Nomus nas principais plataformas:<\/p>\n\n\n\n<iframe width=\"100%\" height=\"166\" scrolling=\"no\" frameborder=\"no\" allow=\"autoplay\" data-src=\"https:\/\/w.soundcloud.com\/player\/?url=https%3A\/\/api.soundcloud.com\/tracks\/1248423181%3Fsecret_token%3Ds-XN8N1Yhm4LV&amp;color=%23ff5500&amp;auto_play=false&amp;hide_related=false&amp;show_comments=true&amp;show_user=true&amp;show_reposts=false&amp;show_teaser=true\" src=\"data:image\/svg+xml;base64,PHN2ZyB3aWR0aD0iMSIgaGVpZ2h0PSIxIiB4bWxucz0iaHR0cDovL3d3dy53My5vcmcvMjAwMC9zdmciPjwvc3ZnPg==\" class=\"lazyload\" data-load-mode=\"1\"><\/iframe><div style=\"font-size: 10px; color: #cccccc;line-break: anywhere;word-break: normal;overflow: hidden;white-space: nowrap;text-overflow: ellipsis; font-family: Interstate,Lucida Grande,Lucida Sans Unicode,Lucida Sans,Garuda,Verdana,Tahoma,sans-serif;font-weight: 100;\"><a href=\"https:\/\/soundcloud.com\/nomussoftwares\" title=\"Nomus\" target=\"_blank\" style=\"color: #cccccc; text-decoration: none;\" rel=\"noopener\">Nomus<\/a> \u00b7 <a href=\"https:\/\/soundcloud.com\/nomussoftwares\/palavra-de-especialista-7-lgpd-o-que-e-e-como-e-a-atuacao-desse-profissional\/s-XN8N1Yhm4LV\" title=\"Palavra de Especialista #7 - LGPD: o que \u00e9 e como \u00e9 a atua\u00e7\u00e3o desse profissional\" target=\"_blank\" style=\"color: #cccccc; text-decoration: none;\" rel=\"noopener\">Palavra de Especialista #7 &#8211; LGPD: o que \u00e9 e como \u00e9 a atua\u00e7\u00e3o desse profissional<\/a><\/div>\n\n\n\n<p><strong>Dispon\u00edvel nas principais plataformas de Podcast:<\/strong><\/p>\n\n\n\n<ul class=\"wp-block-list\">\n<li><a href=\"https:\/\/open.spotify.com\/show\/69GYmPnZBZSjIYY8ELH3YR\" target=\"_blank\" rel=\"noreferrer noopener\">Spotify<\/a><\/li>\n\n\n\n<li><a href=\"https:\/\/podcasts.apple.com\/br\/podcast\/nomus\/id1561650066\" target=\"_blank\" rel=\"noreferrer noopener\">Apple Podcast<\/a><\/li>\n\n\n\n<li><a href=\"https:\/\/www.deezer.com\/pt\/show\/2493632\" target=\"_blank\" rel=\"noreferrer noopener\">Deezer<\/a><\/li>\n\n\n\n<li><a href=\"https:\/\/podcasts.google.com\/feed\/aHR0cHM6Ly9mZWVkcy5zb3VuZGNsb3VkLmNvbS91c2Vycy9zb3VuZGNsb3VkOnVzZXJzOjk2ODYxNDQ5NS9zb3VuZHMucnNz\" target=\"_blank\" rel=\"noreferrer noopener\">Google Podcast<\/a><\/li>\n<\/ul>\n\n\n\n<h2 class=\"wp-block-heading\">O que \u00e9 a LGPD, sua import\u00e2ncia e objetivo<\/h2>\n\n\n\n<p>A LGPD, como dito anteriormente, \u00e9 a <a href=\"https:\/\/www.planalto.gov.br\/ccivil_03\/_ato2015-2018\/2018\/lei\/l13709.htm\" target=\"_blank\" rel=\"noreferrer noopener\">Lei Geral de Prote\u00e7\u00e3o de Dados<\/a>. Ela foi aprovada em 2018, e entrou em vigor somente em 2020.&nbsp;<\/p>\n\n\n\n<p>Em agosto de 2021, iniciaram-se as san\u00e7\u00f5es penais \u00e0queles que descumprem a legisla\u00e7\u00e3o, o que teve o efeito de incentivar o conhecimento e cumprimento desta lei.<\/p>\n\n\n\n<p>Ela foi criada com o intuito de regular e organizar o uso de dados pessoais, inclusive por empresas, que atualmente est\u00e3o dispon\u00edveis com extrema facilidade nas redes. Isso porque vazamentos e mau uso de dados est\u00e3o cada vez mais comuns.&nbsp;<\/p>\n\n\n\n<p>Em 2021, ocorreu o maior vazamento de dados da hist\u00f3ria do Brasil, afetando cerca de 230 milh\u00f5es de brasileiros com a divulga\u00e7\u00e3o de dados como CPF, nome completo, RG, cart\u00f5es de cr\u00e9dito e at\u00e9 renda mensal.<\/p>\n\n\n\n<p>A import\u00e2ncia dessa legisla\u00e7\u00e3o \u00e9 a imposi\u00e7\u00e3o do respeito aos dados pessoais dos brasileiros, evitando problemas causados pelo mau uso e compartilhamento destes.<\/p>\n\n\n\n<p>A LGPD trata apenas dos dados pessoais, n\u00e3o abrangendo o uso de dados de empresas. Al\u00e9m disso, a legisla\u00e7\u00e3o se aplica somente aos casos em que esses dados est\u00e3o sendo recolhidos com algum fim econ\u00f4mico.<\/p>\n\n\n\n<h2 class=\"wp-block-heading\">Exemplos de a\u00e7\u00f5es que v\u00e3o contra a LGPD e san\u00e7\u00f5es previstas<\/h2>\n\n\n\n<p>As san\u00e7\u00f5es previstas na LGPD s\u00e3o:<\/p>\n\n\n\n<ul class=\"wp-block-list\">\n<li>Multa de 2% a at\u00e9 50 milh\u00f5es do faturamento anual bruto da empresa;<\/li>\n\n\n\n<li>Bloqueio dos dados pessoais;<\/li>\n\n\n\n<li>Elimina\u00e7\u00e3o dos dados pessoais;<\/li>\n\n\n\n<li>Publiciza\u00e7\u00e3o da infra\u00e7\u00e3o cometida.<\/li>\n<\/ul>\n\n\n\n<p>Essas penaliza\u00e7\u00f5es podem ser aplicadas caso dados pessoais que uma empresa possui sejam compartilhados com outras sem a autoriza\u00e7\u00e3o do titular, por exemplo.<\/p>\n\n\n\n<p>A obten\u00e7\u00e3o desses dados sem a concess\u00e3o dos titulares tamb\u00e9m constitui uma inadequa\u00e7\u00e3o \u00e0 LGPD.<\/p>\n\n\n\n<p>No entanto, o uso de <a href=\"https:\/\/www.eboxdigital.com.br\/blog\/como-a-lgpd-caracteriza-dados-sensiveis\" target=\"_blank\" rel=\"noreferrer noopener\">dados sens\u00edveis<\/a>, que ser\u00e3o descritos mais \u00e0 frente, \u00e9 ainda mais grave. Por isso, \u00e9 importante se atentar ao perigo que o compartilhamento desses dados pode gerar ao titular e \u00e0 sua empresa.&nbsp;<\/p>\n\n\n\n<h2 class=\"wp-block-heading\">Quais empresas precisam se adequar \u00e0 LGPD<\/h2>\n\n\n\n<p>Todas as empresas devem se adequar \u00e0 nova legisla\u00e7\u00e3o. Por\u00e9m, a ANPD (Autoridade Nacional de Prote\u00e7\u00e3o de Dados) prev\u00ea regras com diferentes exig\u00eancias dependendo do porte da empresa.<\/p>\n\n\n\n<p>Dessa forma, micro\/pequenas empresas com at\u00e9 4,8 milh\u00f5es de receita e startups com at\u00e9 16 milh\u00f5es de faturamento est\u00e3o isentas de tais obriga\u00e7\u00f5es impostas \u00e0s demais empresas:<\/p>\n\n\n\n<ul class=\"wp-block-list\">\n<li>Contrata\u00e7\u00e3o de um <a href=\"https:\/\/www.euax.com.br\/2024\/04\/dpo\/\" target=\"_blank\" rel=\"noreferrer noopener\">DPO<\/a> (Encarregado de Prote\u00e7\u00e3o de Dados);<\/li>\n\n\n\n<li>Cria\u00e7\u00e3o de um canal de comunica\u00e7\u00e3o destinado ao cumprimento da LGPD;<\/li>\n\n\n\n<li>Prazo de 15 dias para responder ao titular em rela\u00e7\u00e3o aos seus dados (essas empresas disp\u00f5e de um prazo maior).<\/li>\n<\/ul>\n\n\n\n<p>Com isso, a ANPD cria condi\u00e7\u00f5es para que todas empresas possam se adequar ao regulamento, de acordo com suas possibilidades e realidades.<\/p>\n\n\n\n<h2 class=\"wp-block-heading\">Como adequar o marketing da sua empresa \u00e0 LGPD&nbsp;<\/h2>\n\n\n\n<h3 class=\"wp-block-heading\">Como adequar bancos de dados j\u00e1 existentes<\/h3>\n\n\n\n<p>O banco de dados obtido antes da exist\u00eancia da LGPD chama-se de base legada. Para a adequa\u00e7\u00e3o dessa base, a empresa possui algumas op\u00e7\u00f5es, dentre elas:<\/p>\n\n\n\n<ul class=\"wp-block-list\">\n<li>Contato com o titular para a obten\u00e7\u00e3o do consentimento;<\/li>\n\n\n\n<li>Alegar o leg\u00edtimo interesse dos titulares;<\/li>\n\n\n\n<li>Alegar que aqueles dados s\u00e3o necess\u00e1rios para cumprimento de contrato;<\/li>\n\n\n\n<li>Prote\u00e7\u00e3o ao cr\u00e9dito.<\/li>\n<\/ul>\n\n\n\n<p>Essas acima s\u00e3o apenas algumas das chamadas \u2018hip\u00f3teses de tratamento de dados\u2019, de um total de 11. Na adequa\u00e7\u00e3o da sua base, a empresa deve tentar encaix\u00e1-la em alguma das hip\u00f3teses.<\/p>\n\n\n\n<p>Caso isso n\u00e3o seja poss\u00edvel, deve-se realizar uma an\u00e1lise e gest\u00e3o de risco em rela\u00e7\u00e3o \u00e0 utiliza\u00e7\u00e3o destes dados.<\/p>\n\n\n\n<h3 class=\"wp-block-heading\">Como captar novos dados respeitando a LGPD<\/h3>\n\n\n\n<p>Atualmente, \u00e9 comum a utiliza\u00e7\u00e3o da hip\u00f3tese de consentimento para a obten\u00e7\u00e3o de novos dados. Isso \u00e9 feito dando ao titular a chance de concordar ou n\u00e3o com a utiliza\u00e7\u00e3o dos seus dados. Um exemplo dessa pr\u00e1tica \u00e9 perguntar se a pessoa deseja receber not\u00edcias e comunica\u00e7\u00f5es da sua empresa.<\/p>\n\n\n\n<p>Tamb\u00e9m \u00e9 bastante utilizada a hip\u00f3tese do leg\u00edtimo interesse, alegando que o dono dos dados demonstrou interesse pela comunica\u00e7\u00e3o que est\u00e1 sendo feita.<\/p>\n\n\n\n<p>Outro cuidado que \u00e9 interessante tomar quando reunindo esses dados, \u00e9 o de recolher apenas as informa\u00e7\u00f5es absolutamente necess\u00e1rias.<\/p>\n\n\n\n<p>Existem os dados chamados de \u201cdados sens\u00edveis\u201d, que incluem informa\u00e7\u00f5es como ra\u00e7a, religi\u00e3o, sexualidade, opini\u00e3o pol\u00edtica, dados gen\u00e9ticos etc.<\/p>\n\n\n\n<p>Caso esse tipo de dado esteja incluso na sua base, no evento de algum vazamento ou invas\u00e3o a esta, as consequ\u00eancias poder\u00e3o ser mais graves.&nbsp;<\/p>\n\n\n\n<p>Logo, evite o recolhimento destas informa\u00e7\u00f5es, e pe\u00e7a somente aquilo que ser\u00e1 de fato essencial para as suas a\u00e7\u00f5es.<\/p>\n\n\n\n<h3 class=\"wp-block-heading\">Como prospectar clientes respeitando a LGPD<\/h3>\n\n\n\n<p>N\u00e3o \u00e9 recomendado buscar listas de potenciais clientes, j\u00e1 que esta informa\u00e7\u00e3o n\u00e3o foi disponibilizada diretamente \u00e0 sua empresa. Al\u00e9m disso, a compra de listas de <a href=\"https:\/\/www.nomus.com.br\/blog-industrial\/geracao-de-leads\/\">leads<\/a> \u00e9 ilegal.<\/p>\n\n\n\n<p>No entanto, o importante \u00e9 fornecer \u00e0 pessoa contactada a op\u00e7\u00e3o de n\u00e3o receber mais aquele contato, e respeitar essa decis\u00e3o imediatamente.<\/p>\n\n\n\n<p>Os termos utilizados para essas op\u00e7\u00f5es s\u00e3o <em>Opt In<\/em> e <em>Opt Out, <\/em>que descrevem a possibilidade da pessoa optar ativamente por receber suas comunica\u00e7\u00f5es, e tamb\u00e9m optar, a qualquer momento, por n\u00e3o receb\u00ea-las.<\/p>\n\n\n\n<p>Mesmo que os dados pessoais estejam dispon\u00edveis na internet, eles n\u00e3o podem ser utilizados de qualquer maneira. Os dados continuam pertencendo somente ao titular, e suas vontades e permiss\u00f5es devem ser respeitadas.<\/p>\n\n\n\n<h2 class=\"wp-block-heading\">Principais atribui\u00e7\u00f5es e mercado de trabalho para o profissional da LGPD&nbsp;<\/h2>\n\n\n\n<p>Por ser um contexto tecnol\u00f3gico relativamente recente, os profissionais dessa \u00e1rea t\u00eam uma grande responsabilidade em conscientizar as empresas, que ainda n\u00e3o sabem como devem lidar com os dados que possuem.<\/p>\n\n\n\n<p>At\u00e9 mesmo a popula\u00e7\u00e3o ainda n\u00e3o est\u00e1 conscientizada do perigo que a distribui\u00e7\u00e3o dos seus dados pode representar, n\u00e3o estando ciente das permiss\u00f5es que concede a aplicativos e sites quando permite acesso a suas informa\u00e7\u00f5es.<\/p>\n\n\n\n<p>Dessa forma, podemos destacar as principais fun\u00e7\u00f5es de um profissional respons\u00e1vel pela adequa\u00e7\u00e3o de uma empresa \u00e0 LGPD como:<\/p>\n\n\n\n<ul class=\"wp-block-list\">\n<li>Conscientiza\u00e7\u00e3o de trabalhadores, gestores e propriet\u00e1rios de empresas quanto ao uso de dados pessoais;<\/li>\n\n\n\n<li>Escolha de um DPO (Encarregado da Prote\u00e7\u00e3o de Dados) e cria\u00e7\u00e3o de um comit\u00ea de apoio \u00e0 ele;<\/li>\n\n\n\n<li>Mapeamento dos dados que a empresa possui para identifica\u00e7\u00e3o de problemas;<\/li>\n\n\n\n<li>Implementa\u00e7\u00e3o das normas relativas \u00e0 LGPD nas opera\u00e7\u00f5es da empresa;<\/li>\n\n\n\n<li>Ajudar na cria\u00e7\u00e3o de estrat\u00e9gias para que o setor de marketing esteja de acordo com a lei.<\/li>\n<\/ul>\n\n\n\n<p>Para a adequa\u00e7\u00e3o dos dados, o nosso especialista Regis Silveira utiliza uma planilha do Excel, cujo modelo est\u00e1 dispon\u00edvel para download abaixo. Existem tamb\u00e9m programas de adequa\u00e7\u00e3o, mas estes podem causar <a href=\"https:\/\/www.nomus.com.br\/blog-industrial\/retrabalho\/\">retrabalho<\/a> ao profissional.<\/p>\n\n\n\n<ul class=\"wp-block-list\">\n<li><strong><a href=\"https:\/\/material.nomus.com.br\/ferramenta-planilha-lgpd\">Planilha para adequa\u00e7\u00e3o a LGPD<\/a><\/strong><\/li>\n\n\n\n<li><a href=\"https:\/\/www.escolavirtual.gov.br\/curso\/153\"><strong>Curso de LGPD<\/strong><\/a><\/li>\n<\/ul>\n\n\n\n<p>A demanda por profissionais desse tipo vem diminuindo desde a cria\u00e7\u00e3o da LGPD. No entanto, ainda h\u00e1 escassez de pessoas qualificadas no setor, o que possibilita que seja uma profiss\u00e3o com um bom n\u00famero de vagas dispon\u00edveis.<\/p>\n\n\n\n<h2 class=\"wp-block-heading\">\u00c9 poss\u00edvel realizar a adequa\u00e7\u00e3o \u00e0 LGPD sem um profissional especializado?<\/h2>\n\n\n\n<p>\u00c9 comum que seja realizada uma prepara\u00e7\u00e3o de um funcion\u00e1rio da pr\u00f3pria empresa para que seja feita essa adequa\u00e7\u00e3o, sendo eleito um comit\u00ea para fornecer apoio a esse colaborador.<\/p>\n\n\n\n<p>Para isso, \u00e9 necess\u00e1rio uma disponibilidade de tempo, conhecimento e aprendizado por parte desse profissional. Dependendo do tamanho e da <a href=\"https:\/\/www.nomus.com.br\/blog-industrial\/capacidade-produtiva\/\">capacidade da empresa<\/a>, esse procedimento pode ser uma boa escolha.<\/p>\n\n\n\n<p>Com isso dito, devemos destacar que essa maneira de realizar o processo n\u00e3o \u00e9 muito aconselh\u00e1vel, j\u00e1 que requere um n\u00edvel de conhecimento interdisciplinar que n\u00e3o se obt\u00e9m de uma hora para outra.<\/p>\n\n\n\n<h2 class=\"wp-block-heading\">Dicas para quem deseja aprender mais sobre o assunto<\/h2>\n\n\n\n<p>A \u00e1rea de atua\u00e7\u00e3o do profissional da LGPD envolve conhecimentos de diferentes setores, incluindo principalmente entendimentos de <a href=\"https:\/\/www.nomus.com.br\/blog-industrial\/gerente-de-ti\/\">TI <\/a>e Direito. Por isso, o conselho do nosso especialista \u00e9 obter uma boa compreens\u00e3o dessas duas \u00e1reas.<\/p>\n\n\n\n<p>O mercado \u00e9 abrangente, o que permite muito estudo sobre diferentes \u00e1reas que est\u00e3o compreendidas nessa especializa\u00e7\u00e3o.<\/p>\n\n\n\n<p>Por \u00faltimo, a \u00e1rea ainda est\u00e1 continuamente se atualizando, exigindo constante atualiza\u00e7\u00e3o dos profissionais em rela\u00e7\u00e3o \u00e0s novas decis\u00f5es que v\u00eam sendo tomadas pelos \u00f3rg\u00e3os respons\u00e1veis.<\/p>\n\n\n\n<p>\u00c9 muito importante iniciar a adequa\u00e7\u00e3o da sua empresa para estar protegido de quaisquer a\u00e7\u00f5es legais que possam ser tomadas contra o seu neg\u00f3cio.&nbsp;<\/p>\n\n\n\n<p>Al\u00e9m disso, \u00e9 um dever respeitar as informa\u00e7\u00f5es de seus poss\u00edveis clientes, de maneira a manter um bom relacionamento com estes.<\/p>\n\n\n\n<p>Para isso, sua empresa pode contratar um diagn\u00f3stico de seus dados com um especialista, que poder\u00e1 te fornecer um <a href=\"https:\/\/www.nomus.com.br\/blog-industrial\/orcamentos\/\">or\u00e7amento<\/a> para a adequa\u00e7\u00e3o, al\u00e9m de te informar quais a\u00e7\u00f5es devem ser tomadas.<\/p>\n\n\n\n<h2 class=\"wp-block-heading\">Acompanhe a Nomus<\/h2>\n\n\n\n<p>Se voc\u00ea gostou desse conte\u00fado, <a href=\"https:\/\/material.nomus.com.br\/inscricao-blog-industrial\" target=\"_blank\" rel=\"noreferrer noopener\">se inscreva em nossa lista de e-mails<\/a> para receber em primeira m\u00e3o as novidades do Blog Industrial da Nomus.<\/p>\n\n\n\n<div class=\"text-center\"><a href=\"https:\/\/material.nomus.com.br\/ferramentas-de-gestao\" class=\"bannergerado\" target=\"_blank\"><img decoding=\"async\" id=\"BannerManual\" data-src=\"https:\/\/www.nomus.com.br\/blog-industrial\/wp-content\/uploads\/2020\/07\/guia-das-ferramentas-de-gestao.jpg\" class=\"size-full bannerpadrao lazyload\" alt=\"Ferramentas de gest\u00e3o\" src=\"data:image\/svg+xml;base64,PHN2ZyB3aWR0aD0iMSIgaGVpZ2h0PSIxIiB4bWxucz0iaHR0cDovL3d3dy53My5vcmcvMjAwMC9zdmciPjwvc3ZnPg==\" style=\"--smush-placeholder-width: 650px; --smush-placeholder-aspect-ratio: 650\/260;\"><\/a><\/div>\n","protected":false},"excerpt":{"rendered":"<p>A conscientiza\u00e7\u00e3o civil em torno da prote\u00e7\u00e3o de dados tem crescido cada vez mais nos \u00faltimos anos. E, como consequ\u00eancia disso, a legisla\u00e7\u00e3o tem se desenvolvido de maneira a acompanhar essa preocupa\u00e7\u00e3o social. Nesse contexto, a LGPD ou Lei Geral de Prote\u00e7\u00e3o de Dados foi aprovada em 2018, visando proteger os dados pessoais de pessoas [&hellip;]<\/p>\n","protected":false},"author":6,"featured_media":15126,"comment_status":"open","ping_status":"closed","sticky":false,"template":"","format":"standard","meta":{"_acf_changed":false,"footnotes":""},"categories":[3],"tags":[48,49],"class_list":["post-15115","post","type-post","status-publish","format-standard","has-post-thumbnail","hentry","category-processos-e-organizacao","tag-artigo","tag-video"],"acf":[],"yoast_head":"\n<title>LGPD: o que \u00e9 e atua\u00e7\u00e3o do profissional da \u00e1rea<\/title>\n<meta name=\"description\" content=\"Chamamos o especialista Regis Silveira, consultor de implementa\u00e7\u00e3o e adequa\u00e7\u00e3o \u00e0 LGPD para nos contar um pouco mais sobre esse assunto.\" \/>\n<meta name=\"robots\" content=\"index, follow, max-snippet:-1, max-image-preview:large, max-video-preview:-1\" \/>\n<link rel=\"canonical\" href=\"https:\/\/www.nomus.com.br\/blog-industrial\/lgpd-definicao-e-adequacao\/\" \/>\n<meta property=\"og:locale\" content=\"pt_BR\" \/>\n<meta property=\"og:type\" content=\"article\" \/>\n<meta property=\"og:title\" content=\"LGPD: o que \u00e9 e atua\u00e7\u00e3o do profissional da \u00e1rea\" \/>\n<meta property=\"og:description\" content=\"Chamamos o especialista Regis Silveira, consultor de implementa\u00e7\u00e3o e adequa\u00e7\u00e3o \u00e0 LGPD para nos contar um pouco mais sobre esse assunto.\" \/>\n<meta property=\"og:url\" content=\"https:\/\/www.nomus.com.br\/blog-industrial\/lgpd-definicao-e-adequacao\/\" \/>\n<meta property=\"og:site_name\" content=\"Blog Industrial Nomus\" \/>\n<meta property=\"article:publisher\" content=\"https:\/\/www.facebook.com\/nomussoftwares\" \/>\n<meta property=\"article:published_time\" content=\"2022-04-26T09:23:00+00:00\" \/>\n<meta property=\"article:modified_time\" content=\"2026-02-19T15:13:54+00:00\" \/>\n<meta property=\"og:image\" content=\"https:\/\/www.nomus.com.br\/blog-industrial\/wp-content\/uploads\/2022\/04\/thumb-blog.jpg\" \/>\n\t<meta property=\"og:image:width\" content=\"620\" \/>\n\t<meta property=\"og:image:height\" content=\"405\" \/>\n\t<meta property=\"og:image:type\" content=\"image\/jpeg\" \/>\n<meta name=\"author\" content=\"Thiago Le\u00e3o\" \/>\n<meta name=\"twitter:card\" content=\"summary_large_image\" \/>\n<meta name=\"twitter:image\" content=\"https:\/\/www.nomus.com.br\/blog-industrial\/wp-content\/uploads\/2022\/04\/thumb-blog.jpg\" \/>\n<meta name=\"twitter:creator\" content=\"@nomusindustrial\" \/>\n<meta name=\"twitter:site\" content=\"@nomusindustrial\" \/>\n<meta name=\"twitter:label1\" content=\"Escrito por\" \/>\n\t<meta name=\"twitter:data1\" content=\"Thiago Le\u00e3o\" \/>\n\t<meta name=\"twitter:label2\" content=\"Est. tempo de leitura\" \/>\n\t<meta name=\"twitter:data2\" content=\"10 minutos\" \/>\n<script type=\"application\/ld+json\" class=\"yoast-schema-graph\">{\"@context\":\"https:\/\/schema.org\",\"@graph\":[{\"@type\":\"Article\",\"@id\":\"https:\/\/www.nomus.com.br\/blog-industrial\/lgpd-definicao-e-adequacao\/#article\",\"isPartOf\":{\"@id\":\"https:\/\/www.nomus.com.br\/blog-industrial\/lgpd-definicao-e-adequacao\/\"},\"author\":{\"name\":\"Thiago Le\u00e3o\",\"@id\":\"https:\/\/www.nomus.com.br\/blog-industrial\/#\/schema\/person\/115b0bd96126ef22c8d296ae68ecf70c\"},\"headline\":\"LGPD: o que \u00e9 e como preparar sua ind\u00fastria\",\"datePublished\":\"2022-04-26T09:23:00+00:00\",\"dateModified\":\"2026-02-19T15:13:54+00:00\",\"mainEntityOfPage\":{\"@id\":\"https:\/\/www.nomus.com.br\/blog-industrial\/lgpd-definicao-e-adequacao\/\"},\"wordCount\":1770,\"commentCount\":0,\"image\":{\"@id\":\"https:\/\/www.nomus.com.br\/blog-industrial\/lgpd-definicao-e-adequacao\/#primaryimage\"},\"thumbnailUrl\":\"https:\/\/www.nomus.com.br\/blog-industrial\/wp-content\/uploads\/2022\/04\/thumb-blog.jpg\",\"keywords\":[\"artigo\",\"video\"],\"articleSection\":[\"Processos e Organiza\u00e7\u00e3o\"],\"inLanguage\":\"pt-BR\",\"potentialAction\":[{\"@type\":\"CommentAction\",\"name\":\"Comment\",\"target\":[\"https:\/\/www.nomus.com.br\/blog-industrial\/lgpd-definicao-e-adequacao\/#respond\"]}]},{\"@type\":\"WebPage\",\"@id\":\"https:\/\/www.nomus.com.br\/blog-industrial\/lgpd-definicao-e-adequacao\/\",\"url\":\"https:\/\/www.nomus.com.br\/blog-industrial\/lgpd-definicao-e-adequacao\/\",\"name\":\"LGPD: o que \u00e9 e atua\u00e7\u00e3o do profissional da \u00e1rea\",\"isPartOf\":{\"@id\":\"https:\/\/www.nomus.com.br\/blog-industrial\/#website\"},\"primaryImageOfPage\":{\"@id\":\"https:\/\/www.nomus.com.br\/blog-industrial\/lgpd-definicao-e-adequacao\/#primaryimage\"},\"image\":{\"@id\":\"https:\/\/www.nomus.com.br\/blog-industrial\/lgpd-definicao-e-adequacao\/#primaryimage\"},\"thumbnailUrl\":\"https:\/\/www.nomus.com.br\/blog-industrial\/wp-content\/uploads\/2022\/04\/thumb-blog.jpg\",\"datePublished\":\"2022-04-26T09:23:00+00:00\",\"dateModified\":\"2026-02-19T15:13:54+00:00\",\"author\":{\"@id\":\"https:\/\/www.nomus.com.br\/blog-industrial\/#\/schema\/person\/115b0bd96126ef22c8d296ae68ecf70c\"},\"description\":\"Chamamos o especialista Regis Silveira, consultor de implementa\u00e7\u00e3o e adequa\u00e7\u00e3o \u00e0 LGPD para nos contar um pouco mais sobre esse assunto.\",\"breadcrumb\":{\"@id\":\"https:\/\/www.nomus.com.br\/blog-industrial\/lgpd-definicao-e-adequacao\/#breadcrumb\"},\"inLanguage\":\"pt-BR\",\"potentialAction\":[{\"@type\":\"ReadAction\",\"target\":[\"https:\/\/www.nomus.com.br\/blog-industrial\/lgpd-definicao-e-adequacao\/\"]}]},{\"@type\":\"ImageObject\",\"inLanguage\":\"pt-BR\",\"@id\":\"https:\/\/www.nomus.com.br\/blog-industrial\/lgpd-definicao-e-adequacao\/#primaryimage\",\"url\":\"https:\/\/www.nomus.com.br\/blog-industrial\/wp-content\/uploads\/2022\/04\/thumb-blog.jpg\",\"contentUrl\":\"https:\/\/www.nomus.com.br\/blog-industrial\/wp-content\/uploads\/2022\/04\/thumb-blog.jpg\",\"width\":620,\"height\":405},{\"@type\":\"BreadcrumbList\",\"@id\":\"https:\/\/www.nomus.com.br\/blog-industrial\/lgpd-definicao-e-adequacao\/#breadcrumb\",\"itemListElement\":[{\"@type\":\"ListItem\",\"position\":1,\"name\":\"Blog Industrial Nomus\",\"item\":\"https:\/\/www.nomus.com.br\/blog-industrial\/\"},{\"@type\":\"ListItem\",\"position\":2,\"name\":\"Processos e Organiza\u00e7\u00e3o\",\"item\":\"https:\/\/www.nomus.com.br\/blog-industrial\/category\/processos-e-organizacao\/\"},{\"@type\":\"ListItem\",\"position\":3,\"name\":\"LGPD: o que \u00e9 e como preparar sua ind\u00fastria\"}]},{\"@type\":\"WebSite\",\"@id\":\"https:\/\/www.nomus.com.br\/blog-industrial\/#website\",\"url\":\"https:\/\/www.nomus.com.br\/blog-industrial\/\",\"name\":\"Blog Industrial Nomus\",\"description\":\"Artigos, planilhas, ebooks e ferramentas de engenharia de produ\u00e7\u00e3o e para aumentar o lucro da sua f\u00e1brica\",\"potentialAction\":[{\"@type\":\"SearchAction\",\"target\":{\"@type\":\"EntryPoint\",\"urlTemplate\":\"https:\/\/www.nomus.com.br\/blog-industrial\/?s={search_term_string}\"},\"query-input\":{\"@type\":\"PropertyValueSpecification\",\"valueRequired\":true,\"valueName\":\"search_term_string\"}}],\"inLanguage\":\"pt-BR\"},{\"@type\":\"Person\",\"@id\":\"https:\/\/www.nomus.com.br\/blog-industrial\/#\/schema\/person\/115b0bd96126ef22c8d296ae68ecf70c\",\"name\":\"Thiago Le\u00e3o\",\"image\":{\"@type\":\"ImageObject\",\"inLanguage\":\"pt-BR\",\"@id\":\"https:\/\/www.nomus.com.br\/blog-industrial\/#\/schema\/person\/image\/\",\"url\":\"https:\/\/www.nomus.com.br\/blog-industrial\/wp-content\/uploads\/2025\/04\/cropped-1741898334313-96x96.jpg\",\"contentUrl\":\"https:\/\/www.nomus.com.br\/blog-industrial\/wp-content\/uploads\/2025\/04\/cropped-1741898334313-96x96.jpg\",\"caption\":\"Thiago Le\u00e3o\"},\"description\":\"Engenheiro Mec\u00e2nico Industrial formado na UERJ, S\u00f3cio e diretor comercial da Nomus. Thiago j\u00e1 atuou em f\u00e1bricas de diversos setores, como: Embarca\u00e7\u00f5es, perfura\u00e7\u00e3o submarina, metal mec\u00e2nica, materiais de escrit\u00f3rio, aliment\u00edcio, cosm\u00e9ticos e tubula\u00e7\u00e3o.\",\"sameAs\":[\"https:\/\/www.linkedin.com\/in\/engthiagoleao\/\"],\"url\":\"https:\/\/www.nomus.com.br\/blog-industrial\/author\/thiagoleao\/\"}]}<\/script>\n","yoast_head_json":{"title":"LGPD: o que \u00e9 e atua\u00e7\u00e3o do profissional da \u00e1rea","description":"Chamamos o especialista Regis Silveira, consultor de implementa\u00e7\u00e3o e adequa\u00e7\u00e3o \u00e0 LGPD para nos contar um pouco mais sobre esse assunto.","robots":{"index":"index","follow":"follow","max-snippet":"max-snippet:-1","max-image-preview":"max-image-preview:large","max-video-preview":"max-video-preview:-1"},"canonical":"https:\/\/www.nomus.com.br\/blog-industrial\/lgpd-definicao-e-adequacao\/","og_locale":"pt_BR","og_type":"article","og_title":"LGPD: o que \u00e9 e atua\u00e7\u00e3o do profissional da \u00e1rea","og_description":"Chamamos o especialista Regis Silveira, consultor de implementa\u00e7\u00e3o e adequa\u00e7\u00e3o \u00e0 LGPD para nos contar um pouco mais sobre esse assunto.","og_url":"https:\/\/www.nomus.com.br\/blog-industrial\/lgpd-definicao-e-adequacao\/","og_site_name":"Blog Industrial Nomus","article_publisher":"https:\/\/www.facebook.com\/nomussoftwares","article_published_time":"2022-04-26T09:23:00+00:00","article_modified_time":"2026-02-19T15:13:54+00:00","og_image":[{"width":620,"height":405,"url":"https:\/\/www.nomus.com.br\/blog-industrial\/wp-content\/uploads\/2022\/04\/thumb-blog.jpg","type":"image\/jpeg"}],"author":"Thiago Le\u00e3o","twitter_card":"summary_large_image","twitter_image":"https:\/\/www.nomus.com.br\/blog-industrial\/wp-content\/uploads\/2022\/04\/thumb-blog.jpg","twitter_creator":"@nomusindustrial","twitter_site":"@nomusindustrial","twitter_misc":{"Escrito por":"Thiago Le\u00e3o","Est. tempo de leitura":"10 minutos"},"schema":{"@context":"https:\/\/schema.org","@graph":[{"@type":"Article","@id":"https:\/\/www.nomus.com.br\/blog-industrial\/lgpd-definicao-e-adequacao\/#article","isPartOf":{"@id":"https:\/\/www.nomus.com.br\/blog-industrial\/lgpd-definicao-e-adequacao\/"},"author":{"name":"Thiago Le\u00e3o","@id":"https:\/\/www.nomus.com.br\/blog-industrial\/#\/schema\/person\/115b0bd96126ef22c8d296ae68ecf70c"},"headline":"LGPD: o que \u00e9 e como preparar sua ind\u00fastria","datePublished":"2022-04-26T09:23:00+00:00","dateModified":"2026-02-19T15:13:54+00:00","mainEntityOfPage":{"@id":"https:\/\/www.nomus.com.br\/blog-industrial\/lgpd-definicao-e-adequacao\/"},"wordCount":1770,"commentCount":0,"image":{"@id":"https:\/\/www.nomus.com.br\/blog-industrial\/lgpd-definicao-e-adequacao\/#primaryimage"},"thumbnailUrl":"https:\/\/www.nomus.com.br\/blog-industrial\/wp-content\/uploads\/2022\/04\/thumb-blog.jpg","keywords":["artigo","video"],"articleSection":["Processos e Organiza\u00e7\u00e3o"],"inLanguage":"pt-BR","potentialAction":[{"@type":"CommentAction","name":"Comment","target":["https:\/\/www.nomus.com.br\/blog-industrial\/lgpd-definicao-e-adequacao\/#respond"]}]},{"@type":"WebPage","@id":"https:\/\/www.nomus.com.br\/blog-industrial\/lgpd-definicao-e-adequacao\/","url":"https:\/\/www.nomus.com.br\/blog-industrial\/lgpd-definicao-e-adequacao\/","name":"LGPD: o que \u00e9 e atua\u00e7\u00e3o do profissional da \u00e1rea","isPartOf":{"@id":"https:\/\/www.nomus.com.br\/blog-industrial\/#website"},"primaryImageOfPage":{"@id":"https:\/\/www.nomus.com.br\/blog-industrial\/lgpd-definicao-e-adequacao\/#primaryimage"},"image":{"@id":"https:\/\/www.nomus.com.br\/blog-industrial\/lgpd-definicao-e-adequacao\/#primaryimage"},"thumbnailUrl":"https:\/\/www.nomus.com.br\/blog-industrial\/wp-content\/uploads\/2022\/04\/thumb-blog.jpg","datePublished":"2022-04-26T09:23:00+00:00","dateModified":"2026-02-19T15:13:54+00:00","author":{"@id":"https:\/\/www.nomus.com.br\/blog-industrial\/#\/schema\/person\/115b0bd96126ef22c8d296ae68ecf70c"},"description":"Chamamos o especialista Regis Silveira, consultor de implementa\u00e7\u00e3o e adequa\u00e7\u00e3o \u00e0 LGPD para nos contar um pouco mais sobre esse assunto.","breadcrumb":{"@id":"https:\/\/www.nomus.com.br\/blog-industrial\/lgpd-definicao-e-adequacao\/#breadcrumb"},"inLanguage":"pt-BR","potentialAction":[{"@type":"ReadAction","target":["https:\/\/www.nomus.com.br\/blog-industrial\/lgpd-definicao-e-adequacao\/"]}]},{"@type":"ImageObject","inLanguage":"pt-BR","@id":"https:\/\/www.nomus.com.br\/blog-industrial\/lgpd-definicao-e-adequacao\/#primaryimage","url":"https:\/\/www.nomus.com.br\/blog-industrial\/wp-content\/uploads\/2022\/04\/thumb-blog.jpg","contentUrl":"https:\/\/www.nomus.com.br\/blog-industrial\/wp-content\/uploads\/2022\/04\/thumb-blog.jpg","width":620,"height":405},{"@type":"BreadcrumbList","@id":"https:\/\/www.nomus.com.br\/blog-industrial\/lgpd-definicao-e-adequacao\/#breadcrumb","itemListElement":[{"@type":"ListItem","position":1,"name":"Blog Industrial Nomus","item":"https:\/\/www.nomus.com.br\/blog-industrial\/"},{"@type":"ListItem","position":2,"name":"Processos e Organiza\u00e7\u00e3o","item":"https:\/\/www.nomus.com.br\/blog-industrial\/category\/processos-e-organizacao\/"},{"@type":"ListItem","position":3,"name":"LGPD: o que \u00e9 e como preparar sua ind\u00fastria"}]},{"@type":"WebSite","@id":"https:\/\/www.nomus.com.br\/blog-industrial\/#website","url":"https:\/\/www.nomus.com.br\/blog-industrial\/","name":"Blog Industrial Nomus","description":"Artigos, planilhas, ebooks e ferramentas de engenharia de produ\u00e7\u00e3o e para aumentar o lucro da sua f\u00e1brica","potentialAction":[{"@type":"SearchAction","target":{"@type":"EntryPoint","urlTemplate":"https:\/\/www.nomus.com.br\/blog-industrial\/?s={search_term_string}"},"query-input":{"@type":"PropertyValueSpecification","valueRequired":true,"valueName":"search_term_string"}}],"inLanguage":"pt-BR"},{"@type":"Person","@id":"https:\/\/www.nomus.com.br\/blog-industrial\/#\/schema\/person\/115b0bd96126ef22c8d296ae68ecf70c","name":"Thiago Le\u00e3o","image":{"@type":"ImageObject","inLanguage":"pt-BR","@id":"https:\/\/www.nomus.com.br\/blog-industrial\/#\/schema\/person\/image\/","url":"https:\/\/www.nomus.com.br\/blog-industrial\/wp-content\/uploads\/2025\/04\/cropped-1741898334313-96x96.jpg","contentUrl":"https:\/\/www.nomus.com.br\/blog-industrial\/wp-content\/uploads\/2025\/04\/cropped-1741898334313-96x96.jpg","caption":"Thiago Le\u00e3o"},"description":"Engenheiro Mec\u00e2nico Industrial formado na UERJ, S\u00f3cio e diretor comercial da Nomus. Thiago j\u00e1 atuou em f\u00e1bricas de diversos setores, como: Embarca\u00e7\u00f5es, perfura\u00e7\u00e3o submarina, metal mec\u00e2nica, materiais de escrit\u00f3rio, aliment\u00edcio, cosm\u00e9ticos e tubula\u00e7\u00e3o.","sameAs":["https:\/\/www.linkedin.com\/in\/engthiagoleao\/"],"url":"https:\/\/www.nomus.com.br\/blog-industrial\/author\/thiagoleao\/"}]}},"_links":{"self":[{"href":"https:\/\/www.nomus.com.br\/blog-industrial\/wp-json\/wp\/v2\/posts\/15115","targetHints":{"allow":["GET"]}}],"collection":[{"href":"https:\/\/www.nomus.com.br\/blog-industrial\/wp-json\/wp\/v2\/posts"}],"about":[{"href":"https:\/\/www.nomus.com.br\/blog-industrial\/wp-json\/wp\/v2\/types\/post"}],"author":[{"embeddable":true,"href":"https:\/\/www.nomus.com.br\/blog-industrial\/wp-json\/wp\/v2\/users\/6"}],"replies":[{"embeddable":true,"href":"https:\/\/www.nomus.com.br\/blog-industrial\/wp-json\/wp\/v2\/comments?post=15115"}],"version-history":[{"count":17,"href":"https:\/\/www.nomus.com.br\/blog-industrial\/wp-json\/wp\/v2\/posts\/15115\/revisions"}],"predecessor-version":[{"id":30443,"href":"https:\/\/www.nomus.com.br\/blog-industrial\/wp-json\/wp\/v2\/posts\/15115\/revisions\/30443"}],"wp:featuredmedia":[{"embeddable":true,"href":"https:\/\/www.nomus.com.br\/blog-industrial\/wp-json\/wp\/v2\/media\/15126"}],"wp:attachment":[{"href":"https:\/\/www.nomus.com.br\/blog-industrial\/wp-json\/wp\/v2\/media?parent=15115"}],"wp:term":[{"taxonomy":"category","embeddable":true,"href":"https:\/\/www.nomus.com.br\/blog-industrial\/wp-json\/wp\/v2\/categories?post=15115"},{"taxonomy":"post_tag","embeddable":true,"href":"https:\/\/www.nomus.com.br\/blog-industrial\/wp-json\/wp\/v2\/tags?post=15115"}],"curies":[{"name":"wp","href":"https:\/\/api.w.org\/{rel}","templated":true}]}}