{"id":11023,"date":"2020-09-09T07:05:00","date_gmt":"2020-09-09T10:05:00","guid":{"rendered":"https:\/\/www.nomus.com.br\/blog-industrial\/?p=11023"},"modified":"2026-02-19T07:44:15","modified_gmt":"2026-02-19T10:44:15","slug":"escala-de-trabalho","status":"publish","type":"post","link":"https:\/\/www.nomus.com.br\/blog-industrial\/escala-de-trabalho\/","title":{"rendered":"Escala de trabalho: o que \u00e9, tipos e como calcular a sua planilha"},"content":{"rendered":"\n<div class=\"text-center\"><a href=\"http:\/\/material.nomus.com.br\/guia-motivacao\" target=\"_blank\" class=\"bannergerado\"><img decoding=\"async\" id=\"BannerManual\" data-src=\"https:\/\/www.nomus.com.br\/blog-industrial\/wp-content\/uploads\/2020\/10\/guia-motivacao.jpg\" border=\"0\" alt=\"Guia\" class=\"size-full bannerpadrao lazyload\" src=\"data:image\/svg+xml;base64,PHN2ZyB3aWR0aD0iMSIgaGVpZ2h0PSIxIiB4bWxucz0iaHR0cDovL3d3dy53My5vcmcvMjAwMC9zdmciPjwvc3ZnPg==\" style=\"--smush-placeholder-width: 650px; --smush-placeholder-aspect-ratio: 650\/260;\" \/><\/a><\/div>\n\n\n\n<p><strong>Escala de trabalho <\/strong>\u00e9 uma ferramenta fundamental para o bom funcionamento da rotina de uma empresa. Ela estrutura a jornada de trabalho dos colaboradores, configurando dias e hor\u00e1rios de expediente que supram as necessidades da empresa.<\/p>\n\n\n\n<p>O seu principal objetivo \u00e9 ter colaboradores dispon\u00edveis para realizar os trabalhos necess\u00e1rios em todos os dias e hor\u00e1rios de funcionamento da empresa, principalmente durante per\u00edodos de muita demanda.<\/p>\n\n\n\n<p>Existem diferentes tipos de escala de trabalho, que seguem regras correspondentes, regidas pela <a href=\"https:\/\/www2.senado.leg.br\/bdsf\/bitstream\/handle\/id\/535468\/clt_e_normas_correlatas_1ed.pdf\" target=\"_blank\" rel=\"noreferrer noopener\">CLT<\/a> (Consolida\u00e7\u00e3o das Leis de Trabalho).<\/p>\n\n\n\n<p>\u00c9 importante que cada empresa escolha uma escala de trabalho que esteja sempre de acordo com as necessidades e objetivos da empresa e seja capaz de aproveitar da melhor forma poss\u00edvel o tempo e as habilidades de seus colaboradores, gerando satisfa\u00e7\u00e3o e <a href=\"https:\/\/www.nomus.com.br\/blog-industrial\/motivacao-no-trabalho\/\">motiva\u00e7\u00e3o<\/a> nestes \u2013 implica a flexibilidade das jornadas de trabalho e evita a montagem de jornadas extensas e sem intervalos correspondentes.<\/p>\n\n\n\n<p>Al\u00e9m disso, encaixar na rotina da empresa formas de enriquecer o capital humano, como a capacita\u00e7\u00e3o dos colaboradores atrav\u00e9s de cursos e semin\u00e1rios, por exemplo, \u00e9 essencial e deve ser considerado na forma\u00e7\u00e3o das escalas de trabalho.<\/p>\n\n\n\n<p>Neste artigo, veremos melhor como funciona a escala de trabalho, quais s\u00e3o os tipos e como calcular e montar uma planilha de escala para sua empresa. Vamos l\u00e1!<\/p>\n\n\n<div class=\"wp-block-image\">\n<figure class=\"aligncenter size-large\"><a href=\"https:\/\/www.nomus.com.br\/blog-industrial\/wp-content\/uploads\/2020\/09\/escala-de-trabalho.jpg\" rel=\"lightbox[11023]\"><img decoding=\"async\" width=\"620\" height=\"405\" data-src=\"https:\/\/www.nomus.com.br\/blog-industrial\/wp-content\/uploads\/2020\/09\/escala-de-trabalho.jpg\" alt=\"\" class=\"wp-image-11032 lazyload\" data-srcset=\"https:\/\/www.nomus.com.br\/blog-industrial\/wp-content\/uploads\/2020\/09\/escala-de-trabalho.jpg 620w, https:\/\/www.nomus.com.br\/blog-industrial\/wp-content\/uploads\/2020\/09\/escala-de-trabalho-345x225.jpg 345w\" data-sizes=\"(max-width: 620px) 100vw, 620px\" src=\"data:image\/svg+xml;base64,PHN2ZyB3aWR0aD0iMSIgaGVpZ2h0PSIxIiB4bWxucz0iaHR0cDovL3d3dy53My5vcmcvMjAwMC9zdmciPjwvc3ZnPg==\" style=\"--smush-placeholder-width: 620px; --smush-placeholder-aspect-ratio: 620\/405;\" \/><\/a><\/figure>\n<\/div>\n\n\n<h2 class=\"wp-block-heading\">Por que usar escalas de trabalho?<\/h2>\n\n\n\n<p>As escalas de trabalho seguem as regras da CLT, como foi dito anteriormente, e, de acordo com ela, a jornada de trabalho m\u00e1xima \u00e9 de 8 horas di\u00e1rias e 44 horas semanais.<\/p>\n\n\n\n<p>Todas as empresas possuem algum tipo de escala de trabalho, inclusive se a sua empresa possuir um \u00fanico expediente de 08:00 \u00e0s 17:00, isso \u00e9 uma escala, mesmo que seja \u00fanica para toda a empresa.<\/p>\n\n\n\n<p>A coisa come\u00e7a a ficar complicada quando a empresa precisa funcionar durante longos per\u00edodos. Por exemplo, existem empresas 24 horas ou ainda empresas que funcionam todos os dias, sem exce\u00e7\u00e3o.<\/p>\n\n\n\n<p>Existem tamb\u00e9m empresas que possuem uma alta demanda em determinada \u00e9poca do dia, do m\u00eas ou do ano e precisam de mais funcion\u00e1rios dispon\u00edveis nestes per\u00edodos.<\/p>\n\n\n\n<p>Nesses casos \u00e9 preciso definir uma escala de trabalho para dividir os colaboradores da sua empresa para que cubram todo o per\u00edodo necess\u00e1rio.<\/p>\n\n\n\n<p>Essa escala define os dias trabalhados, as folgas e os intervalos dos colaboradores, sem que o fluxo das atividades seja prejudicado. Ela pode ser montada pelo setor de RH ou pelos pr\u00f3prios gestores da empresa e, ainda, \u00e9 poss\u00edvel montar escalas apenas para determinados per\u00edodos.<\/p>\n\n\n\n<p>Com isso, \u00e9 preciso que a <a href=\"https:\/\/www.nomus.com.br\/blog-industrial\/processos-de-gestao-de-pessoas\/\">gest\u00e3o de pessoas<\/a> esteja sempre atenta \u00e0s necessidades da empresa e dos colaboradores, para que nenhuma das partes seja prejudicada, tanto em seus resultados quanto aos seus direitos.<\/p>\n\n\n\n<p>Para que essa gest\u00e3o n\u00e3o fique sobrecarregada com o controle de todos os colaboradores e com suas demais tarefas, ferramentas como <a href=\"https:\/\/www.nomus.com.br\/blog-industrial\/erp\/\">ERPs integrados<\/a> e sistemas de folhas de ponto e de pagamento se destacam para a automa\u00e7\u00e3o de determinadas fun\u00e7\u00f5es.<\/p>\n\n\n\n<p>Ao escolher a escala de trabalho a ser implementada, o ideal \u00e9 conversar com o seu <a href=\"https:\/\/www.nomus.com.br\/blog-industrial\/contador\/\">contador<\/a> para garantir que ela esteja coberta pelas <a href=\"https:\/\/www.nomus.com.br\/blog-industrial\/leis-trabalhistas-que-toda-industria-precisa-conhecer\/\">leis trabalhistas<\/a>.<\/p>\n\n\n\n<h3 class=\"wp-block-heading\">Escala de trabalho X Jornada de trabalho<\/h3>\n\n\n\n<p>Ao contr\u00e1rio do que pode parecer, escala e jornada de trabalho s\u00e3o coisas diferentes, por\u00e9m andam juntas.<\/p>\n\n\n\n<p>Jornada de trabalho s\u00e3o as horas trabalhadas em um dia, j\u00e1 a escala de trabalho abrange a jornada trabalhada no per\u00edodo de uma semana, assim como os intervalos de descanso e as folgas dos colaboradores.<\/p>\n\n\n<div class=\"wp-block-image\">\n<figure class=\"aligncenter size-full\"><a href=\"https:\/\/www.nomus.com.br\/blog-industrial\/wp-content\/uploads\/2022\/10\/EXEMPLO-DE-JORNADA-E-DE-ESCALA-DE-TRABALHO.png\" rel=\"lightbox[11023]\"><img decoding=\"async\" width=\"1200\" height=\"675\" data-src=\"https:\/\/www.nomus.com.br\/blog-industrial\/wp-content\/uploads\/2022\/10\/EXEMPLO-DE-JORNADA-E-DE-ESCALA-DE-TRABALHO.png\" alt=\"\" class=\"wp-image-16907 lazyload\" src=\"data:image\/svg+xml;base64,PHN2ZyB3aWR0aD0iMSIgaGVpZ2h0PSIxIiB4bWxucz0iaHR0cDovL3d3dy53My5vcmcvMjAwMC9zdmciPjwvc3ZnPg==\" style=\"--smush-placeholder-width: 1200px; --smush-placeholder-aspect-ratio: 1200\/675;\" \/><\/a><\/figure>\n<\/div>\n\n\n<p>Veja a seguir os principais tipos de escala de trabalho.<\/p>\n\n\n\n<h2 class=\"wp-block-heading\">Tipos de escala de trabalho<\/h2>\n\n\n\n<p>Existem seis tipos de escala de trabalho mais comuns utilizadas nas empresas e departamentos do governo.<\/p>\n\n\n\n<p>Entretanto, estude bem o formato que ir\u00e1 escolher, j\u00e1 que alguns precisam de acordo pr\u00e9vio para serem aceitos.<\/p>\n\n\n\n<p>Vamos a lista:<\/p>\n\n\n\n<h3 class=\"wp-block-heading\">Escalas de dias<\/h3>\n\n\n\n<ul class=\"wp-block-list\">\n<li><strong>Escala 5X1:<\/strong>&nbsp;<\/li>\n<\/ul>\n\n\n\n<p>Neste formato o colaborador trabalha 5 dias e recebe um de folga, sem que essa folga se configure em um dia fixo. \u00c9 importante frisar que ele precisa sempre ter, no m\u00ednimo, um domingo dispon\u00edvel no m\u00eas, de acordo com o <a href=\"https:\/\/www.normaslegais.com.br\/legislacao\/Portaria-mtps-417-1966.htm#:~:text=semanal%20de%20repouso.-,Art.,o%20estrito%20cumprimento%20do%20art.\" target=\"_blank\" rel=\"noreferrer noopener\">Art. 2\u00ba da Portaria 417 do TEM<\/a>.<\/p>\n\n\n\n<p>Essa escala \u00e9 rotativa, por isso \u00e9 poss\u00edvel que mais de uma pessoa tenha a mesma fun\u00e7\u00e3o, por\u00e9m em turnos diferentes. Com isso, o posto nunca ficar\u00e1 paralisado. Um exemplo simples seria a fun\u00e7\u00e3o de seguran\u00e7a ou a de porteiro de f\u00e1bricas ou empresas.<\/p>\n\n\n\n<p>No caso desta escala, a jornada de trabalho di\u00e1ria m\u00e1xima \u00e9 de 7 horas e 20 minutos, cumprindo o m\u00e1ximo de 44 horas semanais, ditado pela CLT<\/p>\n\n\n\n<ul class=\"wp-block-list\">\n<li><strong>Escala 5X2:&nbsp;<\/strong><\/li>\n<\/ul>\n\n\n\n<p>Seguindo a l\u00f3gica da anterior, nessa escala o colaborador trabalha durante 5 dias e folga 2. Normalmente \u00e9 o que acontece em escrit\u00f3rios, onde a equipe trabalha de segunda a sexta e folga nos finais de semana. Por\u00e9m, os dias de folga n\u00e3o precisam ser consecutivos, necessariamente.<\/p>\n\n\n\n<p>A jornada de trabalho di\u00e1ria m\u00e1xima nessa escala \u00e9 de 8 horas e 48 minutos e, caso os colaboradores trabalhem aos s\u00e1bados, domingos e feriados, esses dias devem ser trabalhados em dobro, ou compensados em banco de horas e\/ou folgas.<\/p>\n\n\n\n<ul class=\"wp-block-list\">\n<li><strong>Escala 6X1:<\/strong><\/li>\n<\/ul>\n\n\n\n<p>Esse modelo \u00e9 comum em ind\u00fastrias e no com\u00e9rcio, onde o colaborador trabalha 6 dias na semana e folga 1. Lembrando que \u00e9 preciso garantir pelo menos 1 domingo de descanso no m\u00eas.&nbsp;<\/p>\n\n\n\n<p>As jornadas de trabalho mais recorrentes nessa escala s\u00e3o de 7 horas e 20 minutos por dia, de segunda a s\u00e1bado ou 8 horas di\u00e1rias, de segunda a sexta, mais 4 horas no s\u00e1bado.<\/p>\n\n\n\n<h3 class=\"wp-block-heading\">Escala de horas<\/h3>\n\n\n\n<ul class=\"wp-block-list\">\n<li><strong>Escala 12X36:<\/strong><\/li>\n<\/ul>\n\n\n\n<p>Este modelo \u00e9 utilizado em algumas ind\u00fastrias e setores onde o trabalho n\u00e3o pode ser paralisado e nele o colaborador trabalha por 12 horas e recebe 36 horas de descanso.<\/p>\n\n\n\n<p>Com a reforma trabalhista de 2017, essa escala passou a ser amparada pelas leis trabalhistas. Anteriormente ela s\u00f3 era articulada por meio de acordos<\/p>\n\n\n\n<ul class=\"wp-block-list\">\n<li><strong>Escala 18X36:<\/strong><\/li>\n<\/ul>\n\n\n\n<p>Seguindo a l\u00f3gica das escalas por horas, essa o colaborador fica no trabalho por 18 horas e folga 36.<\/p>\n\n\n\n<ul class=\"wp-block-list\">\n<li><strong>Escala 24X48:<\/strong><\/li>\n<\/ul>\n\n\n\n<p>Por fim, vem a escala de 24\u00d748, que normalmente \u00e9 usada nos setores de sa\u00fade, policial, ped\u00e1gio etc.<\/p>\n\n\n\n<p>Tanto essa escala quanto a anterior necessitam de um acordo coletivo das empresas com o colaborador e seu sindicato.&nbsp;&nbsp;<\/p>\n\n\n\n<h2 class=\"wp-block-heading\">Intervalos<\/h2>\n\n\n\n<p>Cada jornada de trabalho exige um intervalo de descanso correspondente. A partir da reforma trabalhista de 2017, os intervalos intrajornada passaram a ser:<\/p>\n\n\n\n<ul class=\"wp-block-list\">\n<li>Em jornadas de trabalho de meio per\u00edodo \u2013 at\u00e9 6 horas: 15 minutos;<\/li>\n\n\n\n<li>Em jornadas de trabalho integrais \u2013 acima de 6h: no m\u00ednimo, 30 minutos e, no m\u00e1ximo, 2 horas.<\/li>\n<\/ul>\n\n\n\n<p>E, os intervalos interjornada, s\u00e3o de, no m\u00ednimo, 24 horas seguidas.<\/p>\n\n\n\n<h2 class=\"wp-block-heading\">Benef\u00edcios<\/h2>\n\n\n\n<p>Uma boa escala de trabalho pode beneficiar a empresa de diversas vantagens, sendo elas:<\/p>\n\n\n\n<h3 class=\"wp-block-heading\">Reduzir gargalos<\/h3>\n\n\n\n<p>Com uma escala bem definida, nenhuma equipe ficar\u00e1 ociosa por conta de outra equipe que ainda n\u00e3o terminou o seu trabalho.<\/p>\n\n\n\n<p>Com isso, \u00e9 poss\u00edvel reduzir ou at\u00e9 mesmo eliminar <a href=\"https:\/\/www.nomus.com.br\/blog-industrial\/gargalo-de-producao\/\">gargalos no processo produtivo<\/a>.<\/p>\n\n\n\n<p><strong>Veja tamb\u00e9m:<\/strong> <a href=\"https:\/\/www.nomus.com.br\/blog-industrial\/tipos-de-gargalos-na-producao\/\">Os 10 tipos de gargalos na produ\u00e7\u00e3o mais comuns e como elimin\u00e1-los<\/a><\/p>\n\n\n\n<h3 class=\"wp-block-heading\">Cobrir alta demanda<\/h3>\n\n\n\n<p>Em per\u00edodos em que a sua f\u00e1brica precise de mais pessoas, \u00e9 poss\u00edvel determinar escalas para cobrir a alta demanda.<\/p>\n\n\n\n<h3 class=\"wp-block-heading\">Evitar multas e processos<\/h3>\n\n\n\n<p>Com uma escala bem montada, validada pelo seu contador e acordada com a sua equipe, a empresa n\u00e3o correr\u00e1 o risco de receber multas e processos por conta dos dias e horas trabalhados.<\/p>\n\n\n\n<h2 class=\"wp-block-heading\">Dicas para montar uma boa escala de trabalho<\/h2>\n\n\n\n<p>Existem algumas dicas pr\u00e1ticas que podem ajudar voc\u00ea e a sua equipe a montar a escala de trabalho ideal para a sua empresa. Irei list\u00e1-las para facilitar e melhorar o seu trabalho. Confira:<\/p>\n\n\n\n<h3 class=\"wp-block-heading\">Pessoas respons\u00e1veis<\/h3>\n\n\n\n<p>Para garantir que a escala est\u00e1 sendo cumprida conforme o combinado, \u00e9 importante que voc\u00ea determine pessoas respons\u00e1veis por acompanhar o expediente de trabalho da equipe.<\/p>\n\n\n\n<h3 class=\"wp-block-heading\">Hor\u00e1rios \/ dias \/ meses de pico<\/h3>\n\n\n\n<p>\u00c9 importante saber quando a sua empresa ter\u00e1 a maior demanda para escalar a maior quantidade de colaboradores e assim garantir que tudo ir\u00e1 funcionar como o esperado.<\/p>\n\n\n\n<h3 class=\"wp-block-heading\">Controle de ponto<\/h3>\n\n\n\n<p>\u00c9 fundamental que a sua empresa tenha um <a href=\"https:\/\/www.pontotel.com.br\/\" target=\"_blank\" rel=\"noreferrer noopener\">controle de ponto<\/a> para atender as normas do governo, al\u00e9m de manter uma rela\u00e7\u00e3o mais transparente com os colaboradores.<\/p>\n\n\n\n<p><strong>Veja tamb\u00e9m:<\/strong> <a href=\"https:\/\/www.nomus.com.br\/blog-industrial\/melhores-sistemas-de-folha-de-ponto\/\">Os 11 melhores sistemas de folha de ponto<\/a><\/p>\n\n\n\n<p>Pensando nisso, o <a href=\"https:\/\/dot8.com.br\/ponto-digital\/\" target=\"_blank\" rel=\"noreferrer noopener\">DOT8<\/a> pode ser uma excelente solu\u00e7\u00e3o para te ajudar na gest\u00e3o de escalas de trabalho. Isso porque, a ferramenta possui in\u00fameras funcionalidades que contribuem com a gest\u00e3o da escala de trabalho dos seus colaboradores.\u00a0<\/p>\n\n\n\n<h3 class=\"wp-block-heading\">Informa\u00e7\u00f5es bem estruturadas<\/h3>\n\n\n\n<p>Por fim, de nada adianta estruturar toda uma escala de trabalho se a sua equipe n\u00e3o entender o que voc\u00ea quis dizer.<\/p>\n\n\n\n<p>Por isso, garanta que as informa\u00e7\u00f5es estejam claras, organizadas e estruturadas. Assim voc\u00ea evita confus\u00f5es e erros por falta de entendimento.<\/p>\n\n\n\n<h2 class=\"wp-block-heading\">Como montar a escala da sua f\u00e1brica<\/h2>\n\n\n\n<p>Agora vamos a um passo a passo simplificado para voc\u00ea calcular e montar a sua pr\u00f3pria escala de trabalho. Confira:<\/p>\n\n\n\n<h3 class=\"wp-block-heading\">1. Monte suas equipes<\/h3>\n\n\n\n<p>A primeira etapa \u00e9 separar os colaboradores e montar equipes de acordo com a performance de cada um. Com isso voc\u00ea ter\u00e1 uma ideia melhor de como montar as escalas.<\/p>\n\n\n\n<h3 class=\"wp-block-heading\">2. Identifique paradas futuras<\/h3>\n\n\n\n<p>\u00c9 preciso levantar informa\u00e7\u00f5es que podem prejudicar a sua escala no futuro, como f\u00e9rias, desligamentos e licen\u00e7as. Essas informa\u00e7\u00f5es, se dispon\u00edveis, devem ser consideradas.<\/p>\n\n\n\n<h3 class=\"wp-block-heading\">3. Determine o hor\u00e1rio de funcionamento<\/h3>\n\n\n\n<p>O terceiro passo \u00e9 definir qual ser\u00e1 o hor\u00e1rio de funcionamento da sua empresa no per\u00edodo da escala que est\u00e1 montando.<\/p>\n\n\n\n<h3 class=\"wp-block-heading\">4. Escala de hor\u00e1rios<\/h3>\n\n\n\n<p>Determine os colaboradores com a melhor performance para os hor\u00e1rios onde a demanda \u00e9 maior, al\u00e9m disso, coloque mais funcion\u00e1rios dispon\u00edveis nestes hor\u00e1rios.<\/p>\n\n\n\n<p>Caso a sua empresa possua muitos funcion\u00e1rios, forme equipes mesclando pessoas de alta performance com os demais funcion\u00e1rios para assim garantir uma boa m\u00e9dia para a empresa.<\/p>\n\n\n\n<h3 class=\"wp-block-heading\">5. Escala por dia<\/h3>\n\n\n\n<p>Lembre dos dias de folga dos colaboradores para escolher os dias da equipe. \u00c9 importante frisar aquela regra de pelo menos 1 domingo dispon\u00edvel para descanso no m\u00eas.<\/p>\n\n\n\n<h3 class=\"wp-block-heading\">6. Checklist da escala de trabalho<\/h3>\n\n\n\n<p>Para fechar, voc\u00ea deve revisar a sua escala de trabalho respondendo as perguntas:<\/p>\n\n\n\n<ul class=\"wp-block-list\">\n<li>A equipe est\u00e1 balanceada de acordo com a especializa\u00e7\u00e3o e desempenho?<\/li>\n\n\n\n<li>As folgas semanais, domingos e hor\u00e1rios de descanso est\u00e3o sendo respeitados?<\/li>\n\n\n\n<li>Os hor\u00e1rios e dias de maior pico est\u00e3o com a equipe ampliada?<\/li>\n\n\n\n<li>A quantidade m\u00e1xima de dias de trabalho (seis) est\u00e1 sendo respeitada?<\/li>\n\n\n\n<li>Os feriados est\u00e3o sendo considerados?<\/li>\n<\/ul>\n\n\n\n<h2 class=\"wp-block-heading\">Inscreva-se e receba mais dicas como essa<\/h2>\n\n\n\n<p>Agora voc\u00ea j\u00e1 entende melhor como funcionam as escalas de trabalho e tamb\u00e9m como colocar elas em pr\u00e1tica na sua empresa.<\/p>\n\n\n\n<p>Sendo assim, gostaria de convid\u00e1-lo(a) a se inscrever em nosso blog gratuitamente.<\/p>\n\n\n\n<p>Voc\u00ea receber\u00e1 dicas como essa semanalmente na sua caixa de email e ficar\u00e1 por dentro das boas pr\u00e1ticas da <a href=\"https:\/\/www.nomus.com.br\/blog-industrial\/gestao-industrial\/\">gest\u00e3o industrial<\/a>.<\/p>\n\n\n\n<p>Para se inscrever, basta acessar:<\/p>\n\n\n\n<ul class=\"wp-block-list\">\n<li><a href=\"https:\/\/www.nomus.com.br\/inscreva-se\">Inscri\u00e7\u00e3o do Blog Industrial Nomus<\/a><\/li>\n<\/ul>\n\n\n\n<p>Al\u00e9m disso, deixo o convite para acompanhar o blog em nossas redes sociais:<\/p>\n\n\n\n<ul class=\"wp-block-list\">\n<li><a href=\"https:\/\/www.youtube.com\/user\/nomussoftwares\">Canal no YouTube<\/a><\/li>\n\n\n\n<li><a href=\"https:\/\/www.nomus.com.br\/podcast\/\">Podcast Nomus<\/a><\/li>\n\n\n\n<li><a href=\"https:\/\/t.me\/blogindustrial\">Canal do Telegram<\/a><\/li>\n\n\n\n<li><a href=\"https:\/\/www.instagram.com\/nomusindustrial\/\">P\u00e1gina no Instagram<\/a><\/li>\n\n\n\n<li><a href=\"https:\/\/www.facebook.com\/nomussoftwares\/\">P\u00e1gina no Facebook<\/a><\/li>\n\n\n\n<li><a href=\"https:\/\/www.linkedin.com\/company\/2670515\/admin\/\">P\u00e1gina no Linkedin<\/a><\/li>\n\n\n\n<li><a href=\"https:\/\/twitter.com\/nomusindustrial\">P\u00e1gina no Twitter<\/a><\/li>\n<\/ul>\n\n\n\n<p>Fico a disposi\u00e7\u00e3o caso tenha alguma d\u00favida ou sugest\u00e3o. Nos vemos na pr\u00f3xima! At\u00e9 l\u00e1!<\/p>\n\n\n\n<div class=\"text-center\"><a href=\"http:\/\/material.nomus.com.br\/ebooklayout\" class=\"bannergerado\" target=\"_blank\"><img decoding=\"async\" id=\"BannerManual\" data-src=\"https:\/\/www.nomus.com.br\/blog-industrial\/wp-content\/uploads\/2019\/04\/banner-layout-industrial.jpg\" class=\"size-full bannerpadrao lazyload\" alt=\"Layout Industrial\" src=\"data:image\/svg+xml;base64,PHN2ZyB3aWR0aD0iMSIgaGVpZ2h0PSIxIiB4bWxucz0iaHR0cDovL3d3dy53My5vcmcvMjAwMC9zdmciPjwvc3ZnPg==\" style=\"--smush-placeholder-width: 650px; --smush-placeholder-aspect-ratio: 650\/260;\"><\/a><\/div>\n","protected":false},"excerpt":{"rendered":"<p>Escala de trabalho \u00e9 uma ferramenta fundamental para o bom funcionamento da rotina de uma empresa. Ela estrutura a jornada de trabalho dos colaboradores, configurando dias e hor\u00e1rios de expediente que supram as necessidades da empresa. O seu principal objetivo \u00e9 ter colaboradores dispon\u00edveis para realizar os trabalhos necess\u00e1rios em todos os dias e hor\u00e1rios [&hellip;]<\/p>\n","protected":false},"author":6,"featured_media":11032,"comment_status":"open","ping_status":"closed","sticky":false,"template":"","format":"standard","meta":{"_acf_changed":false,"footnotes":""},"categories":[3],"tags":[48],"class_list":["post-11023","post","type-post","status-publish","format-standard","has-post-thumbnail","hentry","category-processos-e-organizacao","tag-artigo"],"acf":[],"yoast_head":"\n<title>Escala de trabalho: o que \u00e9, tipos e como calcular a sua planilha<\/title>\n<meta name=\"description\" content=\"Veja dicas pr\u00e1ticas para montar uma escala de trabalho de alto desempenho para a sua empresa e assim aumentar a produtividade.\" \/>\n<meta name=\"robots\" content=\"index, follow, max-snippet:-1, max-image-preview:large, max-video-preview:-1\" \/>\n<link rel=\"canonical\" href=\"https:\/\/www.nomus.com.br\/blog-industrial\/escala-de-trabalho\/\" \/>\n<meta property=\"og:locale\" content=\"pt_BR\" \/>\n<meta property=\"og:type\" content=\"article\" \/>\n<meta property=\"og:title\" content=\"Escala de trabalho: o que \u00e9, tipos e como calcular a sua planilha\" \/>\n<meta property=\"og:description\" content=\"Veja dicas pr\u00e1ticas para montar uma escala de trabalho de alto desempenho para a sua empresa e assim aumentar a produtividade.\" \/>\n<meta property=\"og:url\" content=\"https:\/\/www.nomus.com.br\/blog-industrial\/escala-de-trabalho\/\" \/>\n<meta property=\"og:site_name\" content=\"Blog Industrial Nomus\" \/>\n<meta property=\"article:publisher\" content=\"https:\/\/www.facebook.com\/nomussoftwares\" \/>\n<meta property=\"article:published_time\" content=\"2020-09-09T10:05:00+00:00\" \/>\n<meta property=\"article:modified_time\" content=\"2026-02-19T10:44:15+00:00\" \/>\n<meta property=\"og:image\" content=\"https:\/\/www.nomus.com.br\/blog-industrial\/wp-content\/uploads\/2020\/09\/escala-de-trabalho.jpg\" \/>\n\t<meta property=\"og:image:width\" content=\"620\" \/>\n\t<meta property=\"og:image:height\" content=\"405\" \/>\n\t<meta property=\"og:image:type\" content=\"image\/jpeg\" \/>\n<meta name=\"author\" content=\"Thiago Le\u00e3o\" \/>\n<meta name=\"twitter:card\" content=\"summary_large_image\" \/>\n<meta name=\"twitter:title\" content=\"Escala de trabalho: o que \u00e9, tipos e como calcular a sua planilha\" \/>\n<meta name=\"twitter:description\" content=\"Veja dicas pr\u00e1ticas para montar uma escala de trabalho de alto desempenho para a sua empresa e assim aumentar a produtividade.\" \/>\n<meta name=\"twitter:image\" content=\"https:\/\/www.nomus.com.br\/blog-industrial\/wp-content\/uploads\/2020\/09\/escala-de-trabalho.jpg\" \/>\n<meta name=\"twitter:creator\" content=\"@nomusindustrial\" \/>\n<meta name=\"twitter:site\" content=\"@nomusindustrial\" \/>\n<meta name=\"twitter:label1\" content=\"Escrito por\" \/>\n\t<meta name=\"twitter:data1\" content=\"Thiago Le\u00e3o\" \/>\n\t<meta name=\"twitter:label2\" content=\"Est. tempo de leitura\" \/>\n\t<meta name=\"twitter:data2\" content=\"11 minutos\" \/>\n<script type=\"application\/ld+json\" class=\"yoast-schema-graph\">{\"@context\":\"https:\/\/schema.org\",\"@graph\":[{\"@type\":\"Article\",\"@id\":\"https:\/\/www.nomus.com.br\/blog-industrial\/escala-de-trabalho\/#article\",\"isPartOf\":{\"@id\":\"https:\/\/www.nomus.com.br\/blog-industrial\/escala-de-trabalho\/\"},\"author\":{\"name\":\"Thiago Le\u00e3o\",\"@id\":\"https:\/\/www.nomus.com.br\/blog-industrial\/#\/schema\/person\/115b0bd96126ef22c8d296ae68ecf70c\"},\"headline\":\"Escala de trabalho: o que \u00e9, tipos e como calcular a sua planilha\",\"datePublished\":\"2020-09-09T10:05:00+00:00\",\"dateModified\":\"2026-02-19T10:44:15+00:00\",\"mainEntityOfPage\":{\"@id\":\"https:\/\/www.nomus.com.br\/blog-industrial\/escala-de-trabalho\/\"},\"wordCount\":1920,\"commentCount\":1,\"image\":{\"@id\":\"https:\/\/www.nomus.com.br\/blog-industrial\/escala-de-trabalho\/#primaryimage\"},\"thumbnailUrl\":\"https:\/\/www.nomus.com.br\/blog-industrial\/wp-content\/uploads\/2020\/09\/escala-de-trabalho.jpg\",\"keywords\":[\"artigo\"],\"articleSection\":[\"Processos e Organiza\u00e7\u00e3o\"],\"inLanguage\":\"pt-BR\",\"potentialAction\":[{\"@type\":\"CommentAction\",\"name\":\"Comment\",\"target\":[\"https:\/\/www.nomus.com.br\/blog-industrial\/escala-de-trabalho\/#respond\"]}]},{\"@type\":\"WebPage\",\"@id\":\"https:\/\/www.nomus.com.br\/blog-industrial\/escala-de-trabalho\/\",\"url\":\"https:\/\/www.nomus.com.br\/blog-industrial\/escala-de-trabalho\/\",\"name\":\"Escala de trabalho: o que \u00e9, tipos e como calcular a sua planilha\",\"isPartOf\":{\"@id\":\"https:\/\/www.nomus.com.br\/blog-industrial\/#website\"},\"primaryImageOfPage\":{\"@id\":\"https:\/\/www.nomus.com.br\/blog-industrial\/escala-de-trabalho\/#primaryimage\"},\"image\":{\"@id\":\"https:\/\/www.nomus.com.br\/blog-industrial\/escala-de-trabalho\/#primaryimage\"},\"thumbnailUrl\":\"https:\/\/www.nomus.com.br\/blog-industrial\/wp-content\/uploads\/2020\/09\/escala-de-trabalho.jpg\",\"datePublished\":\"2020-09-09T10:05:00+00:00\",\"dateModified\":\"2026-02-19T10:44:15+00:00\",\"author\":{\"@id\":\"https:\/\/www.nomus.com.br\/blog-industrial\/#\/schema\/person\/115b0bd96126ef22c8d296ae68ecf70c\"},\"description\":\"Veja dicas pr\u00e1ticas para montar uma escala de trabalho de alto desempenho para a sua empresa e assim aumentar a produtividade.\",\"breadcrumb\":{\"@id\":\"https:\/\/www.nomus.com.br\/blog-industrial\/escala-de-trabalho\/#breadcrumb\"},\"inLanguage\":\"pt-BR\",\"potentialAction\":[{\"@type\":\"ReadAction\",\"target\":[\"https:\/\/www.nomus.com.br\/blog-industrial\/escala-de-trabalho\/\"]}]},{\"@type\":\"ImageObject\",\"inLanguage\":\"pt-BR\",\"@id\":\"https:\/\/www.nomus.com.br\/blog-industrial\/escala-de-trabalho\/#primaryimage\",\"url\":\"https:\/\/www.nomus.com.br\/blog-industrial\/wp-content\/uploads\/2020\/09\/escala-de-trabalho.jpg\",\"contentUrl\":\"https:\/\/www.nomus.com.br\/blog-industrial\/wp-content\/uploads\/2020\/09\/escala-de-trabalho.jpg\",\"width\":620,\"height\":405},{\"@type\":\"BreadcrumbList\",\"@id\":\"https:\/\/www.nomus.com.br\/blog-industrial\/escala-de-trabalho\/#breadcrumb\",\"itemListElement\":[{\"@type\":\"ListItem\",\"position\":1,\"name\":\"Blog Industrial Nomus\",\"item\":\"https:\/\/www.nomus.com.br\/blog-industrial\/\"},{\"@type\":\"ListItem\",\"position\":2,\"name\":\"Processos e Organiza\u00e7\u00e3o\",\"item\":\"https:\/\/www.nomus.com.br\/blog-industrial\/category\/processos-e-organizacao\/\"},{\"@type\":\"ListItem\",\"position\":3,\"name\":\"Escala de trabalho: o que \u00e9, tipos e como calcular a sua planilha\"}]},{\"@type\":\"WebSite\",\"@id\":\"https:\/\/www.nomus.com.br\/blog-industrial\/#website\",\"url\":\"https:\/\/www.nomus.com.br\/blog-industrial\/\",\"name\":\"Blog Industrial Nomus\",\"description\":\"Artigos, planilhas, ebooks e ferramentas de engenharia de produ\u00e7\u00e3o e para aumentar o lucro da sua f\u00e1brica\",\"potentialAction\":[{\"@type\":\"SearchAction\",\"target\":{\"@type\":\"EntryPoint\",\"urlTemplate\":\"https:\/\/www.nomus.com.br\/blog-industrial\/?s={search_term_string}\"},\"query-input\":{\"@type\":\"PropertyValueSpecification\",\"valueRequired\":true,\"valueName\":\"search_term_string\"}}],\"inLanguage\":\"pt-BR\"},{\"@type\":\"Person\",\"@id\":\"https:\/\/www.nomus.com.br\/blog-industrial\/#\/schema\/person\/115b0bd96126ef22c8d296ae68ecf70c\",\"name\":\"Thiago Le\u00e3o\",\"image\":{\"@type\":\"ImageObject\",\"inLanguage\":\"pt-BR\",\"@id\":\"https:\/\/www.nomus.com.br\/blog-industrial\/#\/schema\/person\/image\/\",\"url\":\"https:\/\/www.nomus.com.br\/blog-industrial\/wp-content\/uploads\/2025\/04\/cropped-1741898334313-96x96.jpg\",\"contentUrl\":\"https:\/\/www.nomus.com.br\/blog-industrial\/wp-content\/uploads\/2025\/04\/cropped-1741898334313-96x96.jpg\",\"caption\":\"Thiago Le\u00e3o\"},\"description\":\"Engenheiro Mec\u00e2nico Industrial formado na UERJ, S\u00f3cio e diretor comercial da Nomus. Thiago j\u00e1 atuou em f\u00e1bricas de diversos setores, como: Embarca\u00e7\u00f5es, perfura\u00e7\u00e3o submarina, metal mec\u00e2nica, materiais de escrit\u00f3rio, aliment\u00edcio, cosm\u00e9ticos e tubula\u00e7\u00e3o.\",\"sameAs\":[\"https:\/\/www.linkedin.com\/in\/engthiagoleao\/\"],\"url\":\"https:\/\/www.nomus.com.br\/blog-industrial\/author\/thiagoleao\/\"}]}<\/script>\n","yoast_head_json":{"title":"Escala de trabalho: o que \u00e9, tipos e como calcular a sua planilha","description":"Veja dicas pr\u00e1ticas para montar uma escala de trabalho de alto desempenho para a sua empresa e assim aumentar a produtividade.","robots":{"index":"index","follow":"follow","max-snippet":"max-snippet:-1","max-image-preview":"max-image-preview:large","max-video-preview":"max-video-preview:-1"},"canonical":"https:\/\/www.nomus.com.br\/blog-industrial\/escala-de-trabalho\/","og_locale":"pt_BR","og_type":"article","og_title":"Escala de trabalho: o que \u00e9, tipos e como calcular a sua planilha","og_description":"Veja dicas pr\u00e1ticas para montar uma escala de trabalho de alto desempenho para a sua empresa e assim aumentar a produtividade.","og_url":"https:\/\/www.nomus.com.br\/blog-industrial\/escala-de-trabalho\/","og_site_name":"Blog Industrial Nomus","article_publisher":"https:\/\/www.facebook.com\/nomussoftwares","article_published_time":"2020-09-09T10:05:00+00:00","article_modified_time":"2026-02-19T10:44:15+00:00","og_image":[{"width":620,"height":405,"url":"https:\/\/www.nomus.com.br\/blog-industrial\/wp-content\/uploads\/2020\/09\/escala-de-trabalho.jpg","type":"image\/jpeg"}],"author":"Thiago Le\u00e3o","twitter_card":"summary_large_image","twitter_title":"Escala de trabalho: o que \u00e9, tipos e como calcular a sua planilha","twitter_description":"Veja dicas pr\u00e1ticas para montar uma escala de trabalho de alto desempenho para a sua empresa e assim aumentar a produtividade.","twitter_image":"https:\/\/www.nomus.com.br\/blog-industrial\/wp-content\/uploads\/2020\/09\/escala-de-trabalho.jpg","twitter_creator":"@nomusindustrial","twitter_site":"@nomusindustrial","twitter_misc":{"Escrito por":"Thiago Le\u00e3o","Est. tempo de leitura":"11 minutos"},"schema":{"@context":"https:\/\/schema.org","@graph":[{"@type":"Article","@id":"https:\/\/www.nomus.com.br\/blog-industrial\/escala-de-trabalho\/#article","isPartOf":{"@id":"https:\/\/www.nomus.com.br\/blog-industrial\/escala-de-trabalho\/"},"author":{"name":"Thiago Le\u00e3o","@id":"https:\/\/www.nomus.com.br\/blog-industrial\/#\/schema\/person\/115b0bd96126ef22c8d296ae68ecf70c"},"headline":"Escala de trabalho: o que \u00e9, tipos e como calcular a sua planilha","datePublished":"2020-09-09T10:05:00+00:00","dateModified":"2026-02-19T10:44:15+00:00","mainEntityOfPage":{"@id":"https:\/\/www.nomus.com.br\/blog-industrial\/escala-de-trabalho\/"},"wordCount":1920,"commentCount":1,"image":{"@id":"https:\/\/www.nomus.com.br\/blog-industrial\/escala-de-trabalho\/#primaryimage"},"thumbnailUrl":"https:\/\/www.nomus.com.br\/blog-industrial\/wp-content\/uploads\/2020\/09\/escala-de-trabalho.jpg","keywords":["artigo"],"articleSection":["Processos e Organiza\u00e7\u00e3o"],"inLanguage":"pt-BR","potentialAction":[{"@type":"CommentAction","name":"Comment","target":["https:\/\/www.nomus.com.br\/blog-industrial\/escala-de-trabalho\/#respond"]}]},{"@type":"WebPage","@id":"https:\/\/www.nomus.com.br\/blog-industrial\/escala-de-trabalho\/","url":"https:\/\/www.nomus.com.br\/blog-industrial\/escala-de-trabalho\/","name":"Escala de trabalho: o que \u00e9, tipos e como calcular a sua planilha","isPartOf":{"@id":"https:\/\/www.nomus.com.br\/blog-industrial\/#website"},"primaryImageOfPage":{"@id":"https:\/\/www.nomus.com.br\/blog-industrial\/escala-de-trabalho\/#primaryimage"},"image":{"@id":"https:\/\/www.nomus.com.br\/blog-industrial\/escala-de-trabalho\/#primaryimage"},"thumbnailUrl":"https:\/\/www.nomus.com.br\/blog-industrial\/wp-content\/uploads\/2020\/09\/escala-de-trabalho.jpg","datePublished":"2020-09-09T10:05:00+00:00","dateModified":"2026-02-19T10:44:15+00:00","author":{"@id":"https:\/\/www.nomus.com.br\/blog-industrial\/#\/schema\/person\/115b0bd96126ef22c8d296ae68ecf70c"},"description":"Veja dicas pr\u00e1ticas para montar uma escala de trabalho de alto desempenho para a sua empresa e assim aumentar a produtividade.","breadcrumb":{"@id":"https:\/\/www.nomus.com.br\/blog-industrial\/escala-de-trabalho\/#breadcrumb"},"inLanguage":"pt-BR","potentialAction":[{"@type":"ReadAction","target":["https:\/\/www.nomus.com.br\/blog-industrial\/escala-de-trabalho\/"]}]},{"@type":"ImageObject","inLanguage":"pt-BR","@id":"https:\/\/www.nomus.com.br\/blog-industrial\/escala-de-trabalho\/#primaryimage","url":"https:\/\/www.nomus.com.br\/blog-industrial\/wp-content\/uploads\/2020\/09\/escala-de-trabalho.jpg","contentUrl":"https:\/\/www.nomus.com.br\/blog-industrial\/wp-content\/uploads\/2020\/09\/escala-de-trabalho.jpg","width":620,"height":405},{"@type":"BreadcrumbList","@id":"https:\/\/www.nomus.com.br\/blog-industrial\/escala-de-trabalho\/#breadcrumb","itemListElement":[{"@type":"ListItem","position":1,"name":"Blog Industrial Nomus","item":"https:\/\/www.nomus.com.br\/blog-industrial\/"},{"@type":"ListItem","position":2,"name":"Processos e Organiza\u00e7\u00e3o","item":"https:\/\/www.nomus.com.br\/blog-industrial\/category\/processos-e-organizacao\/"},{"@type":"ListItem","position":3,"name":"Escala de trabalho: o que \u00e9, tipos e como calcular a sua planilha"}]},{"@type":"WebSite","@id":"https:\/\/www.nomus.com.br\/blog-industrial\/#website","url":"https:\/\/www.nomus.com.br\/blog-industrial\/","name":"Blog Industrial Nomus","description":"Artigos, planilhas, ebooks e ferramentas de engenharia de produ\u00e7\u00e3o e para aumentar o lucro da sua f\u00e1brica","potentialAction":[{"@type":"SearchAction","target":{"@type":"EntryPoint","urlTemplate":"https:\/\/www.nomus.com.br\/blog-industrial\/?s={search_term_string}"},"query-input":{"@type":"PropertyValueSpecification","valueRequired":true,"valueName":"search_term_string"}}],"inLanguage":"pt-BR"},{"@type":"Person","@id":"https:\/\/www.nomus.com.br\/blog-industrial\/#\/schema\/person\/115b0bd96126ef22c8d296ae68ecf70c","name":"Thiago Le\u00e3o","image":{"@type":"ImageObject","inLanguage":"pt-BR","@id":"https:\/\/www.nomus.com.br\/blog-industrial\/#\/schema\/person\/image\/","url":"https:\/\/www.nomus.com.br\/blog-industrial\/wp-content\/uploads\/2025\/04\/cropped-1741898334313-96x96.jpg","contentUrl":"https:\/\/www.nomus.com.br\/blog-industrial\/wp-content\/uploads\/2025\/04\/cropped-1741898334313-96x96.jpg","caption":"Thiago Le\u00e3o"},"description":"Engenheiro Mec\u00e2nico Industrial formado na UERJ, S\u00f3cio e diretor comercial da Nomus. Thiago j\u00e1 atuou em f\u00e1bricas de diversos setores, como: Embarca\u00e7\u00f5es, perfura\u00e7\u00e3o submarina, metal mec\u00e2nica, materiais de escrit\u00f3rio, aliment\u00edcio, cosm\u00e9ticos e tubula\u00e7\u00e3o.","sameAs":["https:\/\/www.linkedin.com\/in\/engthiagoleao\/"],"url":"https:\/\/www.nomus.com.br\/blog-industrial\/author\/thiagoleao\/"}]}},"_links":{"self":[{"href":"https:\/\/www.nomus.com.br\/blog-industrial\/wp-json\/wp\/v2\/posts\/11023","targetHints":{"allow":["GET"]}}],"collection":[{"href":"https:\/\/www.nomus.com.br\/blog-industrial\/wp-json\/wp\/v2\/posts"}],"about":[{"href":"https:\/\/www.nomus.com.br\/blog-industrial\/wp-json\/wp\/v2\/types\/post"}],"author":[{"embeddable":true,"href":"https:\/\/www.nomus.com.br\/blog-industrial\/wp-json\/wp\/v2\/users\/6"}],"replies":[{"embeddable":true,"href":"https:\/\/www.nomus.com.br\/blog-industrial\/wp-json\/wp\/v2\/comments?post=11023"}],"version-history":[{"count":17,"href":"https:\/\/www.nomus.com.br\/blog-industrial\/wp-json\/wp\/v2\/posts\/11023\/revisions"}],"predecessor-version":[{"id":19576,"href":"https:\/\/www.nomus.com.br\/blog-industrial\/wp-json\/wp\/v2\/posts\/11023\/revisions\/19576"}],"wp:featuredmedia":[{"embeddable":true,"href":"https:\/\/www.nomus.com.br\/blog-industrial\/wp-json\/wp\/v2\/media\/11032"}],"wp:attachment":[{"href":"https:\/\/www.nomus.com.br\/blog-industrial\/wp-json\/wp\/v2\/media?parent=11023"}],"wp:term":[{"taxonomy":"category","embeddable":true,"href":"https:\/\/www.nomus.com.br\/blog-industrial\/wp-json\/wp\/v2\/categories?post=11023"},{"taxonomy":"post_tag","embeddable":true,"href":"https:\/\/www.nomus.com.br\/blog-industrial\/wp-json\/wp\/v2\/tags?post=11023"}],"curies":[{"name":"wp","href":"https:\/\/api.w.org\/{rel}","templated":true}]}}